{"id":217669,"date":"2026-01-19T20:38:49","date_gmt":"2026-01-20T00:38:49","guid":{"rendered":"https:\/\/www.elsinodaldetamaulipas.com.mx\/?p=217669"},"modified":"2026-01-19T20:38:49","modified_gmt":"2026-01-20T00:38:49","slug":"el-ejercicio-criminal-de-autoridad-en-altamira","status":"publish","type":"post","link":"https:\/\/www.elsinodaldetamaulipas.com.mx\/?p=217669","title":{"rendered":"EL EJERCICIO CRIMINAL DE AUTORIDAD EN ALTAMIRA"},"content":{"rendered":"<p>Jos\u00e9 \u00c1ngel Solorio Mart\u00ednez<\/p>\n<p>Parece irreal.<br \/>\nPero no lo es.<br \/>\n\u00bfSe imaginan, que dos ni\u00f1as mueran calcinadas en un incendio dom\u00e9stico en tanto la unidad de bomberos -flamante, por cierto, reci\u00e9n donada- sea exhibida en la explanada de la presidencia municipal como atracci\u00f3n tur\u00edstica?<br \/>\nS\u00ed. Lamentablemente es cierto. Pas\u00f3 en Altamira, que es gobernada por el morenista Armando Mart\u00ednez Manr\u00edquez.<br \/>\nLas peque\u00f1as, Michelle y Karime de 5 y 3 a\u00f1os, respectivamente, perdieron la vida durante su sue\u00f1o mientras su madre los hab\u00eda dejado solas para solventar su gastos lavando y planchando en colonias vecinas.<br \/>\nSe atribuye a un corto circuito el siniestro.<br \/>\nObvio: hay indignaci\u00f3n en el pueblo por la irresponsabilidad, la conducta fr\u00edvola y criminal del alcalde.<br \/>\nEl cami\u00f3n de los tragahumo, fue donado por PEMEX apenas en diciembre pasado. Para darlo a conocer el jefe edilicio realiz\u00f3 un evento p\u00fablico en donde mostr\u00f3 a la ciudadan\u00eda la adquisici\u00f3n de la alcald\u00eda para seguridad (\u00bf?) de los altamirenses.<br \/>\nCentenares de ciudadanos pasaron a la presidencia a tomarse la foto con la impresionante m\u00e1quina para combatir quemazones.<br \/>\nLleg\u00f3 tarde al incendio que acab\u00f3 con las vidas de Karime y Michelle.<br \/>\nLas v\u00edctimas fueron rescatadas con vida. Las heridas que sufrieron eran de tercer grado, por lo que a las pocas horas fallecieron.<br \/>\nNada pudieron hacer los m\u00e9dicos del hospital Canseco en Tampico, ante la gravedad de las lesiones.<br \/>\n\u00bfQu\u00e9 autoridades deben intervenir en el caso?<br \/>\n\u00bfQui\u00e9n tiene el peso de llevar una investigaci\u00f3n a fondo de esta tragedia?<br \/>\n\u00bfTiene responsabilidades el alcalde por omisi\u00f3n?<br \/>\nAlguien debe responder a tantas interrogantes que brotan por lo desgarrador de los hechos.<br \/>\nDespu\u00e9s del drama, siguen los actos de expiaci\u00f3n de la autoridad municipal: condolencias, donaciones para la familia, atenciones del DIF para los deudos.<br \/>\nComo si todo ello fuese a devolver la vida de las peque\u00f1as y reconfortara a los padres por su p\u00e9rdida.<br \/>\nPocas veces hemos visto que la autoridad municipal, ejerza de manera tan tr\u00e1gica su poder. Armando parece trabajar para el oropel; no para resolver problemas ciudadanos. \u00bfQu\u00e9 objetivo tiene el presumir un impecable cami\u00f3n de bomberos, en tanto los olvidados ven convertirse en cenizas sus sue\u00f1os?<br \/>\nLa \u00e9tica morenista se est\u00e1 derrumbando en el sur: Madero, Tampico y Altamira, que en un tiempo fue el orgullo de la IV T y su Segundo Piso, est\u00e1 aceleradamente pudri\u00e9ndose.<br \/>\nY al parecer, en ese regresivo fen\u00f3meno, est\u00e1 haciendo punta el alcalde Armando Mart\u00ednez Manr\u00edquez.<\/p>\n","protected":false},"excerpt":{"rendered":"<p>Jos\u00e9 \u00c1ngel Solorio Mart\u00ednez Parece irreal. Pero no lo es. \u00bfSe imaginan, que dos ni\u00f1as mueran calcinadas en un incendio dom\u00e9stico en tanto la unidad de bomberos -flamante, por cierto, reci\u00e9n donada- sea exhibida en la explanada de la presidencia municipal como atracci\u00f3n tur\u00edstica? S\u00ed. Lamentablemente es cierto. Pas\u00f3 en Altamira, que es gobernada por [&hellip;]<\/p>\n","protected":false},"author":1,"featured_media":216283,"comment_status":"closed","ping_status":"closed","sticky":false,"template":"","format":"standard","meta":{"footnotes":""},"categories":[16],"tags":[],"class_list":["post-217669","post","type-post","status-publish","format-standard","has-post-thumbnail","hentry","category-opinion"],"_links":{"self":[{"href":"https:\/\/www.elsinodaldetamaulipas.com.mx\/index.php?rest_route=\/wp\/v2\/posts\/217669","targetHints":{"allow":["GET"]}}],"collection":[{"href":"https:\/\/www.elsinodaldetamaulipas.com.mx\/index.php?rest_route=\/wp\/v2\/posts"}],"about":[{"href":"https:\/\/www.elsinodaldetamaulipas.com.mx\/index.php?rest_route=\/wp\/v2\/types\/post"}],"author":[{"embeddable":true,"href":"https:\/\/www.elsinodaldetamaulipas.com.mx\/index.php?rest_route=\/wp\/v2\/users\/1"}],"replies":[{"embeddable":true,"href":"https:\/\/www.elsinodaldetamaulipas.com.mx\/index.php?rest_route=%2Fwp%2Fv2%2Fcomments&post=217669"}],"version-history":[{"count":1,"href":"https:\/\/www.elsinodaldetamaulipas.com.mx\/index.php?rest_route=\/wp\/v2\/posts\/217669\/revisions"}],"predecessor-version":[{"id":217670,"href":"https:\/\/www.elsinodaldetamaulipas.com.mx\/index.php?rest_route=\/wp\/v2\/posts\/217669\/revisions\/217670"}],"wp:featuredmedia":[{"embeddable":true,"href":"https:\/\/www.elsinodaldetamaulipas.com.mx\/index.php?rest_route=\/wp\/v2\/media\/216283"}],"wp:attachment":[{"href":"https:\/\/www.elsinodaldetamaulipas.com.mx\/index.php?rest_route=%2Fwp%2Fv2%2Fmedia&parent=217669"}],"wp:term":[{"taxonomy":"category","embeddable":true,"href":"https:\/\/www.elsinodaldetamaulipas.com.mx\/index.php?rest_route=%2Fwp%2Fv2%2Fcategories&post=217669"},{"taxonomy":"post_tag","embeddable":true,"href":"https:\/\/www.elsinodaldetamaulipas.com.mx\/index.php?rest_route=%2Fwp%2Fv2%2Ftags&post=217669"}],"curies":[{"name":"wp","href":"https:\/\/api.w.org\/{rel}","templated":true}]}}