{"id":217677,"date":"2026-01-19T21:21:52","date_gmt":"2026-01-20T01:21:52","guid":{"rendered":"https:\/\/www.elsinodaldetamaulipas.com.mx\/?p=217677"},"modified":"2026-01-19T21:21:52","modified_gmt":"2026-01-20T01:21:52","slug":"ingenieros-del-caos","status":"publish","type":"post","link":"https:\/\/www.elsinodaldetamaulipas.com.mx\/?p=217677","title":{"rendered":"INGENIEROS DEL CAOS"},"content":{"rendered":"<p><strong><em>Ponles atenci\u00f3n y miraos<\/em><\/strong><\/p>\n<p><strong><em>a perversos destructores,<\/em><\/strong><\/p>\n<p><strong><em>son c\u00e1usticos \u2018odiadores\u2019<\/em><\/strong><\/p>\n<p><strong><em>son ingenieros del caos\u2026<\/em><\/strong><\/p>\n<p><strong><em>\u00a0<\/em><\/strong><\/p>\n<p><strong><em>Am\u00e9rico as\u00ed ha llamado<\/em><\/strong><\/p>\n<p><strong><em>a quien s\u00f3lo con falacias<\/em><\/strong><\/p>\n<p><strong><em>y a punta de arrogancias<\/em><\/strong><\/p>\n<p><strong><em>desacreditan lo alcanzado\u2026<\/em><\/strong><\/p>\n<p>&nbsp;<\/p>\n<p><strong>+SINERGIA\u2026<\/strong> El rector de la Universidad Aut\u00f3noma de Tamaulipas (UAT), <strong>D\u00c1MASO ANAYA ALVARADO<\/strong>, y la alcaldesa, <strong>CARMEN LILIA CANTUROSAS VILLARREAL<\/strong>, reafirmaron el compromiso de fortalecer la infraestructura educativa, en este municipio fronterizo, mediante la entrega de obras en la Preparatoria UAT Campus Nuevo Laredo.<\/p>\n<p>La entrega, realizada en el marco de la apertura del ciclo escolar 2026-1 de la UAT, incluy\u00f3 la techumbre monumental, dise\u00f1ada para proteger a los estudiantes de las inclemencias del tiempo durante sus actividades al aire libre; as\u00ed como el estacionamiento, destinado a mejorar la movilidad y el orden dentro del plantel.<\/p>\n<p><strong>D\u00c1MASO ANAYA<\/strong> destac\u00f3 que la entrega de esta infraestructura es reflejo de una visi\u00f3n coincidente entre la Universidad y el Gobierno Municipal que preside <strong>CANTUROSAS VILLARREAL<\/strong>, en donde la educaci\u00f3n se asume como un eje estrat\u00e9gico para el desarrollo social y la construcci\u00f3n de mejores condiciones de vida.<\/p>\n<p>Por su parte, la alcaldesa <strong>CARMEN LILIA<\/strong>, reafirm\u00f3 el compromiso con la educaci\u00f3n y la creaci\u00f3n de oportunidades para las nuevas generaciones, al subrayar que esta obra responde a una pol\u00edtica p\u00fablica orientada a fortalecer la infraestructura educativa y a garantizar espacios adecuados que promuevan el desarrollo integral de las y los j\u00f3venes\u2026 \u00a1<strong><em>Enhorabuena<\/em><\/strong>!<\/p>\n<p><strong>++LO SIGUIENTE, NADA QUE VER CON LO ANTERIOR\u2026<\/strong> Dos frases quedan \u201ccomo anillo al dedo\u201d en la funci\u00f3n p\u00fablica de Tamaulipas: la primera: (1) <em>Es m\u00e1s f\u00e1cil destruir que construir<\/em>\u2026 y\u2026 (2) <em>No s\u00f3lo hay que poner el huevo, sino cacarearlo<\/em>.<\/p>\n<p>Con relaci\u00f3n a la primera, ha quedado m\u00e1s que evidente que el Gobierno de Tamaulipas, comandado por <strong>AM\u00c9RICO VILLARREAL ANAYA<\/strong>, ha sido severamente bombardeado por diversos \u201cclicas\u201d, \u201cclanes\u201d y grup\u00fasculos pol\u00edticos\u2026 \u00a1<strong><em>Zaaas culebra<\/em><\/strong>!<\/p>\n<p>La idea es destruir todo lo que hasta el momento ha edificado el Mandatario tamaulipeco o por lo menos tratar de acallar, minimizar u opacar el brillo que emite su Gobierno en donde se aplica la frase: \u201c<em>es m\u00e1s f\u00e1cil destruir, que construir<\/em>\u201d\u2026 \u00a1<strong><em>Santas Batichingaderas<\/em><\/strong>!<\/p>\n<p>La segunda frase: \u201c<em>No s\u00f3lo hay que poner el huevo, sino cacarearlo<\/em>\u201d, es lo que <strong>AM\u00c9RICO<\/strong> ha venido convocando a los integrantes de la funci\u00f3n p\u00fablica, sobre la necesidad de visibilizar el trabajo que se viene realizando y los resultados positivos alcanzados, para que no sean desvirtuados\u2026 Es decir, no s\u00f3lo hay que hacer bien la chamba, dar resultados, sino que se debe dar a conocer.<\/p>\n<p>No hay que olvidar que: \u201c<em>La mujer del C\u00e9sar no s\u00f3lo debe ser honesta, sino tambi\u00e9n parecerlo<\/em>\u201d; es decir que el Gobierno de <strong>AM\u00c9RICO VILLARREAL ANAYA<\/strong> no s\u00f3lo debe ser rentable, proactivo y humanista, sino tambi\u00e9n parecerlo\u2026 \u00a1<strong><em>Santas Baticlaridades<\/em><\/strong>!<\/p>\n<p>Todo lo anterior viene a cuento, porque la ma\u00f1ana de este lunes, durante los Honores al L\u00e1baro Patrio, <strong>AM\u00c9RICO<\/strong> hizo un llamado claro y contundente a todos los integrantes de los tres poderes del Estado, para que trabajen en unidad y exista un di\u00e1logo que s\u00f3lo sirva para favorecer a las y los tamaulipecos, \u201c<em>manteniendo la proximidad con el pueblo al que se deben<\/em>\u201d.<\/p>\n<p>All\u00ed, el jefe del Ejecutivo Estatal, frente a los poderes Legislativo y Judicial, reconoci\u00f3 la importancia de \u201ccacarear el huevo, luego de ponerlo\u201d, llam\u00f3 a que se visibilice el trabajo que se realiza y los resultados positivos.<\/p>\n<p><strong>AM\u00c9RICO<\/strong> prev\u00e9 que el visualizar el trabajo evitar\u00e1 que los resultados sean desvirtuados por los que, con una apocal\u00edptica narrativa, aseguran que Tamaulipas camina para atr\u00e1s en seguridad p\u00fablica, infraestructura carretera y portuaria, as\u00ed como en la disminuci\u00f3n de la pobreza.<\/p>\n<p>Ya no vale la pena gastar tinta y papel o espacio digital para mencionar los nombre y apellidos de quienes tienen mucha prisa por hacer creer a los tamaulipecos que el gobierno de<strong> AM\u00c9RICO<\/strong> es inoperante, cuando ha demostrado todo lo contrario, pues la Administraci\u00f3n estatal pugna por el bienestar de la ciudadan\u00eda, incluso de aqu\u00e9llos que no comulgan con los colores guindos de Morena.<\/p>\n<p><strong>AM\u00c9RICO<\/strong> los llam\u00f3 por lo que son: \u201c<em>los ingenieros del caos<\/em>\u201d; a todos los que se incomodan porque Tamaulipas est\u00e1 vivo, caminando, avanzando, desarroll\u00e1ndose y creciendo de la mano de un Gobierno humanista y transformador.<\/p>\n<p>A esos \u201c<em>ingenieros del caos<\/em>\u201d le salen \u00e1mpulas en los ojos al ver el avance en materia de bienestar social y justicia, as\u00ed como una mejor distribuci\u00f3n de la riqueza que vive Tamaulipas, por ello <strong>AM\u00c9RICO<\/strong> pidi\u00f3: \u201c<em>Que los medios y las redes sociales no sean cooptados por las p\u00e1ginas pagadas por los \u2018ingenieros del caos\u2019, que buscan, con estas publicaciones, generar emociones negativas en base a las calumnias y mentiras que difunden<\/em>\u201d.<\/p>\n<p><strong>AM\u00c9RICO<\/strong> no falta a la verdad, ni tampoco se aleja de la realidad, cuando advierte que cada que Tamaulipas presenta avances con datos duros y reconocimientos de diversas instancias, un ej\u00e9rcito de \u201cdesacreditadores\u201d, \u201codiadores\u201d y \u201cdestructores\u201d son activados en redes sociales para diseminar informaci\u00f3n negativa, con el fin de destruir lo construido\u2026 \u00a1<strong><em>Ay nanita<\/em><\/strong>!<\/p>\n<p>Los n\u00fameros son fr\u00edos y no mienten; por ello los n\u00fameros dan credibilidad a las palabras de <strong>AM\u00c9RICO<\/strong> sobre el avance que vive Tamaulipas a trav\u00e9s de un Gobierno responsable y comprometido con la justicia social, como es el que comanda.<\/p>\n<p>Por ello, los \u201c<em>ingenieros del caos<\/em>\u201d nunca duermen, nunca descansan y, por el contrario, siempre est\u00e1n activos para desacreditar a un Gobierno que ha venido demostrando que, con voluntad y trabajo, se puede combatir la pobreza y fomentar el desarrollo\u2026 \u00a1<strong><em>Ostias t\u00edo de la Virgen santa<\/em><\/strong>!<\/p>\n<p>El alcalde de Reynosa, <strong>CARLOS PE\u00d1A ORTIZ<\/strong>, que comanda un Gobierno municipal imparable, ha venido mejorando la calidad de vida de la poblaci\u00f3n a trav\u00e9s de obras funcionales.<\/p>\n<p>Prueba de ello es la pavimentaci\u00f3n hidr\u00e1ulica en Lomas del Villar, donde la se\u00f1ora <strong>LUCERO RODR\u00cdGUEZ DE LA CRUZ<\/strong> a nombre de todos los habitantes, coment\u00f3: \u201c<em>La inauguraci\u00f3n de esta obra representa el anhelo de ver mejorar el lugar donde viven nuestras familias, donde construimos nuestro hogar, por eso hoy agradecemos sinceramente al alcalde <strong>Carlos Pe\u00f1a Ortiz<\/strong> por haber escuchado esta petici\u00f3n y hacer realidad la pavimentaci\u00f3n de la calle Ingenieros<\/em>\u201d.<\/p>\n<p>Cabe destacar que esta obra gestionada, proyectada y ejecutada por el alcalde <strong>PE\u00d1A ORTIZ<\/strong>, beneficia de manera directa a m\u00e1s de mil habitantes, a quienes les permitir\u00e1 una movilidad m\u00e1s fluida y segura.<\/p>\n<p>Adem\u00e1s, el alcalde de Ciudad Victoria, <strong>EDUARDO GATT\u00c1S B\u00c1EZ<\/strong>, confirm\u00f3 que su Gobierno prepara el Plan Municipal de Obra P\u00fablica 2026, que incluye una inversi\u00f3n municipal y federal de 180 millones de pesos en 40 proyectos de vialidad, infraestructura urbana y social.<\/p>\n<p><strong>LALO GATT\u00c1S<\/strong> abund\u00f3 al se\u00f1alar que el Plan de Obra P\u00fablica contempla la rehabilitaci\u00f3n de vialidades, acceso a colonias, mejora de la red de agua potable, drenaje, alcantarillado, espacios educativos y cuartos dormitorio para familias en situaci\u00f3n de marginaci\u00f3n.<\/p>\n<p>El alcalde de Victoria tuvo eco al convocar a esta reuni\u00f3n a los secretarios de Obras P\u00fablicas, <strong>EUSEBIO ALFARO REYNA<\/strong>; del Ayuntamiento, <strong>HUGO RES\u00c9NDEZ SILVA<\/strong>; y coordinador de Plan de Bacheo, <strong>JORGE BELLO M\u00c9NDEZ<\/strong>, quien encabez\u00f3 la revisi\u00f3n de la propuesta de acciones que presentar\u00e1 a la comisi\u00f3n del Cabildo local. \u2026 \u00a1<strong><em>Enhorabuena<\/em><\/strong>!<\/p>\n<p><strong>GRACIAS\u2026<\/strong> Nos leemos hasta ma\u00f1ana<\/p>\n<p><strong>COMENTARIOS:<\/strong> <a href=\"mailto:letrasprohibidas2011@hotmail.com\">letrasprohibidas2011@hotmail.com<\/a><\/p>\n","protected":false},"excerpt":{"rendered":"<p>Ponles atenci\u00f3n y miraos a perversos destructores, son c\u00e1usticos \u2018odiadores\u2019 son ingenieros del caos\u2026 \u00a0 Am\u00e9rico as\u00ed ha llamado a quien s\u00f3lo con falacias y a punta de arrogancias desacreditan lo alcanzado\u2026 &nbsp; +SINERGIA\u2026 El rector de la Universidad Aut\u00f3noma de Tamaulipas (UAT), D\u00c1MASO ANAYA ALVARADO, y la alcaldesa, CARMEN LILIA CANTUROSAS VILLARREAL, reafirmaron el [&hellip;]<\/p>\n","protected":false},"author":1,"featured_media":216587,"comment_status":"closed","ping_status":"closed","sticky":false,"template":"","format":"standard","meta":{"footnotes":""},"categories":[16],"tags":[],"class_list":["post-217677","post","type-post","status-publish","format-standard","has-post-thumbnail","hentry","category-opinion"],"_links":{"self":[{"href":"https:\/\/www.elsinodaldetamaulipas.com.mx\/index.php?rest_route=\/wp\/v2\/posts\/217677","targetHints":{"allow":["GET"]}}],"collection":[{"href":"https:\/\/www.elsinodaldetamaulipas.com.mx\/index.php?rest_route=\/wp\/v2\/posts"}],"about":[{"href":"https:\/\/www.elsinodaldetamaulipas.com.mx\/index.php?rest_route=\/wp\/v2\/types\/post"}],"author":[{"embeddable":true,"href":"https:\/\/www.elsinodaldetamaulipas.com.mx\/index.php?rest_route=\/wp\/v2\/users\/1"}],"replies":[{"embeddable":true,"href":"https:\/\/www.elsinodaldetamaulipas.com.mx\/index.php?rest_route=%2Fwp%2Fv2%2Fcomments&post=217677"}],"version-history":[{"count":1,"href":"https:\/\/www.elsinodaldetamaulipas.com.mx\/index.php?rest_route=\/wp\/v2\/posts\/217677\/revisions"}],"predecessor-version":[{"id":217678,"href":"https:\/\/www.elsinodaldetamaulipas.com.mx\/index.php?rest_route=\/wp\/v2\/posts\/217677\/revisions\/217678"}],"wp:featuredmedia":[{"embeddable":true,"href":"https:\/\/www.elsinodaldetamaulipas.com.mx\/index.php?rest_route=\/wp\/v2\/media\/216587"}],"wp:attachment":[{"href":"https:\/\/www.elsinodaldetamaulipas.com.mx\/index.php?rest_route=%2Fwp%2Fv2%2Fmedia&parent=217677"}],"wp:term":[{"taxonomy":"category","embeddable":true,"href":"https:\/\/www.elsinodaldetamaulipas.com.mx\/index.php?rest_route=%2Fwp%2Fv2%2Fcategories&post=217677"},{"taxonomy":"post_tag","embeddable":true,"href":"https:\/\/www.elsinodaldetamaulipas.com.mx\/index.php?rest_route=%2Fwp%2Fv2%2Ftags&post=217677"}],"curies":[{"name":"wp","href":"https:\/\/api.w.org\/{rel}","templated":true}]}}