{"id":217679,"date":"2026-01-19T21:56:17","date_gmt":"2026-01-20T01:56:17","guid":{"rendered":"https:\/\/www.elsinodaldetamaulipas.com.mx\/?p=217679"},"modified":"2026-01-19T21:57:04","modified_gmt":"2026-01-20T01:57:04","slug":"movimiento-ciudadano-exige-informe-de-retenes","status":"publish","type":"post","link":"https:\/\/www.elsinodaldetamaulipas.com.mx\/?p=217679","title":{"rendered":"MOVIMIENTO CIUDADANO EXIGE INFORME DE RETENES"},"content":{"rendered":"<p><em>EL SINODAL DE TAMAULIPAS<\/em><\/p>\n<p>Ciudad Victoria, Tamaulipas. La fracci\u00f3n parlamentaria de Movimiento Ciudadano en el Congreso del Estado solicit\u00f3 un informe detallado sobre los resultados de los retenes militares instalados en Tamaulipas, particularmente durante el mes de diciembre, periodo de alta movilidad y actividad econ\u00f3mica.<\/p>\n<p>&nbsp;<\/p>\n<p>A trav\u00e9s de una Iniciativa de Punto de Acuerdo, MC exhort\u00f3 a la Secretar\u00eda de la Defensa Nacional a rendir un reporte sobre los Puestos de Control Estrat\u00e9gicos ubicados en el Ejido Las Comas, carretera Victoria\u2013San Fernando, y en el Ejido Oyama, carretera Victoria\u2013Monterrey.<\/p>\n<p>&nbsp;<\/p>\n<p>Si bien se reconoce la importancia de estos retenes para la seguridad, la bancada se\u00f1al\u00f3 la necesidad de evaluar su efectividad, ya que sectores productivos y ciudadanos han manifestado afectaciones por los retrasos prolongados en los puntos de revisi\u00f3n.<\/p>\n<p>&nbsp;<\/p>\n<p>Movimiento Ciudadano reiter\u00f3 que la transparencia y la revisi\u00f3n de la estrategia son indispensables para garantizar seguridad sin afectar el desarrollo econ\u00f3mico ni la movilidad de las y los tamaulipecos.<\/p>\n","protected":false},"excerpt":{"rendered":"<p>EL SINODAL DE TAMAULIPAS Ciudad Victoria, Tamaulipas. La fracci\u00f3n parlamentaria de Movimiento Ciudadano en el Congreso del Estado solicit\u00f3 un informe detallado sobre los resultados de los retenes militares instalados en Tamaulipas, particularmente durante el mes de diciembre, periodo de alta movilidad y actividad econ\u00f3mica. &nbsp; A trav\u00e9s de una Iniciativa de Punto de Acuerdo, [&hellip;]<\/p>\n","protected":false},"author":1,"featured_media":217680,"comment_status":"closed","ping_status":"closed","sticky":false,"template":"","format":"standard","meta":{"footnotes":""},"categories":[1,2],"tags":[],"class_list":["post-217679","post","type-post","status-publish","format-standard","has-post-thumbnail","hentry","category-portada","category-reynosa"],"_links":{"self":[{"href":"https:\/\/www.elsinodaldetamaulipas.com.mx\/index.php?rest_route=\/wp\/v2\/posts\/217679","targetHints":{"allow":["GET"]}}],"collection":[{"href":"https:\/\/www.elsinodaldetamaulipas.com.mx\/index.php?rest_route=\/wp\/v2\/posts"}],"about":[{"href":"https:\/\/www.elsinodaldetamaulipas.com.mx\/index.php?rest_route=\/wp\/v2\/types\/post"}],"author":[{"embeddable":true,"href":"https:\/\/www.elsinodaldetamaulipas.com.mx\/index.php?rest_route=\/wp\/v2\/users\/1"}],"replies":[{"embeddable":true,"href":"https:\/\/www.elsinodaldetamaulipas.com.mx\/index.php?rest_route=%2Fwp%2Fv2%2Fcomments&post=217679"}],"version-history":[{"count":1,"href":"https:\/\/www.elsinodaldetamaulipas.com.mx\/index.php?rest_route=\/wp\/v2\/posts\/217679\/revisions"}],"predecessor-version":[{"id":217681,"href":"https:\/\/www.elsinodaldetamaulipas.com.mx\/index.php?rest_route=\/wp\/v2\/posts\/217679\/revisions\/217681"}],"wp:featuredmedia":[{"embeddable":true,"href":"https:\/\/www.elsinodaldetamaulipas.com.mx\/index.php?rest_route=\/wp\/v2\/media\/217680"}],"wp:attachment":[{"href":"https:\/\/www.elsinodaldetamaulipas.com.mx\/index.php?rest_route=%2Fwp%2Fv2%2Fmedia&parent=217679"}],"wp:term":[{"taxonomy":"category","embeddable":true,"href":"https:\/\/www.elsinodaldetamaulipas.com.mx\/index.php?rest_route=%2Fwp%2Fv2%2Fcategories&post=217679"},{"taxonomy":"post_tag","embeddable":true,"href":"https:\/\/www.elsinodaldetamaulipas.com.mx\/index.php?rest_route=%2Fwp%2Fv2%2Ftags&post=217679"}],"curies":[{"name":"wp","href":"https:\/\/api.w.org\/{rel}","templated":true}]}}