{"id":217682,"date":"2026-01-19T21:59:33","date_gmt":"2026-01-20T01:59:33","guid":{"rendered":"https:\/\/www.elsinodaldetamaulipas.com.mx\/?p=217682"},"modified":"2026-01-19T21:59:33","modified_gmt":"2026-01-20T01:59:33","slug":"la-primera-del-ano","status":"publish","type":"post","link":"https:\/\/www.elsinodaldetamaulipas.com.mx\/?p=217682","title":{"rendered":"LA PRIMERA DEL A\u00d1O"},"content":{"rendered":"<p>TINTA NEGRA<br \/>\nAlfredo Guevara<\/p>\n<p>El gobernador AM\u00c9RICO VILLARREAL ANAYA confirm\u00f3 la visita de la presidenta CLAUDIA SHEINBAUM a la Capital del Estado, la cual ser\u00e1 la primera en este 2026.<br \/>\nY aunque apenas est\u00e1n definiendo los temas a tratar, diremos que la presidenta supervisar\u00e1 el avance de la construcci\u00f3n para la segunda l\u00ednea del acueducto, de la presa Vicente Guerrero a esta Ciudad.<br \/>\nLa visita de SHEINBAUM, forma parte de un recorrido que inici\u00f3 por varias entidades del pa\u00eds, donde supervisa proyectos y constata el avance de los trabajos, como ahora lo har\u00e1 en Tamaulipas.<br \/>\nLa visita de la presidenta del pa\u00eds ser\u00e1 este s\u00e1bado y el gobernador VILLARREAL ANAYA tendr\u00e1 el tiempo suficiente para dar a conocer las obras y acciones que se realizan en esta Capital.<br \/>\nPor cierto, el mandatario presidi\u00f3 la ceremonia c\u00edvica de honores en el estacionamiento del Congreso local, a una temperatura de por lo menos seis grados cent\u00edgrados, aunque con el paso de los minutos mejor\u00f3.<br \/>\nEn su mensaje, pidi\u00f3 no hacer caso a rumores y especulaciones sobre el tema de seguridad, sobre todo, por quienes s\u00f3lo buscan desprestigiar el trabajo de la administraci\u00f3n estatal, se\u00f1alando problemas de inseguridad.<br \/>\nAM\u00c9RICO cit\u00f3 que los avances que se tiene en el Estado, son n\u00fameros que maneja el Secretariado Ejecutivo del Sistema Nacional de Seguridad P\u00fablica, donde se plasma entre otras cosas, la disminuci\u00f3n en el n\u00famero de homicidios dolosos y otros delitos, cuyo \u00edndice ha venido a la baja.<br \/>\nPosterior a la ceremonia, el gobernador ingres\u00f3 al edificio del Congreso local, donde inaugur\u00f3 el museo legislativo, que entre otras cosas, resguarda y difunde la memoria hist\u00f3rica de la representaci\u00f3n popular.<br \/>\nEn el recorrido por im\u00e1genes y otra serie de acervo hist\u00f3rico, cultural y c\u00edvico, anduvo el presidente de la Junta de Gobierno HUMBERTO PRIETO HERRERA, adem\u00e1s de otros legisladores locales.<br \/>\n2.- Ya por \u00faltimo, diremos que este d\u00eda se realiza el primer foro de la participaci\u00f3n de la mujer en la ganader\u00eda de Tamaulipas, donde rendir\u00e1 protesta el Comit\u00e9 Directivo.<br \/>\nA este foro se confirm\u00f3 la presencia del presidente de la Confederaci\u00f3n Nacional Ganadera HOMERO GARC\u00cdA DE LA LLATA y de la Uni\u00f3n Ganadera Regional en Tamaulipas JOS\u00c9 GUERRERO GAMBOA.<br \/>\nDesde luego que uno de los temas que sin duda se abordar\u00e1 por parte de quienes representan a los ganaderos, es el que tiene que ver con el gusano barrenador, cuyo n\u00famero de casos, lejos de disminuir, siguen apareciendo. EN FIN.<br \/>\nalfredoguevara0@gmail.com<\/p>\n","protected":false},"excerpt":{"rendered":"<p>TINTA NEGRA Alfredo Guevara El gobernador AM\u00c9RICO VILLARREAL ANAYA confirm\u00f3 la visita de la presidenta CLAUDIA SHEINBAUM a la Capital del Estado, la cual ser\u00e1 la primera en este 2026. Y aunque apenas est\u00e1n definiendo los temas a tratar, diremos que la presidenta supervisar\u00e1 el avance de la construcci\u00f3n para la segunda l\u00ednea del acueducto, [&hellip;]<\/p>\n","protected":false},"author":1,"featured_media":216286,"comment_status":"closed","ping_status":"closed","sticky":false,"template":"","format":"standard","meta":{"footnotes":""},"categories":[16],"tags":[],"class_list":["post-217682","post","type-post","status-publish","format-standard","has-post-thumbnail","hentry","category-opinion"],"_links":{"self":[{"href":"https:\/\/www.elsinodaldetamaulipas.com.mx\/index.php?rest_route=\/wp\/v2\/posts\/217682","targetHints":{"allow":["GET"]}}],"collection":[{"href":"https:\/\/www.elsinodaldetamaulipas.com.mx\/index.php?rest_route=\/wp\/v2\/posts"}],"about":[{"href":"https:\/\/www.elsinodaldetamaulipas.com.mx\/index.php?rest_route=\/wp\/v2\/types\/post"}],"author":[{"embeddable":true,"href":"https:\/\/www.elsinodaldetamaulipas.com.mx\/index.php?rest_route=\/wp\/v2\/users\/1"}],"replies":[{"embeddable":true,"href":"https:\/\/www.elsinodaldetamaulipas.com.mx\/index.php?rest_route=%2Fwp%2Fv2%2Fcomments&post=217682"}],"version-history":[{"count":1,"href":"https:\/\/www.elsinodaldetamaulipas.com.mx\/index.php?rest_route=\/wp\/v2\/posts\/217682\/revisions"}],"predecessor-version":[{"id":217683,"href":"https:\/\/www.elsinodaldetamaulipas.com.mx\/index.php?rest_route=\/wp\/v2\/posts\/217682\/revisions\/217683"}],"wp:featuredmedia":[{"embeddable":true,"href":"https:\/\/www.elsinodaldetamaulipas.com.mx\/index.php?rest_route=\/wp\/v2\/media\/216286"}],"wp:attachment":[{"href":"https:\/\/www.elsinodaldetamaulipas.com.mx\/index.php?rest_route=%2Fwp%2Fv2%2Fmedia&parent=217682"}],"wp:term":[{"taxonomy":"category","embeddable":true,"href":"https:\/\/www.elsinodaldetamaulipas.com.mx\/index.php?rest_route=%2Fwp%2Fv2%2Fcategories&post=217682"},{"taxonomy":"post_tag","embeddable":true,"href":"https:\/\/www.elsinodaldetamaulipas.com.mx\/index.php?rest_route=%2Fwp%2Fv2%2Ftags&post=217682"}],"curies":[{"name":"wp","href":"https:\/\/api.w.org\/{rel}","templated":true}]}}