{"id":217684,"date":"2026-01-19T22:18:55","date_gmt":"2026-01-20T02:18:55","guid":{"rendered":"https:\/\/www.elsinodaldetamaulipas.com.mx\/?p=217684"},"modified":"2026-01-19T22:18:55","modified_gmt":"2026-01-20T02:18:55","slug":"el-truko-promueve-la-unidad-del-panismo-tamaulipeco","status":"publish","type":"post","link":"https:\/\/www.elsinodaldetamaulipas.com.mx\/?p=217684","title":{"rendered":"EL TRUKO PROMUEVE LA UNIDAD DEL PANISMO TAMAULIPECO"},"content":{"rendered":"<div class=\"html-div xdj266r x14z9mp xat24cr x1lziwak xexx8yu xyri2b x18d9i69 x1c1uobl\" dir=\"auto\">\n<div class=\"html-div xdj266r x14z9mp xat24cr x1lziwak xexx8yu xyri2b x18d9i69 x1c1uobl\" data-ad-rendering-role=\"story_message\">\n<div class=\"x1l90r2v x1iorvi4 x1g0dm76 xpdmqnj\" data-ad-comet-preview=\"message\" data-ad-preview=\"message\">\n<div class=\"x78zum5 xdt5ytf xz62fqu x16ldp7u\">\n<div class=\"xu06os2 x1ok221b\">\n<div class=\"html-div xdj266r x14z9mp xat24cr x1lziwak xexx8yu xyri2b x18d9i69 x1c1uobl\">\n<div class=\"xdj266r x14z9mp xat24cr x1lziwak x1vvkbs x126k92a\">\n<h2 dir=\"auto\"><\/h2>\n<h2 dir=\"auto\">Se unifican los panistas en un acto emblem\u00e1tico y en una clara unidad pol\u00edtica de militantes, simpatizantes, actores pol\u00edticos y liderazgos tamaulipecos.<\/h2>\n<\/div>\n<div class=\"x14z9mp xat24cr x1lziwak x1vvkbs xtlvy1s x126k92a\">\n<div dir=\"auto\">Se reunieron el pasado s\u00e1bado por la ma\u00f1ana en conocido lugar de la capital del<\/p>\n<div class=\"x14z9mp xat24cr x1lziwak x1vvkbs xtlvy1s x126k92a\">\n<div dir=\"auto\"><img loading=\"lazy\" decoding=\"async\" class=\" wp-image-217685 alignleft\" src=\"https:\/\/www.elsinodaldetamaulipas.com.mx\/wp-content\/uploads\/2026\/01\/CFESAR-VERASTEGUI-300x199.jpg\" alt=\"\" width=\"377\" height=\"250\" srcset=\"https:\/\/www.elsinodaldetamaulipas.com.mx\/wp-content\/uploads\/2026\/01\/CFESAR-VERASTEGUI-300x199.jpg 300w, https:\/\/www.elsinodaldetamaulipas.com.mx\/wp-content\/uploads\/2026\/01\/CFESAR-VERASTEGUI-1024x680.jpg 1024w, https:\/\/www.elsinodaldetamaulipas.com.mx\/wp-content\/uploads\/2026\/01\/CFESAR-VERASTEGUI-768x510.jpg 768w, https:\/\/www.elsinodaldetamaulipas.com.mx\/wp-content\/uploads\/2026\/01\/CFESAR-VERASTEGUI-1536x1020.jpg 1536w, https:\/\/www.elsinodaldetamaulipas.com.mx\/wp-content\/uploads\/2026\/01\/CFESAR-VERASTEGUI-2048x1360.jpg 2048w\" sizes=\"auto, (max-width: 377px) 100vw, 377px\" \/><\/div>\n<\/div>\n<p>estado donde el ING. CESAR VERASTEGUI OSTOS, ex candidato a la gubernatura de Tamaulipas llam\u00f3 a la unidad pol\u00edtica de sus compa\u00f1eros de partido.<\/p><\/div>\n<\/div>\n<div class=\"x14z9mp xat24cr x1lziwak x1vvkbs xtlvy1s x126k92a\">\n<div dir=\"auto\">Le secundaron en su mensaje personajes como MIGUEL ALMARAZ MALDONADO, alcalde de Rio Bravo; RAMIRO CORTEZ BARRERA, alcalde de Miguel Alem\u00e1n; ENRIQUE RIVAS CUELLAR, ex alcalde de Nuevo Laredo y ex diputado local asi como dirigentes municipales del partido acci\u00f3n nacional que se dieron cita para refrendar el respaldo pol\u00edtico a la intenci\u00f3n de que CESAR VERASTEGUI y GLORIA GARZA sean quienes dirijan el partido desde el comit\u00e9 directivo estatal en Tamaulipas con miras al 2027 en que se avecina un proceso electoral de diputados federales, locales, alcaldes asi como los honorables cabildos de regidores y s\u00edndicos.<\/div>\n<div dir=\"auto\">CESAR VERASTEGUI llam\u00f3 a la unidad pol\u00edtica de sus compa\u00f1eros, quienes al un\u00edsono enarbolaron manifestando la UNIDAD plena en sus pretensiones pol\u00edticas partidistas.<\/div>\n<\/div>\n<div class=\"x14z9mp xat24cr x1lziwak x1vvkbs xtlvy1s x126k92a\">\n<div dir=\"auto\">Sin duda, se conoce que fueron un margen de 80,000 votos de diferencia por los que AMERICO VILLARREAL ANAYA se alz\u00f3 con el triunfo electoral, nada imposible para que el PAN pudiera arribar al gobierno de Tamaulipas en las condiciones en que se encuentra el desgaste pol\u00edtico de la bola de algunos funcionarios del gabinete de AMERICO que nom\u00e1s le est\u00e1n estorbando desde que lleg\u00f3 al poder en el 2022.<\/div>\n<div dir=\"auto\">Personajes que como todos sabemos est\u00e1n con un p\u00ede ya mas en la calle que en su oficina de palacio de gobierno o de oficinas aleda\u00f1as.<\/div>\n<\/div>\n<div class=\"x14z9mp xat24cr x1lziwak x1vvkbs xtlvy1s x126k92a\">\n<div dir=\"auto\">CESAR VERASTEGUI OSTOS reuni\u00f3 a los alcaldes de todos los municipios de la entidad que son panistas en coalici\u00f3n o no.<\/div>\n<div dir=\"auto\">Asi como a los diputados locales definiendo la l\u00ednea que no va con los CABEZA De VACA como algunos han manejado, el xicot\u00e9ncatlense, va solo por un camino diferente queda claro el tema.<\/div>\n<\/div>\n<div class=\"x14z9mp xat24cr x1lziwak x1vvkbs xtlvy1s x126k92a\">\n<div dir=\"auto\">REDIRECCIONA una nueva pol\u00edtica de participaci\u00f3n con cuadros activos en la entidad que est\u00e1n dando de qu\u00e9 hablar por su destreza de hacer trabajo social en sus municipios siendo uno de ellos MIGUEL ANGEL ALMARAZ MALDONADO que ha puesto en marcha un nuevo esquema en el servicio a la ciudadan\u00eda, una nueva manera de hacer las cosas.<\/div>\n<div dir=\"auto\">ASI que no hay que perder de vista esta nueva reacci\u00f3n pol\u00edtica que unifica al PAN con rumbo a la dirigencia estatal.<\/div>\n<\/div>\n<div class=\"x14z9mp xat24cr x1lziwak x1vvkbs xtlvy1s x126k92a\">\n<div dir=\"auto\">CONTIN\u00daA BETO GRANADOS MEJORAMIENTO EN ZONA CENTRO DE MATAMOROS<\/div>\n<\/div>\n<div class=\"x14z9mp xat24cr x1lziwak x1vvkbs xtlvy1s x126k92a\">\n<div dir=\"auto\">Ante la necesidad de contar con espacios p\u00fablicos m\u00e1s seguros, accesibles y pensados para las personas, el Gobierno de BETO GRANADOS contin\u00faa con el mejoramiento de banquetas en la Zona Centro de Matamoros, como una acci\u00f3n prioritaria que responde a una visi\u00f3n humanista y de atenci\u00f3n directa a la ciudadan\u00eda. La intervenci\u00f3n busca proteger al peat\u00f3n y garantizar trayectos dignos en una de las \u00e1reas con mayor movilidad de la ciudad.<\/div>\n<div dir=\"auto\">Los trabajos incluyen la rehabilitaci\u00f3n integral de superficies, nivelaci\u00f3n y adecuaciones que facilitan un desplazamiento m\u00e1s seguro para ni\u00f1as, ni\u00f1os, adultos mayores y personas con discapacidad. Estas acciones no solo previenen accidentes, sino que tambi\u00e9n contribuyen a ordenar el entorno urbano y a fortalecer la imagen del primer cuadro de la ciudad.<\/div>\n<\/div>\n<div class=\"x14z9mp xat24cr x1lziwak x1vvkbs xtlvy1s x126k92a\">\n<div dir=\"auto\">Con este enfoque social y de responsabilidad p\u00fablica, Matamoros avanza hacia una ciudad m\u00e1s incluyente, donde la infraestructura se planea con sentido humano. El fortalecimiento de las banquetas promueve una movilidad m\u00e1s segura, fomenta la convivencia y mejora la calidad de vida de comerciantes, visitantes y familias que transitan diariamente por la Zona Centro.<\/div>\n<div dir=\"auto\">En este marco de corresponsabilidad social, el Gobierno de Beto Granados invita a las y los contribuyentes a aprovechar el descuento del 15 por ciento durante el mes de enero en el pago del impuesto predial para quienes se encuentran al corriente. Los pagos pueden realizarse en los m\u00f3dulos instalados en diversos centros comerciales.<\/div>\n<\/div>\n<div class=\"x14z9mp xat24cr x1lziwak x1vvkbs xtlvy1s x126k92a\">\n<div dir=\"auto\">EVENTOS CON CAUSA SON UNA REALIDAD EN MATAMOROS<\/div>\n<\/div>\n<div class=\"x14z9mp xat24cr x1lziwak x1vvkbs xtlvy1s x126k92a\">\n<div dir=\"auto\">Gracias al compromiso social que distingue a Matamoros y al impulso del alcalde BETO GRANADOS, los eventos con causa se han consolidado como una herramienta de transformaci\u00f3n, permitiendo el rescate y mejora de la casa hogar, hoy convertida en un espacio seguro, digno y lleno de calidez para las ni\u00f1as y ni\u00f1os que ah\u00ed viven<\/div>\n<div dir=\"auto\">La respuesta solidaria de la comunidad matamorense ha sido fundamental para lograr estos avances, brindando a las ni\u00f1as y ni\u00f1os un entorno m\u00e1s justo, humano y con mejores oportunidades para su desarrollo.<\/div>\n<\/div>\n<div class=\"x14z9mp xat24cr x1lziwak x1vvkbs xtlvy1s x126k92a\">\n<div dir=\"auto\">Estas acciones reflejan una administraci\u00f3n cercana y sensible, que prioriza el bienestar de la ni\u00f1ez y trabaja de la mano con la sociedad para generar cambios reales y duraderos en la vida de quienes m\u00e1s lo necesitan.<\/div>\n<\/div>\n<div class=\"x14z9mp xat24cr x1lziwak x1vvkbs xtlvy1s x126k92a\">\n<div dir=\"auto\">Avanzando con Amor es m\u00e1s que un lema: es una forma de trabajar y de servir. Bajo esta convicci\u00f3n, el alcalde, Beto Granados continuar\u00e1 promoviendo acciones solidarias, eventos con causa y proyectos sociales que reflejen empat\u00eda, cercan\u00eda y compromiso con quienes m\u00e1s lo necesitan.<\/div>\n<\/div>\n<div class=\"x14z9mp xat24cr x1lziwak x1vvkbs xtlvy1s x126k92a\">\n<div dir=\"auto\">UTTN FUE RECONOCIDA A NIVEL NACIONAL<\/div>\n<\/div>\n<div class=\"x14z9mp xat24cr x1lziwak x1vvkbs xtlvy1s x126k92a\">\n<div dir=\"auto\">La Universidad Tecnol\u00f3gica de Tamaulipas Norte (UTTN) fue reconocida a nivel nacional con el Distintivo Distingue UT, Categor\u00eda Oro, otorgado por la Universidad Tecnol\u00f3gica de Santa Catarina, en reconocimiento a las buenas pr\u00e1cticas implementadas en materia de educaci\u00f3n inclusiva.<\/div>\n<\/div>\n<div class=\"x14z9mp xat24cr x1lziwak x1vvkbs xtlvy1s x126k92a\">\n<div dir=\"auto\">Este prestigioso distintivo nacional distingue a la UTTN por su firme y efectivo compromiso con la inclusi\u00f3n, la equidad y la no discriminaci\u00f3n, a trav\u00e9s de acciones que fortalecen el acceso, permanencia y \u00e9xito acad\u00e9mico del alumnado perteneciente a los grupos de atenci\u00f3n prioritaria, inform\u00f3 su rector EDGAR GARZA HERNANDEZ.<\/div>\n<\/div>\n<div class=\"x14z9mp xat24cr x1lziwak x1vvkbs xtlvy1s x126k92a\">\n<div dir=\"auto\">Coment\u00f3 que la universidad ha implementado diversas acciones orientadas a garantizar la inclusi\u00f3n y el bienestar de toda su comunidad, poniendo especial atenci\u00f3n en alumnas y alumnos con discapacidad, estudiantes de pueblos originarios y personas adultas mayores.<\/div>\n<div dir=\"auto\">Dijo que tambi\u00e9n promueve la equidad de g\u00e9nero entre mujeres y hombres, brinda apoyo a las y los estudiantes en situaci\u00f3n de movilidad y fomenta el respeto y la integraci\u00f3n de personas pertenecientes a la diversidad sexual y de g\u00e9nero, iniciativas que buscan asegurar un entorno educativo m\u00e1s igualitario, accesible y respetuoso para todas y todos.<\/div>\n<\/div>\n<div class=\"x14z9mp xat24cr x1lziwak x1vvkbs xtlvy1s x126k92a\">\n<div dir=\"auto\">Explic\u00f3 que el Distintivo Distingue UT, Categor\u00eda Oro, representa el m\u00e1ximo nivel de reconocimiento dentro de esta certificaci\u00f3n, lo que posiciona a la Universidad Tecnol\u00f3gica de Tamaulipas Norte como una instituci\u00f3n referente en inclusi\u00f3n educativa a nivel nacional.<\/div>\n<\/div>\n<div class=\"x14z9mp xat24cr x1lziwak x1vvkbs xtlvy1s x126k92a\">\n<div dir=\"auto\">Reiter\u00f3 el compromiso de la universidad de continuar avanzando como una instituci\u00f3n incluyente, diversa y socialmente responsable, cumpliendo con las pol\u00edticas educativas y humanistas que impulsa el gobernador Am\u00e9rico Villarreal Anaya, a trav\u00e9s de la Secretar\u00eda de Educaci\u00f3n, a cargo de su titular Miguel \u00c1ngel Valdez Garc\u00eda.<\/div>\n<div dir=\"auto\">El reconocimiento fue recibido por parte de la UTTN por Rub\u00e9n David Soto Z\u00e1rate, coordinador del Programa de Inclusi\u00f3n y Equidad Educativa de la UTTN; Mar\u00eda Soledad Oca\u00f1as, directora de la carrera de Administraci\u00f3n, y Sol Karina Soto Batalla, int\u00e9rprete de Lengua de Se\u00f1as Mexicana.<\/div>\n<\/div>\n<div class=\"x14z9mp xat24cr x1lziwak x1vvkbs xtlvy1s x126k92a\">\n<div dir=\"auto\">ASUME SERGIO OJEDA PRESIDENCIA DE MESA DIRECTIVA DEL CONGRESO DEL ESTADO<\/div>\n<\/div>\n<div class=\"x14z9mp xat24cr x1lziwak x1vvkbs xtlvy1s x126k92a\">\n<div dir=\"auto\">Por unanimidad, el diputado SERGIO \u201cCheko\u201d OJEDA CASTILLO fue designado presidente de la Mesa Directiva del Congreso del Estado de Tamaulipas.<\/div>\n<\/div>\n<div class=\"x14z9mp xat24cr x1lziwak x1vvkbs xtlvy1s x126k92a\">\n<div dir=\"auto\">En sesi\u00f3n solemne, el Congreso del Estado declar\u00f3 formalmente abierto el segundo periodo ordinario de sesiones correspondiente al segundo a\u00f1o de ejercicio constitucional de la 66 Legislatura, acto que fue encabezado por SERGIO \u201cCheko\u201d OJEDA en su calidad de presidente de la Mesa Directiva del Pleno.<\/div>\n<\/div>\n<div class=\"x14z9mp xat24cr x1lziwak x1vvkbs xtlvy1s x126k92a\">\n<div dir=\"auto\">Durante la ceremonia, \u201cCheko\u201d Ojeda realiz\u00f3 la declaratoria oficial de inicio de los trabajos legislativos, reafirmando el compromiso del Poder Legislativo de mantener una coordinaci\u00f3n institucional con los poderes Ejecutivo y Judicial, en beneficio de las y los tamaulipecos.<\/div>\n<div dir=\"auto\">\u201cComo presidente, tengo la responsabilidad de conducir los trabajos parlamentarios y garantizar la legalidad y el orden durante las sesiones del presente periodo\u201d, expres\u00f3.<\/div>\n<div dir=\"auto\">Su designaci\u00f3n fue aprobada por unanimidad, reflejo del respaldo y la confianza de las distintas fuerzas pol\u00edticas representadas en el Congreso, as\u00ed como del reconocimiento a su liderazgo y capacidad de conducci\u00f3n legislativa.<\/div>\n<\/div>\n<div class=\"x14z9mp xat24cr x1lziwak x1vvkbs xtlvy1s x126k92a\">\n<div dir=\"auto\">PONE FIN A 10 A\u00d1OS DE ESPERA EN CONGREGACION QUINTERO<\/div>\n<\/div>\n<div class=\"x14z9mp xat24cr x1lziwak x1vvkbs xtlvy1s x126k92a\">\n<div dir=\"auto\">En un acto de justicia social que pone fin a diez a\u00f1os de gestiones y espera, la Presidenta Municipal, PATTY CHIO, hizo entrega oficial de la obra de ampliaci\u00f3n de red el\u00e9ctrica en la emblem\u00e1tica Congregaci\u00f3n Quintero.<\/div>\n<\/div>\n<div class=\"x14z9mp xat24cr x1lziwak x1vvkbs xtlvy1s x126k92a\">\n<div dir=\"auto\">Lo que por una d\u00e9cada fue una petici\u00f3n ignorada, hoy se transform\u00f3 en una realidad que cambia la vida de las familias que habitan al pie de la sierra. Bajo un clima fresco y en un ambiente de profunda gratitud, la Alcaldesa convivi\u00f3 con los vecinos, quienes celebraron la llegada de este servicio b\u00e1sico que por tanto tiempo les fue negado.<\/div>\n<\/div>\n<div class=\"x14z9mp xat24cr x1lziwak x1vvkbs xtlvy1s x126k92a\">\n<div dir=\"auto\">Durante el encuentro, corte de list\u00f3n y conexi\u00f3n de la energ\u00eda, Patty Ch\u00edo destac\u00f3 que su administraci\u00f3n tiene como prioridad atender las zonas que hist\u00f3ricamente hab\u00edan quedado en el olvido.<\/div>\n<div dir=\"auto\">\u00bbSe trata de que nuestras familias vivan con Bienestar. Quintero es una comunidad importante, es ra\u00edz de nuestra historia y hoy, tras diez a\u00f1os de espera, entregamos esta obra de ampliaci\u00f3n de red el\u00e9ctrica y traemos bienestar a sus hogares\u00bb, expres\u00f3 la Alcaldesa.<\/div>\n<\/div>\n<div class=\"x14z9mp xat24cr x1lziwak x1vvkbs xtlvy1s x126k92a\">\n<div dir=\"auto\">Con esta obra, el Gobierno Municipal reafirma que la transformaci\u00f3n de El Mante se construye desde sus comunidades m\u00e1s representativas, cumpliendo compromisos con transparencia y, sobre todo, con un profundo sentido humano.<\/div>\n<\/div>\n<div class=\"x14z9mp xat24cr x1lziwak x1vvkbs xtlvy1s x126k92a\">\n<div dir=\"auto\">PARTICIPA CONTINGENTE EN JUEGO DE LAS LEYENDAS CORONA PREVIO AL MUNDIAL 2026<\/div>\n<\/div>\n<div class=\"x14z9mp xat24cr x1lziwak x1vvkbs xtlvy1s x126k92a\">\n<div dir=\"auto\">En el marco de las acciones de promoci\u00f3n tur\u00edstica previas al Mundial de Futbol 2026 y como un incentivo a los alumnos m\u00e1s destacados de educaci\u00f3n b\u00e1sica, este d\u00eda, la alcaldesa MONICA VILLARREAL ANAYA despidi\u00f3 a un nutrido contingente que parti\u00f3 al estadio Monterrey BBVA \u201cGigante de Acero\u201d para asistir al juego de las Leyendas Corona coordinado por la FIFA y el Comit\u00e9 organizador de la justa mundialista.<\/div>\n<\/div>\n<div class=\"x14z9mp xat24cr x1lziwak x1vvkbs xtlvy1s x126k92a\">\n<div dir=\"auto\">Un total de 108 ni\u00f1os y j\u00f3venes tampique\u00f1os, que obtuvieron los mejores promedios en sus respectivas escuelas, formaron parte de la delegaci\u00f3n principal, acompa\u00f1ados por sus familiares.<\/div>\n<div dir=\"auto\">\u201cVan los mejores promedios de cada escuela p\u00fablica, y hoy estamos premiando el esfuerzo que hicieron por aprender, por estudiar y mantenerse. Nosotros como municipio estamos uni\u00e9ndonos a todas las festividades del mundial, los ni\u00f1os tienen la oportunidad de convivir con su pap\u00e1 o su mam\u00e1 y de disfrutar de esta primera actividad, el juego de leyendas, y que van a poder conocer uno de los estadios sede del mundial\u201d.<\/div>\n<\/div>\n<div class=\"x14z9mp xat24cr x1lziwak x1vvkbs xtlvy1s x126k92a\">\n<div dir=\"auto\">MONICA VILLARREAL, destac\u00f3 que esta iniciativa busca motivar a la ni\u00f1ez y juventud tampique\u00f1a a continuar esforz\u00e1ndose en sus estudios, al tiempo que se les acerca a experiencias deportivas de alto nivel que fortalecen valores como la disciplina, el trabajo en equipo y la sana convivencia.<\/div>\n<div dir=\"auto\">El juego de Leyendas Corona 2026 forma parte de las actividades estelares rumbo a la Copa del Mundo, reuniendo a grandes \u00edconos del f\u00fatbol nacional e internacional.<\/div>\n<\/div>\n<div class=\"x14z9mp xat24cr x1lziwak x1vvkbs xtlvy1s x126k92a\">\n<div dir=\"auto\">De los 108 estudiantes premiados con este viaje inolvidable a la sultana del norte, 88 corresponden a nivel primaria, 14 a secundaria; y 6 a nivel medio superior, quienes asistieron acompa\u00f1ados por su madre, padre o tutor.<\/div>\n<\/div>\n<div class=\"x14z9mp xat24cr x1lziwak x1vvkbs xtlvy1s x126k92a\">\n<div dir=\"auto\">Asimismo, 22 conscriptos participaron en esta experiencia deportiva, acudiendo acompa\u00f1ados de un tutor, reforzando el mensaje de inclusi\u00f3n, responsabilidad y formaci\u00f3n integral que promueve la administraci\u00f3n municipal.<\/div>\n<\/div>\n<div class=\"x14z9mp xat24cr x1lziwak x1vvkbs xtlvy1s x126k92a\">\n<div dir=\"auto\">REACTIVAN IMPORTANTES PROGRAMAS DE APOYO A LA COMUNIDAD<\/div>\n<\/div>\n<div class=\"x14z9mp xat24cr x1lziwak x1vvkbs xtlvy1s x126k92a\">\n<div dir=\"auto\">Reafirmando que la salud y la protecci\u00f3n de la ciudadan\u00eda son prioridades fundamentales para la administraci\u00f3n 2024\u20132027, el Gobierno Municipal de San Fernando, encabezado por la alcaldesa Ver\u00f3nica Aguirre, llevar\u00e1 a cabo la rehabilitaci\u00f3n integral de las oficinas de Protecci\u00f3n Civil y Tr\u00e1nsito Municipal, despu\u00e9s de m\u00e1s de 25 a\u00f1os sin una intervenci\u00f3n profunda.<\/div>\n<\/div>\n<div class=\"x14z9mp xat24cr x1lziwak x1vvkbs xtlvy1s x126k92a\">\n<div dir=\"auto\">Las instalaciones, construidas en julio del a\u00f1o 2000, \u00fanicamente hab\u00edan recibido mantenimiento preventivo a lo largo de los a\u00f1os, por lo que actualmente requieren una rehabilitaci\u00f3n completa que permita ofrecer espacios dignos, funcionales y seguros tanto para el personal operativo como para la ciudadan\u00eda que acude diariamente a solicitar apoyo.<\/div>\n<\/div>\n<div class=\"x14z9mp xat24cr x1lziwak x1vvkbs xtlvy1s x126k92a\">\n<div dir=\"auto\">Ante esta situaci\u00f3n, y tras el an\u00e1lisis correspondiente, la Presidenta Municipal, en conjunto con el Cabildo, tom\u00f3 la decisi\u00f3n de autorizar una rehabilitaci\u00f3n profunda de ambos edificios, con el objetivo de fortalecer las condiciones de trabajo de los elementos de Protecci\u00f3n Civil y Tr\u00e1nsito, \u00e1reas clave para la atenci\u00f3n de emergencias, la prevenci\u00f3n de riesgos y la salvaguarda de la salud p\u00fablica.<\/div>\n<\/div>\n<div class=\"x14z9mp xat24cr x1lziwak x1vvkbs xtlvy1s x126k92a\">\n<div dir=\"auto\">Estas acciones forman parte de una estrategia integral del Gobierno Municipal para mejorar la infraestructura de servicios esenciales, la cual tambi\u00e9n contempla la adquisici\u00f3n de una ambulancia nueva, reforzando as\u00ed la capacidad de respuesta ante situaciones m\u00e9dicas y de emergencia en beneficio de las familias sanfernandenses.<\/div>\n<\/div>\n<div class=\"x14z9mp xat24cr x1lziwak x1vvkbs xtlvy1s x126k92a\">\n<div dir=\"auto\">APOYA DIF A ESTUDIANTES UNIVERSITARIOS DE LA SALUD<\/div>\n<\/div>\n<div class=\"x14z9mp xat24cr x1lziwak x1vvkbs xtlvy1s x126k92a\">\n<div dir=\"auto\">El Presidente Municipal Carlos Pe\u00f1a Ortiz, dio un discurso para el inicio de las Pr\u00e1cticas Hospitalarias de m\u00e1s de 70 alumnos de Enfermer\u00eda de los Centros CEDIF Hidalgo y Jarachina, en el Hospital General de Reynosa, HGR, con el Subdirector Felipe Alcal\u00e1 Espinosa, y el Presidente del Patronato del DIF-Reynosa, Carlos Luis Pe\u00f1a Garza.<\/div>\n<\/div>\n<div class=\"x14z9mp xat24cr x1lziwak x1vvkbs xtlvy1s x126k92a\">\n<div dir=\"auto\">\u00abSeguimos apoyando la preparaci\u00f3n y crecimiento de quienes hoy ponen su conocimiento al servicio de los dem\u00e1s, impulsar este sistema de formaci\u00f3n es motivo de orgullo, porque fortalece la vocaci\u00f3n de servicio, genera oportunidades y contribuye directamente al bienestar de nuestra comunidad\u00bb, asegur\u00f3 el Presidente Municipal.<\/div>\n<\/div>\n<div class=\"x14z9mp xat24cr x1lziwak x1vvkbs xtlvy1s x126k92a\">\n<div dir=\"auto\">Participaron en este evento: Mar\u00eda Anselma Herrera Rodr\u00edguez, Regidora Coordinadora de la Comisi\u00f3n de Salud en el Cabildo; Gabriela Rosas Blanco Directora del DIF-Reynosa; Cynthia Mart\u00ednez Hern\u00e1ndez, Coordinadora de CEDIF, y Guadalupe Maldonado Olivares, representante de los alumnos, entre otros.<\/div>\n<\/div>\n<div class=\"x14z9mp xat24cr x1lziwak x1vvkbs xtlvy1s x126k92a\">\n<div dir=\"auto\">Estas pr\u00e1cticas son fundamentales durante sus estudios, en un programa en que los pasantes consolidan sus conocimientos y mantienen un contacto directo con M\u00e9dicos, familias y pacientes, lo que ayuda en su preparaci\u00f3n y los lleva directamente a forjarse ese sentido humano en su servicio.<\/div>\n<\/div>\n<div class=\"x14z9mp xat24cr x1lziwak x1vvkbs xtlvy1s x126k92a\">\n<div dir=\"auto\">NUESTRA SOLIDARIDAD<\/div>\n<\/div>\n<div class=\"x14z9mp xat24cr x1lziwak x1vvkbs xtlvy1s x126k92a\">\n<div dir=\"auto\">ENVIO MI CONDOLENCIA A la familia CASTRO VELAZQUEZ por el lamentable deceso de la SRA. ELVIRA VELAZQUEZ DE CASTRO, madre de nuestro amigo LIC. CESAR EMILIO CASTRO VELAZQUEZ en el municipio de Valle hermoso, deseando una pronta resignaci\u00f3n.<\/div>\n<\/div>\n<div class=\"x14z9mp xat24cr x1lziwak x1vvkbs xtlvy1s x126k92a\">\n<div dir=\"auto\">De la misma manera en Matamoros a la familia CAVAZOS LERMA por el sensible deceso en dias pasados del SR. MANUEL CAVAZOS RODRIGUEZ, padre del LIC. MANUEL CAVAZOS LERMA, ex gobernador de Tamaulipas, para su familia y amistades, nuestro abrazo fraternal y solidario.<\/div>\n<\/div>\n<div class=\"x14z9mp xat24cr x1lziwak x1vvkbs xtlvy1s x126k92a\">\n<div dir=\"auto\">ASI MISMO, env\u00edo mi condolencia para la familia MANILLA DE LOS SANTOS, ante el deceso de la SRA. LUZ DE LOS SANTOS DE MANILLA en el municipio de San Fernando, en especial para el periodista DON JAVIER MANILLA asi como para sus familiares y amistades deseando una pronta resignaci\u00f3n que dios les otorgue.<\/div>\n<div dir=\"auto\">ENVIO MI mas sentida condolencia por el deceso de la SRA. HILDA REYES ZU\u00d1IGA, a sus familiares y seres queridos, rogando a dios les d\u00e9 la fortaleza y una pronta resignaci\u00f3n ante esta lamentable p\u00e9rdida de su ser querido.<\/div>\n<\/div>\n<div class=\"x14z9mp xat24cr x1lziwak x1vvkbs xtlvy1s x126k92a\">\n<div dir=\"auto\">EN OTRO TENOR, env\u00edo mi felicitaci\u00f3n por su cumplea\u00f1os este 12 de enero a nuestro amigo PEDRO ARMENDARIZ ALVIZO en la capital tamaulipeca, para quien env\u00edo un fuerte abrazo.<\/div>\n<\/div>\n<div class=\"x14z9mp xat24cr x1lziwak x1vvkbs xtlvy1s x126k92a\">\n<div dir=\"auto\">Asi como este 13 de enero felicito por su cumplea\u00f1os a los cuates HECTOR Y ERIC SILVA SANTOS, MANUEL FUENTES NOYOLA, RAUL LEONEL GARZA, OSCAR CASTA\u00d1EDA MONTEMAYOR, HERMILO PADRON, ALEX PEREZ SANTANA, BETTY RODRIGUEZ, JAVIER GUERRA GARZA, MIGUEL MINA, KARLA MALENY GOMEZ y recuerdo en su natalicio al amigo JOSE ALFREDO ANDRADE CASTILLO, ex presidente de CANIRAC Reynosa que se nos adelant\u00f3 en el camino de la vida hace algunos a\u00f1os<\/div>\n<div dir=\"auto\">De la misma manera felicito por su cumplea\u00f1os este 14 de enero a MARIO AGUIRRE NARVAEZ, CHRISTIAN PUENTES, GABA FERNANDEZ OJEDA, NORA HILDA SANDOVAL, DRA. EVA LILIA GARCIA CANTU, HOMERO QUINTANILLA Y MARIAS LOZANO.<\/div>\n<div dir=\"auto\">Y recuerdo en su natalicio a AMERICO RODRIGUEZ ANZALDUAS (+) acaecido apenas hace algunos dias.<\/div>\n<\/div>\n<div class=\"x14z9mp xat24cr x1lziwak x1vvkbs xtlvy1s x126k92a\">\n<div dir=\"auto\">Felicito este 15 de enero por su cumplea\u00f1os a JUAN LUIS VILLEDA GAYOSSO, SRA. ARACELY MARTINEZ SALINAS, Se celebra el dia del compositor, felicito por su cumplea\u00f1os a MAURO BALDERAS, ARON ARRATIA GARCIA, CATARINO OLIVA BLASCO, MARIO HUMBERTO CANTU, PATRICIA RAMIREZ DE BARRERA, JORGE NAVARRO, ASI COMO recuerdo en su aniversario luctuoso a DON RUBEN GARCIA GARCIA \u201cCupi\u201d (+), decano del periodismo que se nos adelant\u00f3 en el camino de la vida.<\/div>\n<\/div>\n<div class=\"x14z9mp xat24cr x1lziwak x1vvkbs xtlvy1s x126k92a\">\n<div dir=\"auto\">Y por su cumplea\u00f1os felicito este pasado 16 de enero a ISAEL HERNANDEZ TRUJILLO, MARCELO OLAN MENDOZA, Director de oficinas fiscales del estado de Tamaulipas; CINTHIA FERIA LUNA, ENRIQUE SALINAS, JOEL GIROUD, MARTHA ELBA ADAME BRAVO, ROMUALDO CRUZ, HUGO HINOJOSA GONZALEZ, JORGE SANCHEZ FERNANDEZ, DARIEL RUIZ Y recuerdo en su natalicio al locutor DON HECTOR PINALES VIDAURRI(+).<\/div>\n<\/div>\n<div class=\"x14z9mp xat24cr x1lziwak x1vvkbs xtlvy1s x126k92a\">\n<div dir=\"auto\">ASI MISMO, felicito por su cumplea\u00f1os este 17 de enero a MARELY DOMINGUEZ SOTO, JOSE NARRO ROBLES, CRISTIAN RODRIGUEZ, ANTONIO BANDA RAMIREZ del ejido Santa Apolonia; JAVIER GALVAN TAMEZ, C.P. JUAN ANTONIO MONTOYA RAMIREZ; recuerdo en su aniversario luctuoso a mi tia abuela y madrina ENA GERKEN DE TAKE (+); asi como recuerdo en su natalicio a MARCO ANTONIO MARTINEZ ALVARADO (+), ex funcionario de protecci\u00f3n civil de Reynosa.<\/div>\n<\/div>\n<div class=\"x14z9mp xat24cr x1lziwak x1vvkbs xtlvy1s x126k92a\">\n<div dir=\"auto\">De la misma manera felicito este 18 de enero por su cumplea\u00f1os a la DRA. EDITH CANTU DE LUNA, rectora de la UMAN; Asi como a OSCAR BORREGO, ADAN MARQUEZ SEGURA, YOLANDA GARCIA, HERNAN PALACIOS MARTINEZ, JORGE HINOJOSA, OBIEL RODRIGUEZ ALMARAZ, OMAR SANCHEZ, LEOBARDO SANCHEZ TOVAR Y FREDDY BARRAZA.<\/div>\n<\/div>\n<div class=\"x14z9mp xat24cr x1lziwak x1vvkbs xtlvy1s x126k92a\">\n<div dir=\"auto\">Y ESTE 19 DE ENERO felicito a MARIO ARIAS GONZALEZ, ING. MARCO MEDINA RANGEL, ALAN ALEXANDRE ARJONA, ALBERTO GUAJARDO, ALEX DEL ANGEL, MARIO PUENTE, ALEX MALDONADO, JULIO VARGAS Y AGUSTIN AVILA JIMENEZ.<\/div>\n<div dir=\"auto\">De la misma manera este 20 de enero felicito a EUGENIA GONZALEZ CGAVIRA, OSCAR GONZALEZ ACOSTA, recuerdo en su natalicio a JOB MARTINEZ SEGURA (+); FELICITO a GERARDO MARES TOVAR, JOSE TADEO OLGUIN, ROBERTO BENET RAMOS, FABIAN CABRERA Y JAZHEL DOMINGUEZ.<\/div>\n<div dir=\"auto\">y NOS VEREMOS.<\/div>\n<\/div>\n<\/div>\n<\/div>\n<\/div>\n<\/div>\n<\/div>\n<\/div>\n","protected":false},"excerpt":{"rendered":"<p>Se unifican los panistas en un acto emblem\u00e1tico y en una clara unidad pol\u00edtica de militantes, simpatizantes, actores pol\u00edticos y liderazgos tamaulipecos. Se reunieron el pasado s\u00e1bado por la ma\u00f1ana en conocido lugar de la capital del estado donde el ING. CESAR VERASTEGUI OSTOS, ex candidato a la gubernatura de Tamaulipas llam\u00f3 a la unidad [&hellip;]<\/p>\n","protected":false},"author":1,"featured_media":214825,"comment_status":"closed","ping_status":"closed","sticky":false,"template":"","format":"standard","meta":{"footnotes":""},"categories":[16],"tags":[],"class_list":["post-217684","post","type-post","status-publish","format-standard","has-post-thumbnail","hentry","category-opinion"],"_links":{"self":[{"href":"https:\/\/www.elsinodaldetamaulipas.com.mx\/index.php?rest_route=\/wp\/v2\/posts\/217684","targetHints":{"allow":["GET"]}}],"collection":[{"href":"https:\/\/www.elsinodaldetamaulipas.com.mx\/index.php?rest_route=\/wp\/v2\/posts"}],"about":[{"href":"https:\/\/www.elsinodaldetamaulipas.com.mx\/index.php?rest_route=\/wp\/v2\/types\/post"}],"author":[{"embeddable":true,"href":"https:\/\/www.elsinodaldetamaulipas.com.mx\/index.php?rest_route=\/wp\/v2\/users\/1"}],"replies":[{"embeddable":true,"href":"https:\/\/www.elsinodaldetamaulipas.com.mx\/index.php?rest_route=%2Fwp%2Fv2%2Fcomments&post=217684"}],"version-history":[{"count":1,"href":"https:\/\/www.elsinodaldetamaulipas.com.mx\/index.php?rest_route=\/wp\/v2\/posts\/217684\/revisions"}],"predecessor-version":[{"id":217686,"href":"https:\/\/www.elsinodaldetamaulipas.com.mx\/index.php?rest_route=\/wp\/v2\/posts\/217684\/revisions\/217686"}],"wp:featuredmedia":[{"embeddable":true,"href":"https:\/\/www.elsinodaldetamaulipas.com.mx\/index.php?rest_route=\/wp\/v2\/media\/214825"}],"wp:attachment":[{"href":"https:\/\/www.elsinodaldetamaulipas.com.mx\/index.php?rest_route=%2Fwp%2Fv2%2Fmedia&parent=217684"}],"wp:term":[{"taxonomy":"category","embeddable":true,"href":"https:\/\/www.elsinodaldetamaulipas.com.mx\/index.php?rest_route=%2Fwp%2Fv2%2Fcategories&post=217684"},{"taxonomy":"post_tag","embeddable":true,"href":"https:\/\/www.elsinodaldetamaulipas.com.mx\/index.php?rest_route=%2Fwp%2Fv2%2Ftags&post=217684"}],"curies":[{"name":"wp","href":"https:\/\/api.w.org\/{rel}","templated":true}]}}