{"id":217689,"date":"2026-01-20T01:12:22","date_gmt":"2026-01-20T05:12:22","guid":{"rendered":"https:\/\/www.elsinodaldetamaulipas.com.mx\/?p=217689"},"modified":"2026-01-20T01:12:22","modified_gmt":"2026-01-20T05:12:22","slug":"unos-la-aprueban-otros-la-cuestionan-pero-es-la-presidenta","status":"publish","type":"post","link":"https:\/\/www.elsinodaldetamaulipas.com.mx\/?p=217689","title":{"rendered":"UNOS LA APRUEBAN, OTROS LA CUESTIONAN, PERO ES LA PRESIDENTA"},"content":{"rendered":"<div class=\"post-content\">\n<p>\u00a0La agenda que desarrollar\u00e1 la presidenta Claudia Sheinbaum, que inicia el jueves en Puebla, para seguir el viernes en Veracruz, terminar\u00e1 el fin de semana en Cd. Victoria, para el efecto, el gobernador Am\u00e9rico Villarreal Anaya ya trabaja en la elaboraci\u00f3n del programa. Aunque no se ha dado a conocer las actividades que compartir\u00e1 con el mandatario tamaulipeco, siempre es bueno recibir una visita de ese nivel, es la oportunidad para plantear necesidades, solicitar apoyos, ser incluidos en la agenda de acciones de quien manda en este pa\u00eds.<\/p>\n<p>Por otra parte, este lunes luego de haberse confirmado la visita de la presidenta Sheinbaum al puerto de Veracruz, se desat\u00f3 una fuerte ola de mensajes en redes, de todos colores y diferentes grados de afecto. Pocos lo festejaron y la mayor\u00eda lo celebr\u00f3 con humor jarocho. He aqu\u00ed algunas reacciones\u2026<\/p>\n<p>\u00bfY c\u00f3mo para que viene?\u2026Yo andaba con el pendiente\u2026 \u00bfMe emociono o que? \u00bfViene sobre las carpetas de investigaci\u00f3n, que avances hay? Y \u00bfPara cuando se van a esclarecer los asesinatos en Veracruz? Deb\u00eda venir por carretera para que sienta las emociones de los baches\u2026 Que venga a Alvarado\u2026\u00bfQu\u00e9 hicimos, porque nos castigan de esa manera? \u2026 Viene a visitar su mejor caja chica\u2026 \u00bfPara qu\u00e9 o qu\u00e9?<\/p>\n<p>Tambi\u00e9n hubo quien la defendi\u00f3: \u201cNo es chile pero les arde, si viene y si no viene tambi\u00e9n, y les mando un cubo de hielo para que se lo apliquen ya saben donde\u2026\u201d; \u201cDeber\u00eda dar resultados en lugar de adoctrinamiento\u2026; \u00a1Que emoci\u00f3n\u2026! Hienas\u2026 Dando circo\u2026De seguro viene a resolver la atenci\u00f3n p\u00e9sima en hospitales por falta de m\u00e9dicos, medicinas, etc. principalmente en el hospital 71 del puerto (se refieren al del IMSS).<\/p>\n<p>Otros comentarios dicen\u2026Viene a recoger el dinero de las placas. Poza Rica espera con ansia su \u00abma\u00f1anera\u00bb, ahora con el reciente fraude electoral respaldado por la zacatecana.<\/p>\n<p>El tema de las carreteras fue el m\u00e1s recurrente en las redes sociales. Tambi\u00e9n, no falt\u00f3 quien dijera, que en Veracruz no hay homicidios solamente \u201cinfartos\u201d, en alusi\u00f3n al caso de la taxista secuestrada y que muri\u00f3 porque le fall\u00f3 el coraz\u00f3n, as\u00ed lo dijo la gobernadora Roc\u00edo Nahle.<\/p>\n<p>Estas reacciones que circulan en las redes, con nombre y apellido de sus autores es el pulso que mide el grado de reprobaci\u00f3n y aprobaci\u00f3n de la presidenta en el Puerto Jarocho, y no es como para festejarlo, sino para reflexionar, porque no deja de ser un cron\u00f3metro que mide el clima social.<\/p>\n<p>Veracruz no es M\u00e9xico, est\u00e1 muy lejos de ser todo el territorio nacional, pero no es para ignorar estos s\u00edntomas, que son una peque\u00f1a muestra del sentir de un sector de mexicanos, si realizaran una encuesta en ese municipio y sus hom\u00f3logos en otros estados, con caracter\u00edsticas similares, llevar\u00eda a una conclusi\u00f3n, la necesidad de reorientar pol\u00edticas p\u00fablicas. Urge una campa\u00f1a de imagen favorable para la presidenta, y son los gobernadores, la inmensa mayor\u00eda morenistas, los que debieran desarrollar una estrategia que cambie la percepci\u00f3n ciudadana con respecto a la jefa de la Naci\u00f3n.<\/p>\n<p>Lo que ocurre, es que la mayor parte de los mandatarios y eso incluye a la de Veracruz, no son pol\u00edticos, no tienen sensibilidad social. Las circunstancias los llevaron al poder sin cubrir asignaturas m\u00ednimas de cercan\u00eda con el pueblo.<\/p>\n<p>Por cierto, es muy significativo que el punto geogr\u00e1fico que pisar\u00e1 la presidenta Sheinbaum en Tamaulipas, sea la capital del estado, tradicionalmente la zona m\u00e1s visitada por los titulares del Poder Ejecutivo Nacional hab\u00eda sido el sur, quiz\u00e1 por ser la m\u00e1s poblada, al igual que Reynosa, pero con la particularidad de que en Tampico, Madero y Altamira existe una fuerza sindicalista que siempre pas\u00f3 lista de presente ante los diferentes jefes de la Naci\u00f3n. Pero hoy son otros tiempos y un nuevo estilo de liderazgo.<\/p>\n<p><strong>VIALIDAD PRIORIDAD EN VICTORIA, 40 PROYECTOS A EJECUTAR<\/strong>. \u2013\u00a0En el Plan Municipal de Obra P\u00fablica 2026 que prepara el gobierno de Victoria, se contempla una inversi\u00f3n municipal y federal de 180 millones de pesos, que permitir\u00e1n hacer realidad 40 proyectos de vialidad, infraestructura urbana y social. Al respecto el alcalde Lalo Gatt\u00e1s sostuvo una reuni\u00f3n de trabajo con los secretarios de Obras P\u00fablicas, Eusebio Alfaro Reyna; secretario del Ayuntamiento, Hugo Res\u00e9ndez Silva, y coordinador de Plan de Bacheo, Jorge Bello M\u00e9ndez.<\/p>\n<p>En este caso se llev\u00f3 a cabo la revisi\u00f3n de la propuesta de acciones que ser\u00e1 presentada a la comisi\u00f3n correspondiente del Cabildo local. En el Plan de Obra P\u00fablica 2026 para esta ciudad capital, contempla la rehabilitaci\u00f3n de vialidades, acceso a colonias, mejora de red de agua potable, drenaje, alcantarillado, espacios educativos y cuartos dormitorio para familias en situaci\u00f3n de marginaci\u00f3n.<\/p>\n<p>El alcalde Gatta y su equipo revisan de manera minuciosa la estrategia que se llevar\u00e1 a cabo, para obtener el mayor beneficio posible de las obras que se estar\u00e1n realizando en el presente a\u00f1o.<\/p>\n<p><strong>2026 SER\u00c1 EL A\u00d1O DE LA INCLUSI\u00d3N ACAD\u00c9MICA EN LA UAT.-\u00a0<\/strong>Bajo el rectorado de D\u00e1maso Anaya Alvarado, la Universidad Aut\u00f3noma de Tamaulipas redobla esfuerzos para acercar la educaci\u00f3n universitaria de manera virtual a comunidades alejadas de Tamaulipas, con ello se da respuesta a las pol\u00edticas nacionales que marcan como prioridad la inclusi\u00f3n acad\u00e9mica. Para el efecto se han reactivado las Unidades Regionales en los municipios de Gonz\u00e1lez, Tula, Jim\u00e9nez y San Fernando.<\/p>\n<p>Definitivamente estas directrices emitidas desde la c\u00fapula rectoral, vienen a abrir y a acercar oportunidades de estudio a los j\u00f3venes que aspiran a cursar una carrera profesional, entre ellas:\u00a0 Educaci\u00f3n y Tecnolog\u00edas para el Aprendizaje; Dise\u00f1o Gr\u00e1fico y Animaci\u00f3n Digital; Ingenier\u00eda en Ciencia de Datos; Ingenier\u00eda en Energ\u00edas Renovables; adem\u00e1s de la Maestr\u00eda en Innovaci\u00f3n Educativa y Tecnolog\u00edas para el Aprendizaje, asimismo tendr\u00e1n acceso al Bachillerato virtual, que ya est\u00e1 en marcha a partir de enero, con una alta demanda no s\u00f3lo en Tamaulipas, sino a nivel nacional.<\/p>\n<figure class=\"wp-block-table\">\n<table class=\"has-fixed-layout\">\n<tbody>\n<tr>\n<td><\/td>\n<td><\/td>\n<\/tr>\n<\/tbody>\n<\/table>\n<\/figure>\n<\/div>\n<div class=\"post-tags-box\">\n<ul class=\"tags-box\">\n<li><i class=\"fa fa-tags\"><\/i>Etiquetas:<\/li>\n<\/ul>\n<\/div>\n<div class=\"carousel-box owl-wrapper related-posts\">\n<div class=\"title-section\">\n<h3>Tambi\u00e9n te puede interesar<\/h3>\n<\/div>\n<div class=\"owl-carousel owl-theme\" data-num=\"3\">\n<div class=\"owl-wrapper-outer\">\n<div class=\"owl-wrapper\">\n<div class=\"owl-item\">\n<div class=\"item news-post image-post3\"><img loading=\"lazy\" decoding=\"async\" class=\"img-responsive wp-post-image\" src=\"https:\/\/notatamaulipas.com\/wp-content\/uploads\/2025\/11\/Juan-Sanchez-Mendoza-150x150-1.jpg\" alt=\"\" width=\"150\" height=\"150\" \/><\/p>\n<div class=\"hover-box\">\n<h2><a href=\"https:\/\/notatamaulipas.com\/2026\/01\/19\/gira-presidencial\/\">Gira presidencial<\/a><\/h2>\n<ul class=\"post-tags\">\n<li><i class=\"fa fa-clock-o\"><\/i>19 de enero de 2026<\/li>\n<\/ul>\n<\/div>\n<\/div>\n<\/div>\n<div class=\"owl-item\">\n<div class=\"item news-post image-post3\"><img loading=\"lazy\" decoding=\"async\" class=\"img-responsive wp-post-image\" src=\"https:\/\/notatamaulipas.com\/wp-content\/uploads\/2026\/01\/LopezArriaga-2-750x450.jpeg\" alt=\"\" width=\"750\" height=\"450\" \/><\/p>\n<div class=\"hover-box\">\n<h2><a href=\"https:\/\/notatamaulipas.com\/2026\/01\/19\/pan-tam-gatopardo-azul\/\">\u00bfPAN-Tam?, gatopardo azul<\/a><\/h2>\n<ul class=\"post-tags\">\n<li><i class=\"fa fa-clock-o\"><\/i>19 de enero de 2026<\/li>\n<\/ul>\n<\/div>\n<\/div>\n<\/div>\n<div class=\"owl-item\">\n<div class=\"item news-post image-post3\"><img loading=\"lazy\" decoding=\"async\" class=\"img-responsive wp-post-image\" src=\"https:\/\/notatamaulipas.com\/wp-content\/uploads\/2025\/04\/maribel-3.jpeg\" alt=\"\" width=\"288\" height=\"180\" \/><\/p>\n<div class=\"hover-box\">\n<h2><a href=\"https:\/\/notatamaulipas.com\/2026\/01\/19\/unidad-y-trabajo\/\">Unidad y trabajo<\/a><\/h2>\n<ul class=\"post-tags\">\n<li><i class=\"fa fa-clock-o\"><\/i>19 de enero de 2026<\/li>\n<\/ul>\n<\/div>\n<\/div>\n<\/div>\n<div class=\"owl-item\">\n<div class=\"item news-post image-post3\"><img loading=\"lazy\" decoding=\"async\" class=\"img-responsive wp-post-image\" src=\"https:\/\/notatamaulipas.com\/wp-content\/uploads\/2025\/10\/HUMBERTO-GUTIERREZ-PAEZ-150x150-1.jpg\" alt=\"\" width=\"150\" height=\"150\" \/><\/p>\n<div class=\"hover-box\">\n<h2><a href=\"https:\/\/notatamaulipas.com\/2026\/01\/19\/breve-resumen-de-dialogos-con-americo\/\">BREVE RESUMEN DE DIALOGOS CON AMERICO<\/a><\/h2>\n<ul class=\"post-tags\">\n<li><i class=\"fa fa-clock-o\"><\/i>19 de enero de 2026<\/li>\n<\/ul>\n<\/div>\n<\/div>\n<\/div>\n<div class=\"owl-item\">\n<div class=\"item news-post image-post3\"><img loading=\"lazy\" decoding=\"async\" class=\"img-responsive wp-post-image\" src=\"https:\/\/notatamaulipas.com\/wp-content\/uploads\/2026\/01\/700192e1-0d33-4eab-9af4-4523c53fa7fe-750x450.jpg\" alt=\"\" width=\"750\" height=\"450\" \/><\/p>\n<div class=\"hover-box\">\n<h2><a href=\"https:\/\/notatamaulipas.com\/2026\/01\/19\/rompimiento-o-simulacion\/\">\u00bfRompimiento o simulaci\u00f3n?<\/a><\/h2>\n<ul class=\"post-tags\">\n<li><i class=\"fa fa-clock-o\"><\/i>19 de enero de 2026<\/li>\n<\/ul>\n<\/div>\n<\/div>\n<\/div>\n<\/div>\n<\/div>\n<\/div>\n<\/div>\n<div class=\"contact-form-box\">\n<div class=\"title-section\">\n<h1>Env\u00eda un comentario<\/h1>\n<\/div>\n<div class=\"cancel-comment-reply\"><\/div>\n<form id=\"comment-form\" action=\"https:\/\/notatamaulipas.com\/wp-comments-post.php\" method=\"post\">\n<div class=\"row\">\n<div class=\"col-md-4\"><label for=\"name\">Nombre<\/label> <input id=\"author\" name=\"author\" type=\"text\" value=\"\" aria-required=\"true\" \/><\/div>\n<div class=\"col-md-4\"><label for=\"mail\">Correo Electr\u00f3nico<\/label> <input id=\"email\" name=\"email\" type=\"text\" value=\"\" aria-required=\"true\" \/><\/div>\n<\/div>\n<p><label for=\"comment\">Comentario<\/label> <textarea id=\"comment\" name=\"comment\"><\/textarea><\/form>\n<\/div>\n<div class=\"col-sm-8 sticky\">\n<div class=\"theiaStickySidebar\">\n<div id=\"single\" class=\"block-content\">\n<article class=\"single-post-box\">\n<div class=\"contact-form-box\"><\/div>\n<\/article>\n<\/div>\n<\/div>\n<\/div>\n<div class=\"col-sm-4 sticky\">\n<div class=\"theiaStickySidebar\">\n<div class=\"sidebar\">\n<div class=\"advertisement\">\n<div class=\"publicidad owl-wrapper\">Publicidad<\/p>\n<div class=\"owl-carousel owl-theme\" data-num=\"1\">\n<div class=\"owl-wrapper-outer\">\n<div class=\"owl-wrapper\">\n<div class=\"owl-item\">\n<div class=\"item\"><img loading=\"lazy\" decoding=\"async\" class=\"img-responsive wp-post-image\" src=\"https:\/\/notatamaulipas.com\/wp-content\/uploads\/2025\/11\/sukasa.jpg\" alt=\"Sukasa\" width=\"1200\" height=\"675\" \/><\/div>\n<\/div>\n<div class=\"owl-item\">\n<div class=\"item\"><a href=\"http:\/\/www.ciudadvictoria.gob.mx\/\" target=\"_blank\" rel=\"noopener\"> <img loading=\"lazy\" decoding=\"async\" class=\"img-responsive wp-post-image\" src=\"https:\/\/notatamaulipas.com\/wp-content\/uploads\/2025\/02\/PORTALES_BANNERS__Mesa-de-trabajo-1-copia-13.jpg\" sizes=\"auto, (max-width: 1200px) 100vw, 1200px\" srcset=\"https:\/\/notatamaulipas.com\/wp-content\/uploads\/2025\/02\/PORTALES_BANNERS__Mesa-de-trabajo-1-copia-13.jpg 1200w, https:\/\/notatamaulipas.com\/wp-content\/uploads\/2025\/02\/PORTALES_BANNERS__Mesa-de-trabajo-1-copia-13-150x150.jpg 150w\" alt=\"Victoria: Semaforos\" width=\"1200\" height=\"1200\" \/> <\/a><\/div>\n<\/div>\n<div class=\"owl-item\">\n<div class=\"item\"><a href=\"http:\/\/www.ciudadvictoria.gob.mx\/\" target=\"_blank\" rel=\"noopener\"> <img loading=\"lazy\" decoding=\"async\" class=\"img-responsive wp-post-image\" src=\"https:\/\/notatamaulipas.com\/wp-content\/uploads\/2025\/02\/PORTALES_BANNERS__Mesa-de-trabajo-1-copia-12.jpg\" sizes=\"auto, (max-width: 1200px) 100vw, 1200px\" srcset=\"https:\/\/notatamaulipas.com\/wp-content\/uploads\/2025\/02\/PORTALES_BANNERS__Mesa-de-trabajo-1-copia-12.jpg 1200w, https:\/\/notatamaulipas.com\/wp-content\/uploads\/2025\/02\/PORTALES_BANNERS__Mesa-de-trabajo-1-copia-12-150x150.jpg 150w\" alt=\"Victoria: 17\" width=\"1200\" height=\"1200\" \/> <\/a><\/div>\n<\/div>\n<div class=\"owl-item\">\n<div class=\"item\"><a href=\"http:\/\/www.ciudadvictoria.gob.mx\/\" target=\"_blank\" rel=\"noopener\"> <img loading=\"lazy\" decoding=\"async\" class=\"img-responsive wp-post-image\" src=\"https:\/\/notatamaulipas.com\/wp-content\/uploads\/2025\/02\/PORTALES_BANNERS__Mesa-de-trabajo-1-copia-11.jpg\" sizes=\"auto, (max-width: 1200px) 100vw, 1200px\" srcset=\"https:\/\/notatamaulipas.com\/wp-content\/uploads\/2025\/02\/PORTALES_BANNERS__Mesa-de-trabajo-1-copia-11.jpg 1200w, https:\/\/notatamaulipas.com\/wp-content\/uploads\/2025\/02\/PORTALES_BANNERS__Mesa-de-trabajo-1-copia-11-150x150.jpg 150w\" alt=\"Victoria: Vinculaci\u00f3n\" width=\"1200\" height=\"1200\" \/> <\/a><\/div>\n<\/div>\n<div class=\"owl-item\">\n<div class=\"item\"><img loading=\"lazy\" decoding=\"async\" class=\"img-responsive wp-post-image\" src=\"https:\/\/notatamaulipas.com\/wp-content\/uploads\/2023\/03\/8f5521b9-fe6d-443d-82b6-e3487afe494d.jpg\" alt=\"Dr. Fernando Guerrero\" width=\"940\" height=\"788\" \/><\/div>\n<\/div>\n<\/div>\n<\/div>\n<\/div>\n<\/div>\n<\/div>\n<\/div>\n<\/div>\n<\/div>\n<div class=\"widget subscribe-widget\">\n<form id=\"searchform\" class=\"subscribe-form\" action=\"https:\/\/notatamaulipas.com\" method=\"get\">\n<h3>Buscador<\/h3>\n<p><input id=\"s\" class=\"box\" name=\"s\" type=\"text\" value=\"\" placeholder=\"Buscar\" \/><\/form>\n<\/div>\n<div class=\"widget widget-twitter\">\n<div class=\"title-section\">\n<h3>Facebook<\/h3>\n<\/div>\n<div id=\"fb-root\" class=\" fb_reset\">\n<div>\n<div><\/div>\n<\/div>\n<\/div>\n<div class=\"fb-like-box fb_iframe_widget\" data-href=\"https:\/\/www.facebook.com\/temoflama\/\" data-width=\"300\" data-height=\"600\" data-colorscheme=\"light\" data-show-faces=\"true\" data-header=\"true\" data-stream=\"true\" data-show-border=\"true\"><iframe loading=\"lazy\" class=\"\" title=\"fb:like_box Facebook Social Plugin\" src=\"https:\/\/www.facebook.com\/v2.0\/plugins\/like_box.php?app_id=193046737519603&amp;channel=https%3A%2F%2Fstaticxx.facebook.com%2Fx%2Fconnect%2Fxd_arbiter%2F%3Fversion%3D46%23cb%3Dfdb2fa1743a0a2ff8%26domain%3Dnotatamaulipas.com%26is_canvas%3Dfalse%26origin%3Dhttps%253A%252F%252Fnotatamaulipas.com%252Ff72e19167d3ab14fc%26relation%3Dparent.parent&amp;color_scheme=light&amp;container_width=360&amp;header=true&amp;height=600&amp;href=https%3A%2F%2Fwww.facebook.com%2Ftemoflama%2F&amp;locale=es_LA&amp;sdk=joey&amp;show_border=true&amp;show_faces=true&amp;stream=true&amp;width=300\" name=\"fe5397d35e340eb63\" width=\"300px\" height=\"600px\" frameborder=\"0\" scrolling=\"no\" allowfullscreen=\"allowfullscreen\" data-testid=\"fb:like_box Facebook Social Plugin\" data-mce-fragment=\"1\"><\/iframe><\/div>\n<\/div>\n","protected":false},"excerpt":{"rendered":"<p>\u00a0La agenda que desarrollar\u00e1 la presidenta Claudia Sheinbaum, que inicia el jueves en Puebla, para seguir el viernes en Veracruz, terminar\u00e1 el fin de semana en Cd. Victoria, para el efecto, el gobernador Am\u00e9rico Villarreal Anaya ya trabaja en la elaboraci\u00f3n del programa. Aunque no se ha dado a conocer las actividades que compartir\u00e1 con [&hellip;]<\/p>\n","protected":false},"author":1,"featured_media":213915,"comment_status":"closed","ping_status":"closed","sticky":false,"template":"","format":"standard","meta":{"footnotes":""},"categories":[16],"tags":[],"class_list":["post-217689","post","type-post","status-publish","format-standard","has-post-thumbnail","hentry","category-opinion"],"_links":{"self":[{"href":"https:\/\/www.elsinodaldetamaulipas.com.mx\/index.php?rest_route=\/wp\/v2\/posts\/217689","targetHints":{"allow":["GET"]}}],"collection":[{"href":"https:\/\/www.elsinodaldetamaulipas.com.mx\/index.php?rest_route=\/wp\/v2\/posts"}],"about":[{"href":"https:\/\/www.elsinodaldetamaulipas.com.mx\/index.php?rest_route=\/wp\/v2\/types\/post"}],"author":[{"embeddable":true,"href":"https:\/\/www.elsinodaldetamaulipas.com.mx\/index.php?rest_route=\/wp\/v2\/users\/1"}],"replies":[{"embeddable":true,"href":"https:\/\/www.elsinodaldetamaulipas.com.mx\/index.php?rest_route=%2Fwp%2Fv2%2Fcomments&post=217689"}],"version-history":[{"count":1,"href":"https:\/\/www.elsinodaldetamaulipas.com.mx\/index.php?rest_route=\/wp\/v2\/posts\/217689\/revisions"}],"predecessor-version":[{"id":217690,"href":"https:\/\/www.elsinodaldetamaulipas.com.mx\/index.php?rest_route=\/wp\/v2\/posts\/217689\/revisions\/217690"}],"wp:featuredmedia":[{"embeddable":true,"href":"https:\/\/www.elsinodaldetamaulipas.com.mx\/index.php?rest_route=\/wp\/v2\/media\/213915"}],"wp:attachment":[{"href":"https:\/\/www.elsinodaldetamaulipas.com.mx\/index.php?rest_route=%2Fwp%2Fv2%2Fmedia&parent=217689"}],"wp:term":[{"taxonomy":"category","embeddable":true,"href":"https:\/\/www.elsinodaldetamaulipas.com.mx\/index.php?rest_route=%2Fwp%2Fv2%2Fcategories&post=217689"},{"taxonomy":"post_tag","embeddable":true,"href":"https:\/\/www.elsinodaldetamaulipas.com.mx\/index.php?rest_route=%2Fwp%2Fv2%2Ftags&post=217689"}],"curies":[{"name":"wp","href":"https:\/\/api.w.org\/{rel}","templated":true}]}}