{"id":217694,"date":"2026-01-20T01:21:04","date_gmt":"2026-01-20T05:21:04","guid":{"rendered":"https:\/\/www.elsinodaldetamaulipas.com.mx\/?p=217694"},"modified":"2026-01-20T01:21:04","modified_gmt":"2026-01-20T05:21:04","slug":"rompimiento-o-simulacion","status":"publish","type":"post","link":"https:\/\/www.elsinodaldetamaulipas.com.mx\/?p=217694","title":{"rendered":"\u00bfROMPIMIENTO O SIMULACI\u00d3N?"},"content":{"rendered":"<p>ANTONIO FRAUSTO<\/p>\n<p>En el encuentro de C\u00e9sar Truko Ver\u00e1stegui y Gloria Garza con militantes panistas rumbo a la elecci\u00f3n de la nueva dirigencia estatal del PAN en Tamaulipas \u00bfEs verdaderamente un rompimiento con el cabecismo o es solamente una simulaci\u00f3n ante la opini\u00f3n p\u00fablica?<\/p>\n<p>Y es que, la reuni\u00f3n que ambos personajes tuvieron con militantes panistas en Victoria el fin de semana, se puede decir que marc\u00f3 el inicio medi\u00e1tico de la contienda por el poder en el comit\u00e9 estatal blanquiazul, pues cont\u00f3 con grupo importante de dirigentes municipales, alcaldes, diputados y liderazgos.<\/p>\n<p>El tono del mensaje por parte del legislador federal fue de renovaci\u00f3n al asegurar que lleg\u00f3 el momento de que Acci\u00f3n Nacional construya una nueva historia y que para lograrlo es necesaria la unidad, acerc\u00e1ndose a la gente, es decir, andar en el territorio.<\/p>\n<p>Las palabras de Gloria Garza fueron en el mismo sentido, destacando que se requiere renovar la identidad del panismo, es decir, no m\u00e1s cabecismo, y que la militancia lo deber\u00e1 hacer con valent\u00eda y amor, pues es lo que se requiere para el 2027 y 2028.<\/p>\n<p>La relevancia de este encuentro no es s\u00f3lo por el n\u00famero de personas, si no por algunas de las figuras panistas que asistieron y mostraron publicamente su apoyo como los ex alcaldes de Matamoros, Nuevo Laredo y Aldama, Lety Salazar, Enrique Rivas Cuellar y Alejandro Garc\u00eda Barrientos, respectivamente.<\/p>\n<p>Otros como el presidente de Miguel Alem\u00e1n, Ramiro Cortez y el siempre pol\u00e9mico Miguel \u00c1ngel Almaraz de R\u00edo Bravo. Adem\u00e1s de legisladores locales, quienes parece tambi\u00e9n han optado por alejarse del tufo que ten\u00edan del cabecismo.<\/p>\n<p>De ser cierto lo expresado en el mit\u00edn por El Truko y Gloria, el rompimiento con el cabecismo tiene mucho sentido, pues desde que el ex gobernador opto por el exilio para evitar enfrentar a la justicia, su movimiento pol\u00edtico pierda cada vez m\u00e1s fuerza, pes\u00e9 a sus intentos por mantenerse vigente publicamente.<\/p>\n<p>La marca que llevan los cabecistas es un peso que resta pol\u00edticamente, pues ante gran parte de los ciudadanos respaldan a un liderazgo que s\u00f3lo vio por sus inter\u00e9s y que saque\u00f3 al erario estatal, como se documenta en las m\u00faltiples carpetas de investigaci\u00f3n contra su administraci\u00f3n.<\/p>\n<p>De ser as\u00ed y de asumir la dirigencia estatal, la dupla podr\u00eda tener un verdadero di\u00e1logo institucional con el gobierno estatal, como debe de haber entre todas las fuerzas pol\u00edticas y el poder. Pues eso es la verdadera pol\u00edtica, por lo menos en el concepto, el arte de la negociaci\u00f3n para el bien com\u00fan.<\/p>\n<p>Pues con la actual dirigencia panista mantenida a la fuerza y encabezada por Luis Ren\u00e9 \u201cCachorro\u201d Cant\u00fa, no ha tenido cr\u00edtica y mucho menos con propuestas que construyan una mejor sociedad, s\u00f3lo se ha dedicado a hacer las victimas y confrontar al gobierno americanista por el simple hecho de hacerlo.<\/p>\n<p>Sin embargo, hay algo que para muchos sorprende y que nos hace duda, si realmente el rompimiento es aut\u00e9ntico, la presencia del diputado Gerardo Pe\u00f1a, amigo del ex gobernador y cabecista a muerte, o por lo menos eso pensabamos mucho.<\/p>\n<p>La pura presencia de Pe\u00f1a Flores en abierto apoyo al Truko, \u00bfQu\u00e9 significa? A caso una traici\u00f3n a quien le abri\u00f3 las puertas de su casa, le brind\u00f3 su amistad y lo encumbr\u00f3 en la pol\u00edtica con o sin merecimientos o es m\u00e1s bien la avanzada que env\u00eda el cabecismo.<\/p>\n<p>Tal vez haya asistido con permiso, tal vez tenga la encomienda de sear el vinculo entre el cabecismo con la pr\u00f3xima dirigencia del PAN, liderada por C\u00e9sar Ver\u00e1stegui y Gloria Garza, pues de ser as\u00ed entonces s\u00f3lo ser\u00eda una simulaci\u00f3n, en donde s\u00f3lo ganar\u00edan los mismos de siempre.<\/p>\n<p>\u00bfVeremos una verdadera lucha por el control y poder en el blanquiazul? o \u00bfs\u00f3lo una puesta en escena, una simulaci\u00f3n ante los panistas y los ciudadanos y el cabecismos seguir\u00e1 deciendo para su propio beneficio sus candidaturas s\u00f3lo que con una mascara?<\/p>\n<p>DAR\u00c1 SHEINBAUM ESPALDARAZO A AM\u00c9RICO<\/p>\n<p>Este lunes en su conferencia ma\u00f1anera, la presidenta Claudia Sheinbaum inform\u00f3 que desde el jueves y hasta el fin de semana, emprender\u00e1 una gira por el pa\u00eds, siendo Tamaulipas una de las entidades que visitar\u00e1.<\/p>\n<p>Con una sonrisa la mandataria anunci\u00f3 que estar\u00e1 en Victoria y aunque no adelant\u00f3 los temas de los que tratar\u00e1 su agenda, el simple hecho de estar en una entidad y en especial en la capital, es tambi\u00e9n una clara muestra del respaldo pol\u00edtico hacia el gobernante anfitri\u00f3n.<\/p>\n<p>Por supuesto, al ser entrevistado al concluir los honores, el gobernador Am\u00e9rico Villarreal Anaya expres\u00f3 su gusto de que Sheinbaum Pardo vuelva a estas tierras y se\u00f1al\u00f3 que estar\u00e1 en comunicaci\u00f3n con su equipo de trabajo, para que la realizaci\u00f3n de este encuentro sea muy \u00e9xitoso.<\/p>\n<p>Tanto el Gobierno Federal como el Estatal tienen mucho que destacar ante la sociedad, pues con el arrib\u00f3 de la presidenta a la administraci\u00f3n federal, Tamauipas ha sido una de las entidades en donde se est\u00e1n desarrollando diversos proyectos de gran relevancia, c\u00f3mo la segunda l\u00ednea de Acueducto Guadalupe Victoria, centros hospitalarios en varios municipios, la construcci\u00f3n de la Agencia Nacional de Aduanas de M\u00e9xico (ANAM) en Nuevo Laredo, entre muchas otras cosas.<\/p>\n<p>El encuentro de Sheinbaum con Am\u00e9rico Villarreal confirmar\u00e1 que el gobernador cuenta con todo su apoyo, que rechaza todas aquellas voces que buscan desestabilizar con acusaciones medi\u00e1ticas, supuestas amenazas del extranjero o minimizar lo que se est\u00e1 haciendo en favor de los tamaulipecos y no s\u00f3lo de unos cuantos c\u00f3mo sucedi\u00f3 en el pasado.<\/p>\n<p>HACEN EQUIPO POR NUEVO LAREDO<\/p>\n<p>La uni\u00f3n hace la fuerza es un dicho que queda perfectamente en el trabajo en equipo que han hecho D\u00e1maso Anaya Alvarado, rector de la Universidad Aut\u00f3noma de Tamaulipas y Carmen Lilia Canturosas Villarreal, alcaldesa de Nuevo Laredo en este municipio fronterizo.<\/p>\n<p>Y es que ambos inauguraron obras en la Preparatoria de la UAT campus Nuevo Laredo, la cual consisti\u00f3 en una techumbre monumental, creada para proteger a los universitarios del clima, tambi\u00e9n se edific\u00f3 un estacionamiento que mejorar\u00e1 la movilidad, esto en el marco de la apertura del ciclo escolar 2026.<\/p>\n<p>Anaya Alvarado resalt\u00f3 que estas obras reflejan el compromiso tanto la M\u00e1xima Casa de Estudio como el Gobierno Municipal de Nuevo Laredo en que la educaci\u00f3n es un eje estrat\u00e9gico para el desarrollo de una mejor sociedad. Noticias como esta sin duda son importantes, ojal\u00e1 sean ejemplo para otras autoridades, de que cuando se privilegian los intereses de los ciudadanos se pueden hacer grandes cosas.<\/p>\n<p>Facebook: AntonioFrausto<\/p>\n<p>Twitter:@AntonioFraustoG<\/p>\n<p>Linkedin: AntonioFrausto<\/p>\n<p>antoniofraustog@gmail.com<\/p>\n","protected":false},"excerpt":{"rendered":"<p>ANTONIO FRAUSTO En el encuentro de C\u00e9sar Truko Ver\u00e1stegui y Gloria Garza con militantes panistas rumbo a la elecci\u00f3n de la nueva dirigencia estatal del PAN en Tamaulipas \u00bfEs verdaderamente un rompimiento con el cabecismo o es solamente una simulaci\u00f3n ante la opini\u00f3n p\u00fablica? Y es que, la reuni\u00f3n que ambos personajes tuvieron con militantes [&hellip;]<\/p>\n","protected":false},"author":1,"featured_media":214909,"comment_status":"closed","ping_status":"closed","sticky":false,"template":"","format":"standard","meta":{"footnotes":""},"categories":[16],"tags":[],"class_list":["post-217694","post","type-post","status-publish","format-standard","has-post-thumbnail","hentry","category-opinion"],"_links":{"self":[{"href":"https:\/\/www.elsinodaldetamaulipas.com.mx\/index.php?rest_route=\/wp\/v2\/posts\/217694","targetHints":{"allow":["GET"]}}],"collection":[{"href":"https:\/\/www.elsinodaldetamaulipas.com.mx\/index.php?rest_route=\/wp\/v2\/posts"}],"about":[{"href":"https:\/\/www.elsinodaldetamaulipas.com.mx\/index.php?rest_route=\/wp\/v2\/types\/post"}],"author":[{"embeddable":true,"href":"https:\/\/www.elsinodaldetamaulipas.com.mx\/index.php?rest_route=\/wp\/v2\/users\/1"}],"replies":[{"embeddable":true,"href":"https:\/\/www.elsinodaldetamaulipas.com.mx\/index.php?rest_route=%2Fwp%2Fv2%2Fcomments&post=217694"}],"version-history":[{"count":1,"href":"https:\/\/www.elsinodaldetamaulipas.com.mx\/index.php?rest_route=\/wp\/v2\/posts\/217694\/revisions"}],"predecessor-version":[{"id":217695,"href":"https:\/\/www.elsinodaldetamaulipas.com.mx\/index.php?rest_route=\/wp\/v2\/posts\/217694\/revisions\/217695"}],"wp:featuredmedia":[{"embeddable":true,"href":"https:\/\/www.elsinodaldetamaulipas.com.mx\/index.php?rest_route=\/wp\/v2\/media\/214909"}],"wp:attachment":[{"href":"https:\/\/www.elsinodaldetamaulipas.com.mx\/index.php?rest_route=%2Fwp%2Fv2%2Fmedia&parent=217694"}],"wp:term":[{"taxonomy":"category","embeddable":true,"href":"https:\/\/www.elsinodaldetamaulipas.com.mx\/index.php?rest_route=%2Fwp%2Fv2%2Fcategories&post=217694"},{"taxonomy":"post_tag","embeddable":true,"href":"https:\/\/www.elsinodaldetamaulipas.com.mx\/index.php?rest_route=%2Fwp%2Fv2%2Ftags&post=217694"}],"curies":[{"name":"wp","href":"https:\/\/api.w.org\/{rel}","templated":true}]}}