{"id":217697,"date":"2026-01-20T01:24:50","date_gmt":"2026-01-20T05:24:50","guid":{"rendered":"https:\/\/www.elsinodaldetamaulipas.com.mx\/?p=217697"},"modified":"2026-01-20T01:28:52","modified_gmt":"2026-01-20T05:28:52","slug":"breve-resumen-de-los-dialogos-de-americo","status":"publish","type":"post","link":"https:\/\/www.elsinodaldetamaulipas.com.mx\/?p=217697","title":{"rendered":"BREVE RESUMEN DE LOS DI\u00c1LOGOS DE AM\u00c9RICO"},"content":{"rendered":"<div class=\"post-content\">\n<p>Noticias de Estados Unidos, se\u00f1ala una fuente oficial, el Migration Policy Institute (MPI en ingl\u00e9s), desde 20 de enero, fecha del ingreso del nuevo gobierno, han contabilizado \u201c al menos 622 mil deportaciones de migrantes irregulares\u201d. Esto sucedi\u00f3 en el periodo que comprende de octubre de 2024, cuando JOE BIDEN a\u00fan era presidente, hasta el 30 de septiembre de 2025, ocho meses despu\u00e9s de la administraci\u00f3n de DONALD TRUMP.<\/p>\n<p>De esas deportaciones, el detalle de las cifras dice que al menos 21 mil 493 migrantes deportados eran de origen mexicano, seg\u00fan los datos del ICE.<\/p>\n<p>Pueden parecer muchas o pocas, de acuerdo a la percepci\u00f3n de cada quien, lo que es cierto es que logr\u00f3 reducir la migraci\u00f3n irregular hacia Estados Unidos en su primer a\u00f1o en su segundo mandato.<\/p>\n<p>El centro de estudios Brookings Institution se\u00f1al\u00f3 que la entrada de personas extranjeras hacia Estados Unidos fue m\u00ednima debido a las medidas migratorias del gobierno actual.<\/p>\n<p>\u201cLa migraci\u00f3n neta probablemente fue cercana a cero o negativa durante el a\u00f1o calendario 2025 por primera vez en al menos medio siglo\u201d, se\u00f1ala el estudio titulado \u201cImplicaciones macroecon\u00f3micas de los flujos migratorios en 2025 y 2026: actualizaci\u00f3n de enero de 2026\u201d.<\/p>\n<p>En otras noticias, el gobierno del estado, de acuerdo a la nota del peri\u00f3dico oficial, est\u00e1n autorizados 3 mil millones de pesos para infraestructura vial, inversi\u00f3n p\u00fablica con recursos propios del gobierno que encabeza AMERICO VILLARREAL ANAYA.<\/p>\n<p>La capital tamaulipeca se llevar\u00e1 una buena tajada presupuestal. En 2026, es digno de destacar obras como la Avenida Las Torres, la prolongaci\u00f3n del bulevar Praxedis Balboa, Emilio Portes Gil y el Libramiento Naciones Unidas.<\/p>\n<p>Tampico y Nuevo Laredo tendr\u00e1n el beneficio del presupuesto estatal, as\u00ed como m\u00e1s acciones dirigidas a este rubro en todas las regiones de la entidad.<\/p>\n<p>La UAT, es la universidad aliada del gobierno estatal, en la ense\u00f1anza, en la procuraci\u00f3n del conocimiento, en el desarrollo social, arm\u00f3nico, sustentable y econ\u00f3mico.<\/p>\n<p>Me entero que, en cuatro municipios del estado, la Universidad Aut\u00f3noma de Tamaulipas, ampliar\u00e1 su cobertura educativa mediante licenciaturas, posgrados y cursos en l\u00ednea que estar\u00e1n al alcance de un mayor n\u00famero de j\u00f3venes que no tienen la posibilidad de estudiar de manera presencial.<\/p>\n<p>El rector D\u00c1MASO ANAYA ALVARADO refiri\u00f3 que la intenci\u00f3n es acercar la educaci\u00f3n universitaria de manera virtual a comunidades alejadas de Tamaulipas, atendiendo a las pol\u00edticas nacionales que marcan la inclusi\u00f3n acad\u00e9mica como prioridad.<\/p>\n<p>Para este proyecto, se reactivaron las Unidades Regionales en los municipios de Gonz\u00e1lez, Tula, Jim\u00e9nez y San Fernando, con el prop\u00f3sito de acercar oportunidades de estudio a j\u00f3venes que deseen cursar una carrera profesional.<\/p>\n<p>Adem\u00e1s, quienes no cuenten con las herramientas tecnol\u00f3gicas en l\u00ednea, o que consideren necesario acudir a estas sedes que contaran con las instalaciones y equipamiento de las URTC disponibles, con el apoyo de las autoridades municipales.<\/p>\n<p>Noticias de Nuevo Laredo, el d\u00eda de hoy inaugur\u00f3 la presidenta municipal y el Rector de la Universidad Aut\u00f3noma de Tamaulipas, DAMASO ANAYA ALVARADO dos obras de infraestructura en la Preparatoria UAT de Nuevo Laredo, con esta acci\u00f3n es l\u00edder en favor de la educaci\u00f3n media superior.<\/p>\n<p>Esta aportaci\u00f3n a la UAT que hace el municipio de Nuevo Laredo es con recursos propios.<\/p>\n<p>En su segunda participaci\u00f3n dominical en el programa radiof\u00f3nico \u201cDi\u00e1logos con Am\u00e9rico\u201d, el mandatario tamaulipeco repiti\u00f3 su convicci\u00f3n de que \u201cla paz no solo es la meta, sino que la paz es el camino, as\u00ed que tenemos que vivir en paz y buscar constantemente la meta de estar y mantener esa condici\u00f3n de nuestra sociedad\u201d.<\/p>\n<p>Durante el programa, AVA afirm\u00f3 que hoy existen mejores condiciones, resultados tangibles y datos objetivos que colocan a Tamaulipas entre los Estados con mejores indicadores y percepci\u00f3n social en materia de paz y tranquilidad.<\/p>\n<p>Hoy, como resultado de una estrategia basada en la coordinaci\u00f3n de esfuerzos, en Tamaulipas existe un entorno social favorable, m\u00e1s desarrollo y bienestar social, adem\u00e1s de mayor confianza de los inversionistas que alientan m\u00e1s empleos y crecimiento econ\u00f3mico.<\/p>\n<p>Mencion\u00f3 el mandatario que, como ejemplo de los resultados en materia de seguridad durante 2025, Tamaulipas recibi\u00f3 m\u00e1s de 16.5 millones de visitantes; adem\u00e1s, 150 mil connacionales que regresaron a nuestro pa\u00eds cruzaron por las carreteras del Estado, destacando, asimismo que la cifra de homicidios dolosos se redujo de 130 registrados cada mes al inicio de esta administraci\u00f3n, a 17 el promedio mensual actual.<\/p>\n<p>El mandatario tamaulipeco dio a conocer que este a\u00f1o se entregar\u00e1n, principalmente en la zona fronteriza, 15 nuevas Estaciones Seguras, ubicadas cada 25 kil\u00f3metros de distancia.<\/p>\n<p>AGENDA FRONTERIZA es una colaboraci\u00f3n de temas relacionados con el desarrollo econ\u00f3mico del estado de Tamaulipas y sus municipios. Se distribuye a trav\u00e9s de la Agencia Informaci\u00f3n y An\u00e1lisis Estad\u00edstico.<\/p>\n<p>MI CORREO: humbertografico@yahoo.com.mx<\/p>\n<\/div>\n","protected":false},"excerpt":{"rendered":"<p>Noticias de Estados Unidos, se\u00f1ala una fuente oficial, el Migration Policy Institute (MPI en ingl\u00e9s), desde 20 de enero, fecha del ingreso del nuevo gobierno, han contabilizado \u201c al menos 622 mil deportaciones de migrantes irregulares\u201d. Esto sucedi\u00f3 en el periodo que comprende de octubre de 2024, cuando JOE BIDEN a\u00fan era presidente, hasta el [&hellip;]<\/p>\n","protected":false},"author":1,"featured_media":216380,"comment_status":"closed","ping_status":"closed","sticky":false,"template":"","format":"standard","meta":{"footnotes":""},"categories":[16],"tags":[],"class_list":["post-217697","post","type-post","status-publish","format-standard","has-post-thumbnail","hentry","category-opinion"],"_links":{"self":[{"href":"https:\/\/www.elsinodaldetamaulipas.com.mx\/index.php?rest_route=\/wp\/v2\/posts\/217697","targetHints":{"allow":["GET"]}}],"collection":[{"href":"https:\/\/www.elsinodaldetamaulipas.com.mx\/index.php?rest_route=\/wp\/v2\/posts"}],"about":[{"href":"https:\/\/www.elsinodaldetamaulipas.com.mx\/index.php?rest_route=\/wp\/v2\/types\/post"}],"author":[{"embeddable":true,"href":"https:\/\/www.elsinodaldetamaulipas.com.mx\/index.php?rest_route=\/wp\/v2\/users\/1"}],"replies":[{"embeddable":true,"href":"https:\/\/www.elsinodaldetamaulipas.com.mx\/index.php?rest_route=%2Fwp%2Fv2%2Fcomments&post=217697"}],"version-history":[{"count":2,"href":"https:\/\/www.elsinodaldetamaulipas.com.mx\/index.php?rest_route=\/wp\/v2\/posts\/217697\/revisions"}],"predecessor-version":[{"id":217701,"href":"https:\/\/www.elsinodaldetamaulipas.com.mx\/index.php?rest_route=\/wp\/v2\/posts\/217697\/revisions\/217701"}],"wp:featuredmedia":[{"embeddable":true,"href":"https:\/\/www.elsinodaldetamaulipas.com.mx\/index.php?rest_route=\/wp\/v2\/media\/216380"}],"wp:attachment":[{"href":"https:\/\/www.elsinodaldetamaulipas.com.mx\/index.php?rest_route=%2Fwp%2Fv2%2Fmedia&parent=217697"}],"wp:term":[{"taxonomy":"category","embeddable":true,"href":"https:\/\/www.elsinodaldetamaulipas.com.mx\/index.php?rest_route=%2Fwp%2Fv2%2Fcategories&post=217697"},{"taxonomy":"post_tag","embeddable":true,"href":"https:\/\/www.elsinodaldetamaulipas.com.mx\/index.php?rest_route=%2Fwp%2Fv2%2Ftags&post=217697"}],"curies":[{"name":"wp","href":"https:\/\/api.w.org\/{rel}","templated":true}]}}