{"id":217702,"date":"2026-01-20T01:33:04","date_gmt":"2026-01-20T05:33:04","guid":{"rendered":"https:\/\/www.elsinodaldetamaulipas.com.mx\/?p=217702"},"modified":"2026-01-20T01:33:04","modified_gmt":"2026-01-20T05:33:04","slug":"gira-presidencial","status":"publish","type":"post","link":"https:\/\/www.elsinodaldetamaulipas.com.mx\/?p=217702","title":{"rendered":"GIRA PRESIDENCIAL"},"content":{"rendered":"<div class=\"post-content\">\n<p>GOLPE A GOLPE<\/p>\n<p>&nbsp;<\/p>\n<p>Por Juan S\u00e1nchez Mendoza<\/p>\n<p>En la v\u00edspera, durante la conferencia de prensa \u2018ma\u00f1anera\u2019 all\u00e1 en Palacio Nacional, la jefa del Ejecutivo federal, Claudia Sheinbaum Pardo, anunci\u00f3 que el s\u00e1bado pr\u00f3ximo realizar\u00e1 una gira de trabajo en Ciudad Victoria, para referir los avances de las obras que, en coordinaci\u00f3n con el gobierno del doctor Am\u00e9rico Villarreal Anaya, est\u00e1n ejecut\u00e1ndose.<\/p>\n<p>Huelga decir que el quehacer p\u00fablico realizado por el mandatario estatal ha sido ampliamente reconocido por la Presidenta, por lo que en varias ocasiones lo ha felicitado p\u00fablicamente.<\/p>\n<p>El respaldo presidencial es una se\u00f1al clara de que Tamaulipas avanza en la direcci\u00f3n correcta.<\/p>\n<p>Y es reflejo de la solidez de un gobierno que ha sabido aprovechar la coordinaci\u00f3n con la Federaci\u00f3n para impulsar proyectos estrat\u00e9gicos, desde la modernizaci\u00f3n del Puerto de Matamoros hasta la rehabilitaci\u00f3n de la red carretera que conecta al estado con el resto del pa\u00eds.<\/p>\n<p>Adem\u00e1s, la expansi\u00f3n de los programas sociales demuestra un compromiso con el bienestar de los sectores m\u00e1s vulnerables.<\/p>\n<p>En julio del a\u00f1o que nos antecede, la jefa del Ejecutivo federal realiz\u00f3 una gira de trabajo en el s\u00f3lido en compa\u00f1\u00eda del mandatario estatal. Y dej\u00f3 constancia del inter\u00e9s que para ella despierta Tamaulipas como parte sustantiva de su proyecto transformador, as\u00ed como de la confianza que le tiene al mandatario estatal.<\/p>\n<p>Se\u00f1al\u00f3 la jefa del Ejecutivo federal: \u201cAm\u00e9rico impulsa econom\u00eda social, solidaria y con rostro humano\u201d<\/p>\n<p>En aquella ocasi\u00f3n, asumi\u00f3 el compromiso con el pueblo tamaulipeco de que no haya quir\u00f3fanos cerrados, mejorar el abasto de medicamentos y que a nadie se le niegue el servicio por falta de equipo o capacidad de respuesta.<\/p>\n<p>Tambi\u00e9n la inversi\u00f3n adicional de 250 millones de pesos para terminar el Hospital General IMSS-Bienestar de Ciudad Madero.<\/p>\n<p>Otras obras que se construyen con apoyo federal, son:<\/p>\n<p>+ El Acueducto Guadalupe Victoria (Ciudad Victoria): este proyecto llevar\u00e1 750 litros de agua por segundo desde la presa Vicente Guerrero a la capital tamaulipeca, con una inversi\u00f3n de casi 1,800 millones de pesos, garantizando el servicio para la poblaci\u00f3n.<\/p>\n<p>+ La L\u00ednea de Conducci\u00f3n desde Nuevo Le\u00f3n: Se retomar\u00e1 un proyecto para construir una l\u00ednea de agua tratada desde Nuevo Le\u00f3n a Tamaulipas para compensar el riego agr\u00edcola, con intenci\u00f3n de iniciar este mismo a\u00f1o.<\/p>\n<p>+ La \u00faltima etapa de la edificaci\u00f3n de la Agencia Nacional de Aduanas de M\u00e9xico (ANAM), que en parte ya entr\u00f3 en operaciones.<\/p>\n<p>En infraestructura, educativa, la reparaci\u00f3n de escuelas, donde se han invertido m\u00e1s de 2,200 millones de pesos, asegurando condiciones dignas para la poblaci\u00f3n estudiantil con la edificaci\u00f3n de ba\u00f1os, techumbres y ventilaci\u00f3n, en coordinaci\u00f3n con el programa \u2018La escuela es nuestra\u2019, y otros apoyos.<\/p>\n<p>Como parte de la infraestructura estrat\u00e9gica destacan:<\/p>\n<p>+ El Puerto del Norte (Matamoros), que ya fue inaugurado para el desarrollo econ\u00f3mico de la regi\u00f3n noreste.<\/p>\n<p>+ La carretera Mante-Ocampo-Tula, que registra un avance significativo y facilitar\u00e1 la movilidad hacia el centro del pa\u00eds.<\/p>\n<p>+ En el sur del estado, impulso al dique El Moralillo para aumentar el almacenamiento de agua; y una nueva planta de tratamiento en Altamira.<\/p>\n<p>En septiembre de 2025, Claudia Sheinbaum Pardo visit\u00f3 nuevamente el estado para, en el Polyforum \u2018Rodolfo Torre Cant\u00fa\u2019, hacer un recuento de su primer a\u00f1o de actividades en la Presidencia de la Rep\u00fablica.<\/p>\n<p>Ah\u00ed detall\u00f3 los programas, las obras y acciones que se desarrollan en Tamaulipas.<\/p>\n<p>Adem\u00e1s de la construcci\u00f3n del tren de pasajeros en el tramo Saltillo-Nuevo Laredo, que ya est\u00e1 en marcha, habl\u00f3 del complejo aduanal.<\/p>\n<p>Tambi\u00e9n refiri\u00f3 la construcci\u00f3n de un nuevo puente Internacional en Nuevo Laredo; la carretera de Ciudad Valles a Tampico; la autorizaci\u00f3n para el sistema de transporte p\u00fablico Tampico-Altamira; la tecnificaci\u00f3n de los distritos de riego 025 y 026; la construcci\u00f3n del Hospital General del ISSSTE en Tampico, la rehabilitaci\u00f3n del Hospital General de Altamira del IMSS; y la ampliaci\u00f3n de la Unidad de Medicina Familiar n\u00famero 17.<\/p>\n<p>En materia de vivienda, ofreci\u00f3 la construcci\u00f3n de 20 mil nuevas casas por parte de la Comisi\u00f3n Nacional de Vivienda y 55 mil del INFONAVIT para trabajadores con menores ingresos, destacando la reducci\u00f3n de la deuda en los cr\u00e9ditos del INFONAVIT en favor de 384,316 tamaulipecos y 4,940 en cr\u00e9ditos del FOVISSSTE.<\/p>\n<p>Mencion\u00f3 la importancia que tienen los trabajos para el desarrollo del Puerto del Norte en Matamoros, el Polo de Desarrollo en Altamira y la carretera del Corredor del Golfo de M\u00e9xico, entre Tampico y Reynosa, adem\u00e1s de la construcci\u00f3n en Tamaulipas de 36 Centros de Educaci\u00f3n y Cuidado Infantil.<\/p>\n<p>En cuanto a los Programas de Bienestar, dijo que en Tamaulipas son un mill\u00f3n 161 mil 351 personas beneficiadas con los programas de Bienestar, con una inversi\u00f3n de 22 mil 771 millones de pesos, directamente al estado.<\/p>\n<p>Eso habla del apreci\u00f3 que la doctora Sheinbaum le tiene a Tamaulipas y de la confianza que le tiene al doctor Am\u00e9rico Villarreal Anaya.<\/p>\n<p>*** Correo:\u00a0<a href=\"mailto:jusam_gg@hotmail.com\" target=\"_blank\" rel=\"noreferrer noopener\">jusam_gg@hotmail.com<\/a><\/p>\n<\/div>\n","protected":false},"excerpt":{"rendered":"<p>GOLPE A GOLPE &nbsp; Por Juan S\u00e1nchez Mendoza En la v\u00edspera, durante la conferencia de prensa \u2018ma\u00f1anera\u2019 all\u00e1 en Palacio Nacional, la jefa del Ejecutivo federal, Claudia Sheinbaum Pardo, anunci\u00f3 que el s\u00e1bado pr\u00f3ximo realizar\u00e1 una gira de trabajo en Ciudad Victoria, para referir los avances de las obras que, en coordinaci\u00f3n con el gobierno [&hellip;]<\/p>\n","protected":false},"author":1,"featured_media":216132,"comment_status":"closed","ping_status":"closed","sticky":false,"template":"","format":"standard","meta":{"footnotes":""},"categories":[16],"tags":[],"class_list":["post-217702","post","type-post","status-publish","format-standard","has-post-thumbnail","hentry","category-opinion"],"_links":{"self":[{"href":"https:\/\/www.elsinodaldetamaulipas.com.mx\/index.php?rest_route=\/wp\/v2\/posts\/217702","targetHints":{"allow":["GET"]}}],"collection":[{"href":"https:\/\/www.elsinodaldetamaulipas.com.mx\/index.php?rest_route=\/wp\/v2\/posts"}],"about":[{"href":"https:\/\/www.elsinodaldetamaulipas.com.mx\/index.php?rest_route=\/wp\/v2\/types\/post"}],"author":[{"embeddable":true,"href":"https:\/\/www.elsinodaldetamaulipas.com.mx\/index.php?rest_route=\/wp\/v2\/users\/1"}],"replies":[{"embeddable":true,"href":"https:\/\/www.elsinodaldetamaulipas.com.mx\/index.php?rest_route=%2Fwp%2Fv2%2Fcomments&post=217702"}],"version-history":[{"count":1,"href":"https:\/\/www.elsinodaldetamaulipas.com.mx\/index.php?rest_route=\/wp\/v2\/posts\/217702\/revisions"}],"predecessor-version":[{"id":217703,"href":"https:\/\/www.elsinodaldetamaulipas.com.mx\/index.php?rest_route=\/wp\/v2\/posts\/217702\/revisions\/217703"}],"wp:featuredmedia":[{"embeddable":true,"href":"https:\/\/www.elsinodaldetamaulipas.com.mx\/index.php?rest_route=\/wp\/v2\/media\/216132"}],"wp:attachment":[{"href":"https:\/\/www.elsinodaldetamaulipas.com.mx\/index.php?rest_route=%2Fwp%2Fv2%2Fmedia&parent=217702"}],"wp:term":[{"taxonomy":"category","embeddable":true,"href":"https:\/\/www.elsinodaldetamaulipas.com.mx\/index.php?rest_route=%2Fwp%2Fv2%2Fcategories&post=217702"},{"taxonomy":"post_tag","embeddable":true,"href":"https:\/\/www.elsinodaldetamaulipas.com.mx\/index.php?rest_route=%2Fwp%2Fv2%2Ftags&post=217702"}],"curies":[{"name":"wp","href":"https:\/\/api.w.org\/{rel}","templated":true}]}}