{"id":217704,"date":"2026-01-20T13:46:00","date_gmt":"2026-01-20T17:46:00","guid":{"rendered":"https:\/\/www.elsinodaldetamaulipas.com.mx\/?p=217704"},"modified":"2026-01-20T13:46:00","modified_gmt":"2026-01-20T17:46:00","slug":"reynosa-felicita-al-director-general-del-tecnm","status":"publish","type":"post","link":"https:\/\/www.elsinodaldetamaulipas.com.mx\/?p=217704","title":{"rendered":"REYNOSA FELICITA AL DIRECTOR GENERAL DEL TecNM"},"content":{"rendered":"<p><em><strong>Por Gil Vicente Galindo\/EL SINODAL DE TAMAULIPAS<\/strong><\/em><\/p>\n<p>Reynosa, Tam. Personal directivo, docente, administrativo y de apoyo del TecNM Reynosa que dirige el maestro Ludovico Hern\u00e1ndez Aguilar, agradecen al director general, maestro Ram\u00f3n Jim\u00e9nez L\u00f3pez, todo su apoyo institucional al plantel.<\/p>\n<p>\u201cAdem\u00e1s de agradecer todo el apoyo que nos ha brindado, felicitamos al maestro Ram\u00f3n Jim\u00e9nez L\u00f3pez, por su tercer informe de actividades al frente de esta noble instituci\u00f3n de educaci\u00f3n superior\u201d, revelo el director del TecNM Reynosa.<\/p>\n<p>Para el director del plantel Reynosa, maestro Ludovico Hern\u00e1ndez Aguilar, el Instituto Tecnol\u00f3gico de Reynosa, ha crecido enormemente con el apoyo invaluable y liderazgo del director General del TecNM.<\/p>\n<p><img loading=\"lazy\" decoding=\"async\" class=\"aligncenter wp-image-217706 size-full\" src=\"https:\/\/www.elsinodaldetamaulipas.com.mx\/wp-content\/uploads\/2026\/01\/LUDIVICO-3.jpg\" alt=\"\" width=\"894\" height=\"487\" srcset=\"https:\/\/www.elsinodaldetamaulipas.com.mx\/wp-content\/uploads\/2026\/01\/LUDIVICO-3.jpg 894w, https:\/\/www.elsinodaldetamaulipas.com.mx\/wp-content\/uploads\/2026\/01\/LUDIVICO-3-300x163.jpg 300w, https:\/\/www.elsinodaldetamaulipas.com.mx\/wp-content\/uploads\/2026\/01\/LUDIVICO-3-768x418.jpg 768w\" sizes=\"auto, (max-width: 894px) 100vw, 894px\" \/><\/p>\n<p>-Durante el a\u00f1o anterior recibimos infinidad de equipamiento de alta tecnolog\u00eda donde destacan los paneles solares, sustituci\u00f3n de luminarias convencionales por LED en exteriores e interiores de los edificios., comento el maestro Ludovico Hern\u00e1ndez Aguilar.<\/p>\n<p>Tambi\u00e9n recibimos la recertificaci\u00f3n ISO 9001, aires acondicionados en todas las aulas, mil 300 becas escolares. 180 convenios de vinculaci\u00f3n vigentes, apertura de programas en l\u00ednea, lo que deriva en logros acad\u00e9micos y ahorro de energ\u00eda el\u00e9ctrica, dijo.<\/p>\n<p>-Todo para darle continuidad y convicci\u00f3n de seguir transformando la educaci\u00f3n superior, reiteramos nuestro compromiso y confianza para continuar contando con su apoyo y alcanzar nuevas metas en el 2026-, subrayo el director del TecNM Reynosa, maestro Ludovico Hern\u00e1ndez Aguilar.<\/p>\n","protected":false},"excerpt":{"rendered":"<p>Por Gil Vicente Galindo\/EL SINODAL DE TAMAULIPAS Reynosa, Tam. Personal directivo, docente, administrativo y de apoyo del TecNM Reynosa que dirige el maestro Ludovico Hern\u00e1ndez Aguilar, agradecen al director general, maestro Ram\u00f3n Jim\u00e9nez L\u00f3pez, todo su apoyo institucional al plantel. \u201cAdem\u00e1s de agradecer todo el apoyo que nos ha brindado, felicitamos al maestro Ram\u00f3n Jim\u00e9nez [&hellip;]<\/p>\n","protected":false},"author":1,"featured_media":217705,"comment_status":"closed","ping_status":"closed","sticky":false,"template":"","format":"standard","meta":{"footnotes":""},"categories":[1,2],"tags":[],"class_list":["post-217704","post","type-post","status-publish","format-standard","has-post-thumbnail","hentry","category-portada","category-reynosa"],"_links":{"self":[{"href":"https:\/\/www.elsinodaldetamaulipas.com.mx\/index.php?rest_route=\/wp\/v2\/posts\/217704","targetHints":{"allow":["GET"]}}],"collection":[{"href":"https:\/\/www.elsinodaldetamaulipas.com.mx\/index.php?rest_route=\/wp\/v2\/posts"}],"about":[{"href":"https:\/\/www.elsinodaldetamaulipas.com.mx\/index.php?rest_route=\/wp\/v2\/types\/post"}],"author":[{"embeddable":true,"href":"https:\/\/www.elsinodaldetamaulipas.com.mx\/index.php?rest_route=\/wp\/v2\/users\/1"}],"replies":[{"embeddable":true,"href":"https:\/\/www.elsinodaldetamaulipas.com.mx\/index.php?rest_route=%2Fwp%2Fv2%2Fcomments&post=217704"}],"version-history":[{"count":1,"href":"https:\/\/www.elsinodaldetamaulipas.com.mx\/index.php?rest_route=\/wp\/v2\/posts\/217704\/revisions"}],"predecessor-version":[{"id":217707,"href":"https:\/\/www.elsinodaldetamaulipas.com.mx\/index.php?rest_route=\/wp\/v2\/posts\/217704\/revisions\/217707"}],"wp:featuredmedia":[{"embeddable":true,"href":"https:\/\/www.elsinodaldetamaulipas.com.mx\/index.php?rest_route=\/wp\/v2\/media\/217705"}],"wp:attachment":[{"href":"https:\/\/www.elsinodaldetamaulipas.com.mx\/index.php?rest_route=%2Fwp%2Fv2%2Fmedia&parent=217704"}],"wp:term":[{"taxonomy":"category","embeddable":true,"href":"https:\/\/www.elsinodaldetamaulipas.com.mx\/index.php?rest_route=%2Fwp%2Fv2%2Fcategories&post=217704"},{"taxonomy":"post_tag","embeddable":true,"href":"https:\/\/www.elsinodaldetamaulipas.com.mx\/index.php?rest_route=%2Fwp%2Fv2%2Ftags&post=217704"}],"curies":[{"name":"wp","href":"https:\/\/api.w.org\/{rel}","templated":true}]}}