{"id":217711,"date":"2026-01-20T14:13:08","date_gmt":"2026-01-20T18:13:08","guid":{"rendered":"https:\/\/www.elsinodaldetamaulipas.com.mx\/?p=217711"},"modified":"2026-01-20T14:13:08","modified_gmt":"2026-01-20T18:13:08","slug":"la-capital-de-las-huastecas","status":"publish","type":"post","link":"https:\/\/www.elsinodaldetamaulipas.com.mx\/?p=217711","title":{"rendered":"LA CAPITAL DE LAS HUASTECAS"},"content":{"rendered":"<p><em><strong>Por \u00d3scar D\u00edaz Salazar<\/strong><\/em><\/p>\n<p>De la capital de las huastecas me reportan qu\u00e9 hay un cisma entre las facciones que all\u00e1 co gobiernan. El fr\u00e1gil equilibrio que se hab\u00eda logrado en el transcurso del primer a\u00f1o de reinado de M\u00f3nica I, entre las dos vertientes del clan y la cofrad\u00eda, se rompi\u00f3 al decidir excluir de los negocios y la toma de desiciones al principito leal, v\u00edctima de las intrigas del pr\u00edncipe consorte.<\/p>\n<p>Expulsado de la corte y privado de la influencia en palacio, el principito leal ha hecho valer su autoridad como regente del comercio en la comarca y ha puesto trabas a los negocios e intercambios comerciales que celebran las y los integrantes de la cofrad\u00eda.<\/p>\n<p>A partir de los conflictos entre la familia real, de las desavenencias en el clan, se ha fortalecido la cofrad\u00eda que fue fundada por la Maestra, y que hoy cuenta con varios de sus integrantes colocados en posiciones estrat\u00e9gicas, como la custodia del tesoro real, primer ministro, la representaci\u00f3n en la capital del Nuevo Santander y la encargada del centro de convenciones.<\/p>\n<p>El ganon por el momento del conflicto al interior del clan es el pr\u00edncipe consorte, que sigue repartiendo el pastel de las obras reales y colocando aliados en los empleos del Reino.<\/p>\n<p>El reino que ya no brilla sigue padeciendo a la Reyna incapaz e indolente que ni siquiera ha podido establecer el orden en su familia, ni en su selecto y sui g\u00e9neris grupo de amistades.<\/p>\n<p>Los servicios p\u00fablicos que no colapsan porque les queda la inercia del sexenio anterior, la obra p\u00fablica regenteada por el principito consorte, las \u00e1reas verdes y de equipamiento privatizadas, las instituciones educativas despojadas de su recintos y la diversidad de conflictos entre la diversidad de colaboradoras, as\u00ed est\u00e1n las cosas en la capital de las huastecas que hoy luce opaca, por tanto sin brillo ni atractivo.<\/p>\n<p>\u00bfEs correcto y v\u00e1lido escribir de la familia y de las preferencias de los servidores p\u00fablicos?<\/p>\n<p>Se vale, se puede y se debe, si esas relaciones influyen en la desiciones que definen el rumbo y la direcci\u00f3n de los asuntos p\u00fablicos.<\/p>\n","protected":false},"excerpt":{"rendered":"<p>Por \u00d3scar D\u00edaz Salazar De la capital de las huastecas me reportan qu\u00e9 hay un cisma entre las facciones que all\u00e1 co gobiernan. El fr\u00e1gil equilibrio que se hab\u00eda logrado en el transcurso del primer a\u00f1o de reinado de M\u00f3nica I, entre las dos vertientes del clan y la cofrad\u00eda, se rompi\u00f3 al decidir excluir [&hellip;]<\/p>\n","protected":false},"author":1,"featured_media":216829,"comment_status":"closed","ping_status":"closed","sticky":false,"template":"","format":"standard","meta":{"footnotes":""},"categories":[16],"tags":[],"class_list":["post-217711","post","type-post","status-publish","format-standard","has-post-thumbnail","hentry","category-opinion"],"_links":{"self":[{"href":"https:\/\/www.elsinodaldetamaulipas.com.mx\/index.php?rest_route=\/wp\/v2\/posts\/217711","targetHints":{"allow":["GET"]}}],"collection":[{"href":"https:\/\/www.elsinodaldetamaulipas.com.mx\/index.php?rest_route=\/wp\/v2\/posts"}],"about":[{"href":"https:\/\/www.elsinodaldetamaulipas.com.mx\/index.php?rest_route=\/wp\/v2\/types\/post"}],"author":[{"embeddable":true,"href":"https:\/\/www.elsinodaldetamaulipas.com.mx\/index.php?rest_route=\/wp\/v2\/users\/1"}],"replies":[{"embeddable":true,"href":"https:\/\/www.elsinodaldetamaulipas.com.mx\/index.php?rest_route=%2Fwp%2Fv2%2Fcomments&post=217711"}],"version-history":[{"count":1,"href":"https:\/\/www.elsinodaldetamaulipas.com.mx\/index.php?rest_route=\/wp\/v2\/posts\/217711\/revisions"}],"predecessor-version":[{"id":217712,"href":"https:\/\/www.elsinodaldetamaulipas.com.mx\/index.php?rest_route=\/wp\/v2\/posts\/217711\/revisions\/217712"}],"wp:featuredmedia":[{"embeddable":true,"href":"https:\/\/www.elsinodaldetamaulipas.com.mx\/index.php?rest_route=\/wp\/v2\/media\/216829"}],"wp:attachment":[{"href":"https:\/\/www.elsinodaldetamaulipas.com.mx\/index.php?rest_route=%2Fwp%2Fv2%2Fmedia&parent=217711"}],"wp:term":[{"taxonomy":"category","embeddable":true,"href":"https:\/\/www.elsinodaldetamaulipas.com.mx\/index.php?rest_route=%2Fwp%2Fv2%2Fcategories&post=217711"},{"taxonomy":"post_tag","embeddable":true,"href":"https:\/\/www.elsinodaldetamaulipas.com.mx\/index.php?rest_route=%2Fwp%2Fv2%2Ftags&post=217711"}],"curies":[{"name":"wp","href":"https:\/\/api.w.org\/{rel}","templated":true}]}}