{"id":217721,"date":"2026-01-20T20:52:39","date_gmt":"2026-01-21T00:52:39","guid":{"rendered":"https:\/\/www.elsinodaldetamaulipas.com.mx\/?p=217721"},"modified":"2026-01-20T20:52:39","modified_gmt":"2026-01-21T00:52:39","slug":"respeto-y-aprecio-para-la-uat-en-suelo-neolaredense","status":"publish","type":"post","link":"https:\/\/www.elsinodaldetamaulipas.com.mx\/?p=217721","title":{"rendered":"RESPETO Y APRECIO PARA LA UAT EN SUELO NEOLAREDENSE"},"content":{"rendered":"<p>+LLEGA SANGRE A LA SEP FEDERAL<br \/>\n+NADIE SE TRAG\u00d3 ESOS CUENTOS DEL AVI\u00d3N E HIJO<br \/>\n*Un apoyo sin precedente le ha dado el Gobierno Municipal de Suelo Neolaredense que preside CARMEN LILIA CANTUROSAS VILLARREAL, a la educaci\u00f3n preuniversitaria, y una colaboraci\u00f3n estrecha y permanente con la Universidad Aut\u00f3noma de Tamaulipas bajo la rector\u00eda de D\u00c1MASO ANAYA ALVARDO.<br \/>\nLa alcaldesa Canturosas Villarreal y el rector Anaya Alvarado, inauguraron obras de infraestructura educativa en la preparatoria de la UAT; una techumbre y un estacionamiento que arrojaron una inversi\u00f3n municipal de 11 millones 658 mil 479.74 pesos, sobre una superficie de 4 mil 545.93 metros cuadrados, e incluye andadores interiores y \u00e1reas de estacionamiento, beneficiando directamente a 227 alumnos que conforman la matr\u00edcula del periodo escolar 2026-1.<br \/>\nFue un acto c\u00edvico y acad\u00e9mico que marc\u00f3 el inicio formal del Periodo Escolar 2026-1, en donde se refrend\u00f3 la coordinaci\u00f3n institucional entre el Gobierno Municipal y la M\u00e1xima Casa de Estudios del Tamaulipas, en un ambiente de entusiasmo y participaci\u00f3n estudiantil, las autoridades realizaron el corte de list\u00f3n de dos obras que fortalecen las condiciones de aprendizaje y dignifican los espacios educativos para la comunidad escolar.<br \/>\nEl rector, reconoci\u00f3 el respaldo del Gobierno Municipal que encabeza Carmen Lilia, destacando que su visi\u00f3n y compromiso con la educaci\u00f3n han sido determinantes para consolidar proyectos que hoy benefician directamente a la juventud Neolaredense.<br \/>\nExpresando en parte de su mensaje: \u201cQuiero agradecer de manera muy especial a la presidenta municipal Canturosas Villarreal, por su apoyo decidido a la Universidad Aut\u00f3noma de Tamaulipas y, particularmente, a esta Preparatoria UAT Nuevo Laredo; gracias a su liderazgo y sensibilidad social, hoy contamos con infraestructura digna y moderna que fortalece el presente y el futuro de nuestros estudiantes. La educaci\u00f3n es la v\u00eda para que Tamaulipas y Nuevo Laredo sigan avanzando\u201d.<br \/>\nPor su parte Carmen Lilia afirm\u00f3: \u201cPara nuestro gobierno, la educaci\u00f3n es la herramienta m\u00e1s poderosa para transformar vidas y construir un mejor Nuevo Laredo. Hoy entregamos obras que no solo son infraestructura, sino espacios de esperanza, de formaci\u00f3n y de futuro para nuestras juventudes. Seguiremos trabajando de la mano con la Universidad Aut\u00f3noma de Tamaulipas para que ning\u00fan joven se quede sin oportunidades\u201d.<br \/>\nAutoridades coincidieron en que estas acciones se alinean con el proyecto humanista del gobernador del estado AM\u00c9RICO VILLARREAL ANAYA, que prioriza la educaci\u00f3n como un derecho y como eje de transformaci\u00f3n social en Tamaulipas.<br \/>\n*LA EXCELENTE noticia que nos acaba de anunciar \u201cLa Cuatrot\u00e9\u201d a trav\u00e9s del muy querido MARIO DELGADO, que cobra como secretario Federal de Educaci\u00f3n; es que la presidenta CLAUDIA SHEINBAUM, rescat\u00f3 de la infame soledad a FRANCISCO GARDU\u00d1O.<br \/>\nSi, \u00e9l mismo que dirigi\u00f3 al Instituto Nacional de Migraci\u00f3n, y dej\u00f3 una secuela de sangre al incendi\u00e1rsele una estaci\u00f3n migratoria que dej\u00f3 40 muertos.<br \/>\nFue el ABC migratorio.<br \/>\nMario dijo que el nombramiento lo orden\u00f3 la presidenta CLAUDIA SHEINBAUM, y el tipo ir\u00e1 como director General de Centros de Formaci\u00f3n para el Trabajo de la Secretar\u00eda de Educaci\u00f3n P\u00fablica; imag\u00ednense.<br \/>\nDe veras que le ven la cara al pueblo sabio.<br \/>\nPero bueno, hoy ellos tienen el poder y ha sido com\u00fan denominador premiar a los incompetentes; como Gardu\u00f1o hay otros m\u00e1s incrustados en el Gobierno Federal.<br \/>\nLos hijos del expresidente ANDR\u00c9S MANUEL L\u00d3PEZ OBRADOR, son otro baile, cuerda.<br \/>\n*EN SUELO Matamorense en donde manda galleta ALBERTO GRANADOS, se organiza una fiesta en grande para celebrar el bicentenario de la ciudad, y se espera contar con la presencia del gobernador AM\u00c9RICO VILLARREAL ANAYA.<br \/>\nLa celebraci\u00f3n est\u00e1 programada para iniciar el pr\u00f3ximo 28 de enero en la plaza principal con la animaci\u00f3n del grupo estelar norte\u00f1o Pesado.<br \/>\nPero habr\u00e1 una amplia agenda de actividades c\u00edvicas, culturales, art\u00edsticas y deportivas que se desarrollar\u00e1n de enero a abril, para todas las edades y para fortalecer la identidad de la ciudad.<br \/>\nLas celebraciones iniciar\u00e1n el 28 de enero con el acto oficial acompa\u00f1ado de la Exposici\u00f3n Fotogr\u00e1fica \u201c200 a\u00f1os de Historia\u201d, que permanecer\u00e1 abierta del 28 de enero al 1 de marzo, mostrando el legado y la evoluci\u00f3n del municipio a lo largo de dos siglos.<br \/>\nNo se duda ni tantito que Alberto va echar la casa por la ventana por tan especial celebraci\u00f3n.<br \/>\n*NADIE, absolutamente nadie, se trag\u00f3 ese cuento de la presidenta CLAUDIA SHEINBAUM, de que la aeronave gringa que aterriz\u00f3 en el aeropuerto de Toluca venia por funcionarios mexicanos para un curso de capacitaci\u00f3n en Estados Unidos de Norteam\u00e9rica.<br \/>\nComento esto por sus permanentes discursos desde sus ma\u00f1aneras pueblerinas desde Palacio Nacional, que la soberan\u00eda nacional.<br \/>\nY ella siendo tan nacionalista y con un discurso antiimperialista; y todo sin el permiso del senado.<br \/>\nA poco M\u00e9xico no tiene aviones para trasladar a esos funcionarios mexicanos que se fueron a capacitar.<br \/>\nComo tampoco nadie le cree que GONZALO L\u00d3PEZ BELTR\u00c1N, hijo de quien usted ya sabe, nada tuvo que ver en la construcci\u00f3n del tren interoce\u00e1nico y tuvo cargo honorifico; esos juniors no dan paso sin huarache.<br \/>\nVivimos en el pa\u00eds de las mentiras, no me canso de decirlo.<br \/>\nSheinbaum, presumi\u00f3 que la lideresa nacional de Morena LUISA MAR\u00cdA ALCALDE y ANDR\u00c9S MANUEL L\u00d3PEZ BELTR\u00c1N, le rindieron un informe sobre el partido guinda ayer en Palacio Nacional.<br \/>\nSe me hace que se equivocaron, debieron ir a rendir ese informe a Tabasco.<br \/>\n*BIEN metido en la mente del gobernador AM\u00c9RICO VILLARREAL ANAYA, el tema de seguridad, que este martes en conferencia de prensa en Palacio de Gobierno lo volvi\u00f3 a mencionar al afirmar el fortalecimiento de la estrategia estatal de seguridad con un enfoque humanista, preventivo y de coordinaci\u00f3n interinstitucional, al asegurar que la entidad ha entrado en una fase clave para consolidar la paz, reducir la incidencia delictiva y recuperar la confianza ciudadana.<br \/>\nEl doctor gobernador llev\u00f3 el tema de seguridad a la segunda edici\u00f3n de \u201cDi\u00e1logos con Am\u00e9rico\u201d el pasado domingo, y el lunes volvi\u00f3 a tocar el tema en encerrona que tuvo en el Congreso del Estado.<br \/>\nEste martes, lo hizo nuevamente, y estuvo acompa\u00f1ado, en conferencia de prensa, del secretario Estatal de Seguridad ARTURO PANCARDO ESCUDERO; JES\u00daS EDUARDO GOVEA OROZCO fiscal de justicia; y el secretario ejecutivo del Sistema Estatal de Seguridad P\u00fablica WILLY ZU\u00d1IGA CASTILLO; destacando que en el presente a\u00f1o se ampliar\u00e1n los canales de comunicaci\u00f3n con la ciudadan\u00eda para fortalecer la conversaci\u00f3n p\u00fablica y la rendici\u00f3n de cuentas.<br \/>\nAsegur\u00f3: \u201cHoy la gente vuelve a viajar con confianza, la econom\u00eda crece, el turismo supera metas hist\u00f3ricas y la vida social se recompone\u201d, y que la seguridad se mide no s\u00f3lo en cifras, sino en la vida cotidiana de las y los tamaulipecos.<br \/>\nY fue claro, pidi\u00f3 a las familias tamaulipecas tener mayor confianza en sus instituciones de seguridad y reiter\u00f3 toda su disposici\u00f3n para seguir garantizando el cumplimiento del estado de derecho para que nuestra sociedad viva en paz, con tranquilidad y pueda lograr mayor desarrollo y bienestar social.<br \/>\n*EN ASUTOS meramente deportivos: Este mi\u00e9rcoles por la noche inicia la final de la Liga Mexicana del Pacifico.<br \/>\nY se enfrentan dos muy buenos equipos: \u201cCharros\u201d de Jalisco visitando en el primer juego a \u201cTomateros\u201d de Culiac\u00e1n.<br \/>\nPor supuesto que ver\u00e9 los partidos.<br \/>\nEl s\u00e1bado fue abucheado por su afici\u00f3n el Real Madrid, pero este martes que triunf\u00f3 en la Liga de Campeones de Europa, goleando por 6 a 1 al Monaco, todo se volvi\u00f3 pura miel.<br \/>\n*PORQUE a\u00fan hay tiempo no se le pase felicitar este martes con motivo de sus cumplea\u00f1os al expresidente municipal de Suelo Riobravense ROBERTO BENET RAMOS; a la diputada local \u00daRSULA PATRICIA SALAZAR, que ya se auto-festej\u00f3 en Suelo Tampique\u00f1o con tremendo huateque, en donde quiere gobernar; al entrenador de voleibol GERARDO MARES TOVAR; al amigo periodista local JOS\u00c9 LUIS TADEO, y al exdiputado local de Suelo Matamorense PEDRO LUIS \u201cEl Peluco\u201d CORONADO AYARZAGOITIA.<br \/>\nFiesta en el cielo para Elpidio \u201cPiri\u201d Rodr\u00edguez.<br \/>\nUn monumental abrazo y que vengan muchos m\u00e1s.<br \/>\nVolveremos, HL\u2026D\u2026M<br \/>\nCorreo electr\u00f3nico: barre283@hotmail.com<\/p>\n","protected":false},"excerpt":{"rendered":"<p>+LLEGA SANGRE A LA SEP FEDERAL +NADIE SE TRAG\u00d3 ESOS CUENTOS DEL AVI\u00d3N E HIJO *Un apoyo sin precedente le ha dado el Gobierno Municipal de Suelo Neolaredense que preside CARMEN LILIA CANTUROSAS VILLARREAL, a la educaci\u00f3n preuniversitaria, y una colaboraci\u00f3n estrecha y permanente con la Universidad Aut\u00f3noma de Tamaulipas bajo la rector\u00eda de D\u00c1MASO [&hellip;]<\/p>\n","protected":false},"author":1,"featured_media":216294,"comment_status":"closed","ping_status":"closed","sticky":false,"template":"","format":"standard","meta":{"footnotes":""},"categories":[16],"tags":[],"class_list":["post-217721","post","type-post","status-publish","format-standard","has-post-thumbnail","hentry","category-opinion"],"_links":{"self":[{"href":"https:\/\/www.elsinodaldetamaulipas.com.mx\/index.php?rest_route=\/wp\/v2\/posts\/217721","targetHints":{"allow":["GET"]}}],"collection":[{"href":"https:\/\/www.elsinodaldetamaulipas.com.mx\/index.php?rest_route=\/wp\/v2\/posts"}],"about":[{"href":"https:\/\/www.elsinodaldetamaulipas.com.mx\/index.php?rest_route=\/wp\/v2\/types\/post"}],"author":[{"embeddable":true,"href":"https:\/\/www.elsinodaldetamaulipas.com.mx\/index.php?rest_route=\/wp\/v2\/users\/1"}],"replies":[{"embeddable":true,"href":"https:\/\/www.elsinodaldetamaulipas.com.mx\/index.php?rest_route=%2Fwp%2Fv2%2Fcomments&post=217721"}],"version-history":[{"count":1,"href":"https:\/\/www.elsinodaldetamaulipas.com.mx\/index.php?rest_route=\/wp\/v2\/posts\/217721\/revisions"}],"predecessor-version":[{"id":217722,"href":"https:\/\/www.elsinodaldetamaulipas.com.mx\/index.php?rest_route=\/wp\/v2\/posts\/217721\/revisions\/217722"}],"wp:featuredmedia":[{"embeddable":true,"href":"https:\/\/www.elsinodaldetamaulipas.com.mx\/index.php?rest_route=\/wp\/v2\/media\/216294"}],"wp:attachment":[{"href":"https:\/\/www.elsinodaldetamaulipas.com.mx\/index.php?rest_route=%2Fwp%2Fv2%2Fmedia&parent=217721"}],"wp:term":[{"taxonomy":"category","embeddable":true,"href":"https:\/\/www.elsinodaldetamaulipas.com.mx\/index.php?rest_route=%2Fwp%2Fv2%2Fcategories&post=217721"},{"taxonomy":"post_tag","embeddable":true,"href":"https:\/\/www.elsinodaldetamaulipas.com.mx\/index.php?rest_route=%2Fwp%2Fv2%2Ftags&post=217721"}],"curies":[{"name":"wp","href":"https:\/\/api.w.org\/{rel}","templated":true}]}}