{"id":217723,"date":"2026-01-20T20:55:54","date_gmt":"2026-01-21T00:55:54","guid":{"rendered":"https:\/\/www.elsinodaldetamaulipas.com.mx\/?p=217723"},"modified":"2026-01-20T20:55:54","modified_gmt":"2026-01-21T00:55:54","slug":"sembradores-de-terror","status":"publish","type":"post","link":"https:\/\/www.elsinodaldetamaulipas.com.mx\/?p=217723","title":{"rendered":"SEMBRADORES DE TERROR"},"content":{"rendered":"<p>&nbsp;<\/p>\n<p><strong><em>Sembradores del terror,<\/em><\/strong><\/p>\n<p><strong><em>fueron \u201cvientos\u201d fallidos;<\/em><\/strong><\/p>\n<p><strong><em>que por suerte son idos,<\/em><\/strong><\/p>\n<p><strong><em>votar por ellos fue error\u2026<\/em><\/strong><\/p>\n<p><strong><em>\u00a0<\/em><\/strong><\/p>\n<p><strong><em>Nunca dieron confianza,<\/em><\/strong><\/p>\n<p><strong><em>s\u00f3lo miedo, provocaron<\/em><\/strong><\/p>\n<p><strong><em>y a poblaci\u00f3n asustaron;<\/em><\/strong><\/p>\n<p><strong><em>pero hoy, hay esperanza\u2026<\/em><\/strong><\/p>\n<p>&nbsp;<\/p>\n<p>Hace un tiempo, el actual presidente de la Junta de Gobierno, del Congreso local, <strong>ARMANDO PRIETO HERRERA<\/strong>, se\u00f1al\u00f3 \u2014con \u00edndice flam\u00edgero\u2014, que el Grupo de Operaciones Especiales, conocido como <strong>GOPES<\/strong>, fue el Cartel del hoy exgobernador <strong>FRANCISCO GARC\u00cdA CABEZA DE VACA<\/strong>.<\/p>\n<p>Otras voces secundaron lo dicho por <strong>PRIETO HERRERA<\/strong>, quien tambi\u00e9n dijo que la poblaci\u00f3n de Reynosa prefer\u00eda pedir a los grupos que operaban al margen de la ley, que los ayudaran a recuperar cosas que les robaban, porque si le hablaban a los <strong>GOPES<\/strong>, terminar\u00edan con la casa vac\u00eda.<\/p>\n<p>All\u00ed est\u00e1 la masacre que se present\u00f3 en Camargo, hace cinco a\u00f1os (22 de enero del 2021) que tras las investigaciones dieron con 12 polic\u00edas estatales a los que se les dict\u00f3 sentencia. Las v\u00edctimas eran 17 migrantes de Guatemala y El Salvador, as\u00ed como dos mexicanos.<\/p>\n<p>Lo anterior sirve como pre\u00e1mbulo que sustentar lo declarado este martes por el gobernador <strong>AM\u00c9RICO VILLARREAL ANAYA<\/strong>, durante una conferencia donde present\u00f3 los logros en materia de Seguridad de Tamaulipas.<\/p>\n<p><strong>AM\u00c9RICO<\/strong> les llam\u00f3 a las cosas por su nombre al momento de fijar su postura, tras pedir que nadie fuera de memoria corta y no se olvidara de las atrocidades del pasado, porque est\u00e1n documentadas.<\/p>\n<p>Aunque nunca mencion\u00f3 a su antecesor, era obvio a quien se refer\u00eda cuando mencion\u00f3 que \u201c<em>la Autoridad de entonces y sus mandos de Polic\u00eda, en lugar de inspirar confianza y protecci\u00f3n sembraban miedo<\/em>\u201d.<\/p>\n<p>El Mandatario tamaulipeco estuvo acompa\u00f1ado por el secretario de Seguridad, <strong>CARLOS ARTURO PANCARDO ESCUDERO<\/strong>, el fiscal general de Justicia, <strong>JES\u00daS EDUARDO GOVEA OROZCO<\/strong> y el Vocero de Seguridad, <strong>WILLY Z\u00da\u00d1IGA CASTILLO<\/strong>, quienes expusieron con gr\u00e1ficas lo logrado en Tamaulipas por el actual Gobierno transformador; que rebasa y por mucho esa ola de miedo de los vientos idos\u2026 \u00a1<strong><em>Zaaas culebra<\/em><\/strong>!<\/p>\n<p>All\u00ed, <strong>AM\u00c9RICO<\/strong> record\u00f3 que recibi\u00f3 \u201cun Gobierno en muy malas condiciones, postrado en todos los sentidos\u201d, por lo que empez\u00f3 a mover obst\u00e1culos, para enderezar el rumbo; con orden, disciplina y decisi\u00f3n.<\/p>\n<p>Por fortuna y gracias al voto de m\u00e1s de 730 mil tamaulipecos, los \u201cvientos fallidos\u201d se han ido, pero han quedado documentadas sus brutalidades, sus latrocinios y el terror sembrado; de ah\u00ed que <strong>AM\u00c9RICO<\/strong> pueda afirmar que: \u201c<em>Hoy tenemos una visi\u00f3n distinta de la seguridad y de la responsabilidad de gobernar<\/em>\u201d.<\/p>\n<p>Gracias al trabajo conjunto con el Gobierno federal, <strong>VILLARREAL ANAYA<\/strong> precis\u00f3 que Tamaulipas est\u00e1 en los primeros lugares a nivel nacional en la obtenci\u00f3n del Certificado \u00danico Policial, que acredita que la entidad tiene una corporaci\u00f3n confiable, ya que el 98.4 por ciento cumple con los controles de confianza, \u201c<em>esto significa ver a una Guardia cercana, confiable y presente en las calles y carreteras<\/em>\u201d, dijo.<\/p>\n<p>A pesar de los logros presentados y difundidos, en materia de seguridad \u201c<em>no es una tarea terminada<\/em>\u201d, lo ha dicho siempre el Gobernador de Tamaulipas; pero los n\u00fameros hablan por s\u00ed mismos y demuestran \u201c<em>una clara reducci\u00f3n del \u00edndice general de delitos en la mayor\u00eda de los 98 indicadores que mide el Secretariado Ejecutivo, en especial a los de alto impacto y el desempe\u00f1o de Tamaulipas con respecto a otras entidades<\/em>\u201d, dijo.<\/p>\n<p><strong>AM\u00c9RICO<\/strong> afirm\u00f3 que se continuar\u00e1 aportando el sustento estructural para lograr mayor seguridad, de ah\u00ed que se trabaje de forma diaria \u201c<em>por una seguridad que se mida y se sienta en la vida diaria de las y los ciudadanos tamaulipecos<\/em>\u201d.<\/p>\n<p>Nadie oculta los brotes de violencia que todav\u00eda se presentan en algunas zonas de Tamaulipas; pero tampoco nadie puede minimizar el trabajo diario del Gobierno de <strong>AM\u00c9RICO VILLARREAL<\/strong>, a trav\u00e9s de la Mesa de Seguridad, por mejorar no s\u00f3lo la percepci\u00f3n de que hay mayor seguridad, sino tambi\u00e9n los \u00edndices que sustenta dicha percepci\u00f3n.<\/p>\n<p>En resumen\u2026 Mientras en el pasado se causaba terror a la poblaci\u00f3n en lugar de generar confianza, en el sexenio de <strong>AM\u00c9RICO<\/strong> la confianza de la poblaci\u00f3n la ha ido recuperando hacia una Corporaci\u00f3n como lo es la Guardia Estatal y todo el aparato de Seguridad que lo conforma\u2026 No s\u00f3lo se trata de poner el huevo, sino tambi\u00e9n cacarearlo, de ah\u00ed la rueda de prensa de este martes\u2026 \u00a1<strong><em>Ostias t\u00edo de la Virgen santa<\/em><\/strong>!<\/p>\n<p>En otro tema, el alcalde de Ciudad Victoria, <strong>EDUARDO GATT\u00c1S B\u00c1EZ <\/strong>se reuni\u00f3 con la secretaria de Desarrollo Urbano y Medio Ambiente del gobierno del Estado, <strong>KARINA SALD\u00cdVAR LARTIGUE<\/strong>, para evaluar el avance de los proyectos Puerto Interior (Seco) y Centro Integral de Residuos en la Capital de Tamaulipas.<\/p>\n<p>En el encuentro celebrado en la sala de juntas de SEDUMA, reiter\u00f3 el apoyo y colaboraci\u00f3n del Gobierno de Victoria con el prop\u00f3sito de dar continuidad a los proyectos que impulsa el gobernador <strong>AM\u00c9RICO VILLARREAL ANAYA<\/strong> para detonar el desarrollo industrial, econ\u00f3mico y de impacto ambiental.<\/p>\n<p>\u201c<em>Estamos comprometidos con la visi\u00f3n del gobernador para transformar y mejorar la calidad de vida de los habitantes de la Capital del Estado, por eso nuestro inter\u00e9s de conocer el avance de planificaci\u00f3n, log\u00edstica y contribuir en diligencias que competen al gobierno municipal<\/em>\u201d se\u00f1al\u00f3 <strong>GATT\u00c1S B\u00c1EZ<\/strong>\u2026 \u00a1<strong><em>Enhorabuena<\/em><\/strong>!<\/p>\n<p><strong>LA GRILLOTINA: DICHOS Y DESDICHOS<\/strong><\/p>\n<p><strong>++ANDAN DICIENDO QUE\u2026<\/strong> Alguien al interior de la Fiscal\u00eda General de Justicia del Estado, ten\u00eda mucha prisa y todo el \u201cjocoque\u201d del Mundo (mala leche) por exhibir al encargado de la Dependencia con el caso de la presunta violaci\u00f3n de dos residentes en el Hospital Infantil\u2026 <strong>CUENTAN QUE\u2026 <\/strong>Al final el tiro les sali\u00f3 por la culata, pues <strong>JES\u00daS EDUARDO GOVEA OROZCO<\/strong>, con todos sus \u201casegunes\u201d, lleg\u00f3 a una Dependencia en donde le heredaron viejos vicios y chapuzas, como esa de presentar \u201cculpables de paja\u201d que al final les tumb\u00f3 el caso\u2026 <strong>TAMBI\u00c9N CUENTAN QUE\u2026<\/strong> Lejos de abollarle la corona a <strong>GOVEA<\/strong>, en realidad lo que consiguieron fue acelerar el an\u00e1lisis de los procesos y personal de la Dependencia, en donde unos ser\u00e1n reubicados, otros removidos y unos m\u00e1s hasta demandados\u2026 \u00a1<strong><em>Ay nanita<\/em><\/strong>!<\/p>\n<p><strong>++ANDAN DICIENDO QUE\u2026<\/strong> La exdiputada local del Partido Revolucionario Institucional (PRI), exalcaldesa del Partido Acci\u00f3n Nacional (PAN) por Tampico y actual delegada regional de Bienestar \u2014del color guindo\u2014 <strong>MAGDALENA PERAZA GUERRA<\/strong>, no pierde las ilusiones de convertirse nuevamente en Alcaldesa del puerto\u2026 <strong>CUENTAN QUE\u2026<\/strong> Do\u00f1a<strong> MAGDA<\/strong> est\u00e1 haciendo lo propio y operando libremente para mantener vigente su imagen, en espera de que se presente la oportunidad y ser la \u201cjugadora emergente\u201d en caso de ser necesario y no se d\u00e9 la reelecci\u00f3n a la actual alcaldesa <strong>M\u00d3NICA VILLARREAL<\/strong> quien no ha podido igualar el brillo que su antecesor le imprimi\u00f3 a Tampico\u2026 <strong>TAMBI\u00c9N CUENTAN QUE\u2026<\/strong> Aunque do\u00f1a <strong>MAGDA<\/strong> quiere ser Alcaldesa del Puerto y ya mueve su estructura, bien podr\u00eda aceptar, como premio de consolaci\u00f3n, ser Diputada federal, de lo que se asegura, es a donde realmente le est\u00e1 tirando, pero amagando con la Alcald\u00eda\u2026 \u00a1<strong><em>Calla pes\u00e1o<\/em><\/strong>!<\/p>\n<p><strong>++ANDAN DICIENDO QUE\u2026 <\/strong>La visita a la Capital de Tamaulipas, por parte de la presidenta de M\u00e9xico, <strong>CLAUDIA SHEINBAUM PARDO<\/strong>, programada para el s\u00e1bado 24 de enero, ha provocado una serie de especulaciones y algunas demasiado \u201cfumadas\u201d\u2026 <strong>CUENTAN QUE\u2026<\/strong> La visita es para calmar los \u00e1nimos y atemperar las embravecidas aguas que han provocado los acelerados a las alcald\u00edas, diputaciones federales, locales y hasta la gubernatura\u2026 Se olvidan, quienes as\u00ed especulan, que la presidenta de M\u00e9xico no es \u201cbombera\u201d de nadie y en todo caso all\u00ed est\u00e1 la Secretar\u00eda de Gobernaci\u00f3n para dar de coscorrones en caso de ser necesario\u2026 <strong>TAMBI\u00c9N CUENTAN QUE\u2026 <\/strong>Las elucubraciones, los sospechosismos y los asegunes seguir\u00e1n de aqu\u00ed hasta el s\u00e1bado, pero la realidad es simple: la Mandataria mexicana visita Tamaulipas como parte de su agenda, que no tiene nada que ver con lo electoral\u2026 Sin duda su visita significa un apoyo fenomenal al gobernador <strong>AM\u00c9RICO VILLARREAL<\/strong> <strong>ANAYA<\/strong>, es decir espaldarazo y apapacho, pero hasta all\u00ed, lo dem\u00e1s ser\u00e1 trabajo y especulaciones\u2026 Muy buena la imaginaci\u00f3n de quienes dicen que la Presidenta de M\u00e9xico viene a operar a ras de piso con la investidura que tiene, es decir se avienta un viaje de la Ciudad de M\u00e9xico a Tamaulipas para aplacar un pleito entre varios candidatos a una Alcald\u00eda\u2026 \u00a1<strong><em>Santas Batielucubraciones<\/em><\/strong>!<\/p>\n<p><strong>++ANDAN DICIENDO QUE\u2026<\/strong> Mucha sospecha est\u00e1n causando los medi\u00e1ticos movimientos del titular de la Comisi\u00f3n de Caza y Pesca Deportiva de Tamaulipas, <strong>LUIS EDUARDO GARC\u00cdA REYES<\/strong>, y m\u00e1s cuando se asegura que tiene un \u201cpesado padrino\u201d que lo impulsa para que compita por la Alcald\u00eda de Ciudad Victoria\u2026 <strong>CUENTAN QUE\u2026<\/strong> Don <strong>LUIS GARC\u00cdA<\/strong> ya se ilusion\u00f3 mucho con eso de salir de \u201ccacer\u00eda\u201d en busca de una candidatura \u2014por Morena\u2014 sobre todo porque a finales del a\u00f1o pasado su nombre empez\u00f3 a figurar en una que otra lista de prospectos\u2026 <strong>TAMBI\u00c9N CUENTAN QUE\u2026<\/strong> Con eso de mantener su imagen vigente, el presupuesto de la Comisi\u00f3n de Caza y Pesca se est\u00e1 yendo, yendo y yendo, sin lograr posicionar su imagen m\u00e1s all\u00e1 de los espl\u00e9ndidos desayunos que organiza y uno que otro presente que obsequia\u2026 Pero su imagen, de momento, no la ha podido levantar ni con Viagra\u2026 \u00a1<strong><em>Sacarr\u00e1catelas<\/em><\/strong>!<\/p>\n<p><strong>GRACIAS\u2026<\/strong> Nos leemos hasta ma\u00f1ana<\/p>\n<p><strong>COMENTARIOS<\/strong>: <a href=\"mailto:letrasprohibidas2011@hotmail.com\">letrasprohibidas2011@hotmail.com<\/a><\/p>\n","protected":false},"excerpt":{"rendered":"<p>&nbsp; Sembradores del terror, fueron \u201cvientos\u201d fallidos; que por suerte son idos, votar por ellos fue error\u2026 \u00a0 Nunca dieron confianza, s\u00f3lo miedo, provocaron y a poblaci\u00f3n asustaron; pero hoy, hay esperanza\u2026 &nbsp; Hace un tiempo, el actual presidente de la Junta de Gobierno, del Congreso local, ARMANDO PRIETO HERRERA, se\u00f1al\u00f3 \u2014con \u00edndice flam\u00edgero\u2014, que [&hellip;]<\/p>\n","protected":false},"author":1,"featured_media":216587,"comment_status":"closed","ping_status":"closed","sticky":false,"template":"","format":"standard","meta":{"footnotes":""},"categories":[16],"tags":[],"class_list":["post-217723","post","type-post","status-publish","format-standard","has-post-thumbnail","hentry","category-opinion"],"_links":{"self":[{"href":"https:\/\/www.elsinodaldetamaulipas.com.mx\/index.php?rest_route=\/wp\/v2\/posts\/217723","targetHints":{"allow":["GET"]}}],"collection":[{"href":"https:\/\/www.elsinodaldetamaulipas.com.mx\/index.php?rest_route=\/wp\/v2\/posts"}],"about":[{"href":"https:\/\/www.elsinodaldetamaulipas.com.mx\/index.php?rest_route=\/wp\/v2\/types\/post"}],"author":[{"embeddable":true,"href":"https:\/\/www.elsinodaldetamaulipas.com.mx\/index.php?rest_route=\/wp\/v2\/users\/1"}],"replies":[{"embeddable":true,"href":"https:\/\/www.elsinodaldetamaulipas.com.mx\/index.php?rest_route=%2Fwp%2Fv2%2Fcomments&post=217723"}],"version-history":[{"count":1,"href":"https:\/\/www.elsinodaldetamaulipas.com.mx\/index.php?rest_route=\/wp\/v2\/posts\/217723\/revisions"}],"predecessor-version":[{"id":217724,"href":"https:\/\/www.elsinodaldetamaulipas.com.mx\/index.php?rest_route=\/wp\/v2\/posts\/217723\/revisions\/217724"}],"wp:featuredmedia":[{"embeddable":true,"href":"https:\/\/www.elsinodaldetamaulipas.com.mx\/index.php?rest_route=\/wp\/v2\/media\/216587"}],"wp:attachment":[{"href":"https:\/\/www.elsinodaldetamaulipas.com.mx\/index.php?rest_route=%2Fwp%2Fv2%2Fmedia&parent=217723"}],"wp:term":[{"taxonomy":"category","embeddable":true,"href":"https:\/\/www.elsinodaldetamaulipas.com.mx\/index.php?rest_route=%2Fwp%2Fv2%2Fcategories&post=217723"},{"taxonomy":"post_tag","embeddable":true,"href":"https:\/\/www.elsinodaldetamaulipas.com.mx\/index.php?rest_route=%2Fwp%2Fv2%2Ftags&post=217723"}],"curies":[{"name":"wp","href":"https:\/\/api.w.org\/{rel}","templated":true}]}}