{"id":217729,"date":"2026-01-20T21:46:39","date_gmt":"2026-01-21T01:46:39","guid":{"rendered":"https:\/\/www.elsinodaldetamaulipas.com.mx\/?p=217729"},"modified":"2026-01-20T21:46:39","modified_gmt":"2026-01-21T01:46:39","slug":"desesperado-jr-lanza-a-su-misero-alfil","status":"publish","type":"post","link":"https:\/\/www.elsinodaldetamaulipas.com.mx\/?p=217729","title":{"rendered":"DESESPERADO JR, LANZA A SU M\u00cdSERO ALFIL"},"content":{"rendered":"<div class=\"post-content\">\n<p>SE LE ESCAPA EL CONTROL DEL PAN A CDV E IMPROVISA\u2026Nada tendr\u00eda que hacer la ex Directora del DIF Tamaulipas durante el Gobierno del malhechor, FRANCISCO GARC\u00cdA CABEZA DE VACA, frente a CESAR VERASTEGUI OSTOS GARCIA, intentando disputarle la dirigencia estatal del PAN.<\/p>\n<p>Ella es la candidata del impresentable ex gobernador, que la quiere meter con calzador, con todo y sus problemas de salud que la mantuvieron en condiciones cr\u00edticas y ante la vista de muchos ahora es forzada pelear en un escenario que ya cambi\u00f3.<\/p>\n<p>Y si como aseguran algunos, la dirigencia nacional del PAN optar\u00eda por que fuera mujer quien abandere la lucha por llegar a dirigir al partido albiazul, para dejar fuera de la disputa al experimentado \u201cTRUKO\u201d, para su mala suerte la ex Magistrada no tendr\u00eda posibilidades de lograr la haza\u00f1a ante una oponente como, GLORIA GARZA.<\/p>\n<p>El paso de la ex Regidora en Reynosa, por el Supremo Tribunal de Justicia de Tamaulipas fue de noche, nada que se pueda destacar.<\/p>\n<p>CABEZA DE VACA, meter\u00eda rabo y cola en la elecci\u00f3n del PAN, aunque pocos, muy pocos, responder\u00edan a sus intereses, con el agregado de que ya no incide en la conciencia de la militancia y su verborrea a pocos o, mejor dicho, a nadie convence y sus amenazas a nadie asustan.<\/p>\n<p>Ahora se entiende la raz\u00f3n por la que su hermano, el m\u00e1s faltista e improductivo legislador del Congreso Local, ISMAEL GARC\u00cdA CABEZA DE VACA, se ve tan menguado f\u00edsicamente, la preocupaci\u00f3n de perder el control del partido lo est\u00e1 acabando, todo acabar\u00eda para ellos y su dinast\u00eda.<\/p>\n<p>A FRANCISCO e ISMAEL, se les acab\u00f3 el corrido y a pocos, muy pocos logran controlar o convencer de apoyar a la dama que pretende imponer de candidata, municipios que antes controlaban han decidido romper con el malandro, las expresiones de apoyo no favorecen a sus socios y c\u00f3mplices, los CABEZA DE VACA, est\u00e1n aniquilados.<\/p>\n<p>UNA TRAS\u2026ACTOS ANTICIPADO DE CAMPA\u00d1A, EL DEL JR y CLAUDIA\u2026Una imagen hecha por computadora, pretendiendo hacer creer que corresponde a un espectacular al momento de ser colocado, fue elaborado por peones de JOSE RAM\u00d3N G\u00d3MEZ LEAL, conocido como el JR.<\/p>\n<p>Varios incautos cayeron en el perverso juego de, JR y de, CLAUDIA HERN\u00c1NDEZ, quien, ahora sabemos, es diputada federal y ser\u00eda, a decir de quien cobra como Senador, la pr\u00f3xima candidata a presidenta municipal de Reynosa.<\/p>\n<p>Ambos, CLAUDIA y JR, deben saber que todo acto anticipado de campa\u00f1a y la colocaci\u00f3n de espectaculares constituye una violaci\u00f3n en materia electoral y por lo mismo sancionada.<br \/>\nEl distractor sorprendi\u00f3 a varios en Reynosa, otros se dieron a recorrer la ciudad en busca del, supuesto espectacular que nunca existi\u00f3, solo en la mente retorcida de, JR y de su \u201caspirante\u201d a candidata, dama a la que pocos, muy pocos conocen.<\/p>\n<p>En c\u00edrculos pol\u00edticos se comenta y ha corrido la especia de que el cu\u00f1ado de, PANCHO EL CABEZON, ya habr\u00eda pagado por adelantado y por lo mismo hasta comprometido con \u00e9l mismo la candidatura para, CLAUDIA.<\/p>\n<p>El propio JR, desespera por que los tiempos electorales lleguen para emprender su campa\u00f1a, se sabe que buscar\u00eda ser el candidato de MORENA al Gobierno de Tamaulipas, pero sus v\u00ednculos con el Guachicoleo y las relaciones delincuenciales con su cu\u00f1ado lo ponen en un serio predicamento de, ni siquiera, terminar como Senador.<\/p>\n<p>1.-UNA TRAS\u2026EN TEMA DE SEGURIDAD SE DEBE CONFIAR EN LAS INSTITUCIONES: AVA\u2026Confiar en las instituciones pidi\u00f3 a los tamaulipecos el gobernador, AMERICO VILLARREAL ANAYA, quien este martes present\u00f3 una amplia radiograf\u00eda de los avances que se han logrado alcanzar en el tema de seguridad.<\/p>\n<p>En la introducci\u00f3n del tema el mandatario asegur\u00f3 que es la zona sur, obvio Tampico, Madero y Altamira, de la m\u00e1s segura de toda la entidad, adem\u00e1s de que la estrategia emprendida por su gobierno permite la disminuci\u00f3n de los \u00edndices delictivos.<\/p>\n<p>Lo expuesto por VILLARREAL ANAYA y posteriormente por los titulares de la Fiscal\u00eda General de Justicia de Tamaulipas, Secretaria de Seguridad P\u00fablica y Secretariado Ejecutivo del Sistema Estatal de Seguridad P\u00fablica, se da en la antesala de que pise suelo tamaulipeco la Presidente, CLAUDIA SHEINBAUM PARDO, concretamente la capital del estado.<br \/>\nCOMENTARIOS<br \/>\nJesusher63@hotmail.com<br \/>\ncntnotas@hotmail.com<\/p>\n<\/div>\n","protected":false},"excerpt":{"rendered":"<p>SE LE ESCAPA EL CONTROL DEL PAN A CDV E IMPROVISA\u2026Nada tendr\u00eda que hacer la ex Directora del DIF Tamaulipas durante el Gobierno del malhechor, FRANCISCO GARC\u00cdA CABEZA DE VACA, frente a CESAR VERASTEGUI OSTOS GARCIA, intentando disputarle la dirigencia estatal del PAN. Ella es la candidata del impresentable ex gobernador, que la quiere meter [&hellip;]<\/p>\n","protected":false},"author":1,"featured_media":216369,"comment_status":"closed","ping_status":"closed","sticky":false,"template":"","format":"standard","meta":{"footnotes":""},"categories":[16],"tags":[],"class_list":["post-217729","post","type-post","status-publish","format-standard","has-post-thumbnail","hentry","category-opinion"],"_links":{"self":[{"href":"https:\/\/www.elsinodaldetamaulipas.com.mx\/index.php?rest_route=\/wp\/v2\/posts\/217729","targetHints":{"allow":["GET"]}}],"collection":[{"href":"https:\/\/www.elsinodaldetamaulipas.com.mx\/index.php?rest_route=\/wp\/v2\/posts"}],"about":[{"href":"https:\/\/www.elsinodaldetamaulipas.com.mx\/index.php?rest_route=\/wp\/v2\/types\/post"}],"author":[{"embeddable":true,"href":"https:\/\/www.elsinodaldetamaulipas.com.mx\/index.php?rest_route=\/wp\/v2\/users\/1"}],"replies":[{"embeddable":true,"href":"https:\/\/www.elsinodaldetamaulipas.com.mx\/index.php?rest_route=%2Fwp%2Fv2%2Fcomments&post=217729"}],"version-history":[{"count":1,"href":"https:\/\/www.elsinodaldetamaulipas.com.mx\/index.php?rest_route=\/wp\/v2\/posts\/217729\/revisions"}],"predecessor-version":[{"id":217730,"href":"https:\/\/www.elsinodaldetamaulipas.com.mx\/index.php?rest_route=\/wp\/v2\/posts\/217729\/revisions\/217730"}],"wp:featuredmedia":[{"embeddable":true,"href":"https:\/\/www.elsinodaldetamaulipas.com.mx\/index.php?rest_route=\/wp\/v2\/media\/216369"}],"wp:attachment":[{"href":"https:\/\/www.elsinodaldetamaulipas.com.mx\/index.php?rest_route=%2Fwp%2Fv2%2Fmedia&parent=217729"}],"wp:term":[{"taxonomy":"category","embeddable":true,"href":"https:\/\/www.elsinodaldetamaulipas.com.mx\/index.php?rest_route=%2Fwp%2Fv2%2Fcategories&post=217729"},{"taxonomy":"post_tag","embeddable":true,"href":"https:\/\/www.elsinodaldetamaulipas.com.mx\/index.php?rest_route=%2Fwp%2Fv2%2Ftags&post=217729"}],"curies":[{"name":"wp","href":"https:\/\/api.w.org\/{rel}","templated":true}]}}