{"id":217731,"date":"2026-01-20T21:48:53","date_gmt":"2026-01-21T01:48:53","guid":{"rendered":"https:\/\/www.elsinodaldetamaulipas.com.mx\/?p=217731"},"modified":"2026-01-20T21:48:53","modified_gmt":"2026-01-21T01:48:53","slug":"disminuyen-en-tamaulipas-delitos-de-alto-impacto","status":"publish","type":"post","link":"https:\/\/www.elsinodaldetamaulipas.com.mx\/?p=217731","title":{"rendered":"DISMINUYEN EN TAMAULIPAS DELITOS DE ALTO IMPACTO"},"content":{"rendered":"<p>C R O N I C A S\u00a0\u00a0\u00a0 P O L I T I C A S<\/p>\n<p>&nbsp;<\/p>\n<p><strong>\u00a0Por Alberto Guerra Salazar<\/strong><\/p>\n<p><strong>CIUDAD VICTORIA, (ASI).\u2014 Apoy\u00e1ndose en n\u00fameros reales y concretos, el Gobernador Am\u00e9rico Villarreal Anaya presumi\u00f3 que la incidencia delictiva disminuy\u00f3 en un 57 por ciento en el delito de homicidios dolosos en el comparativo de 2023 al cierre de 2025.<\/strong><\/p>\n<p><strong>\u201cConsidero que nuestros indicadores revelan objetivamente una mejor condici\u00f3n que la que encontramos; ah\u00ed est\u00e1n las cifras, con una clara disminuci\u00f3n del \u00edndice general de delitos en la mayor\u00eda de los 98 indicadores que mide el Secretariado Ejecutivo, en especial en lo referente a los de alto impacto\u201d, dijo.<\/strong><\/p>\n<p><strong>Presumi\u00f3, asimismo, que \u201cla gente vuelve a viajar con confianza, la econom\u00eda est\u00e1 creciendo, el turismo ha superado metas hist\u00f3ricas de visitantes, la vida social de nuestro pueblo se recompone, lo que convierte a la seguridad en una experiencia que incide y se siente en la vida diaria de todos\u201d.<\/strong><\/p>\n<p><strong>No hubo necesidad que Am\u00e9rico lo dijera con todas sus letras, pero es f\u00e1cil inferir que en comparaci\u00f3n con el gobierno anterior, el panista Cabeza de Vaca mantuvo a las ciudades sumidas en el delito, con impunidad y encubrimientos.<\/strong><\/p>\n<p><strong>Pero s\u00ed precis\u00f3 detalles que contrastan ambas administraciones como cuando dijo: \u201choy en nuestro Estado, la gente vuelve a viajar con confianza, la econom\u00eda est\u00e1 creciendo, el turismo ha superado metas hist\u00f3ricas de visitantes, la vida social de nuestro pueblo se recompone , lo que convierte a la seguridad en una experiencia que incide y se siente en la vida diaria de todos, donde la visi\u00f3n humanista de nuestra seguridad significa poder vivir en paz, donde la seguridad es adem\u00e1s base para el desarrollo y, a la vez, un desarrollo m\u00e1s equilibrado y equitativo\u201d agreg\u00f3.<\/strong><\/p>\n<p><strong>El secretario de Seguridad P\u00fablica Carlos Arturo Pancardo destac\u00f3 en el mismo evento que gracias al apoyo del Gobernador, la Guardia Estatal cuenta con equipamiento de veh\u00edculos, helic\u00f3pteros y armas para asegurar el despliegue operativo y de pronta respuesta, adem\u00e1s de que este a\u00f1o se instalar\u00e1n mil c\u00e1maras de videovigilancia.<\/strong><\/p>\n<p><strong>El mandatario estatal pidi\u00f3 a las familias tamaulipecas tener mayor confianza en sus instituciones de seguridad y reiter\u00f3 su disposici\u00f3n para seguir garantizando el cumplimiento del estado de derecho para que nuestra sociedad viva en paz, con tranquilidad y pueda lograr mayor desarrollo y bienestar social.<\/strong><\/p>\n<p><strong>Por cierto, los representantes de los medios de comunicaci\u00f3n se dieron cuenta de la presencia del abogado Rafael D\u00edez Pi\u00f1eyro quien luego de la conferencia de prensa fue recibido por Am\u00e9rico en audiencia privada en una reuni\u00f3n que dur\u00f3 cerca de dos horas.<\/strong><\/p>\n<p><strong>Alguno de los comunicadores extern\u00f3 su confianza de que la capacidad y la experiencia de quien fuera secretario particular del Gobernador Am\u00e9rico Villarreal Guerra, pueda ser aprovechada ahora por el doctor Am\u00e9rivco Villarreal Anaya, en los tres a\u00f1os que restan de su sexenio.<\/strong><\/p>\n<p><strong>En tanto que en Nuevo Laredo, Carmen Lilia Cant\u00farosas Villarreal sostuvo un encuentro con pastores cristianos y l\u00edderes de distintos ministerios religiosos de la ciudad, durante el desayuno anual con l\u00eddere y ministerios de n\u00facleos religiosos de esa ciudad.<\/strong><\/p>\n<p><strong>El evento reuni\u00f3 a cerca de 150 asistentes, representantes de diversas iglesias y congregaciones cristianas, con el objetivo de fortalecer los lazos de cooperaci\u00f3n, promoviendo iniciativas positivas en la vida comunitaria.<\/strong><\/p>\n<p><strong>\u201cEn Nuevo Laredo creemos que cuando el gobierno y las comunidades de fe trabajan unidos, se construye una sociedad m\u00e1s solidaria, con valores firmes y con un profundo sentido humano\u201d, dijo la presienta municipal.<\/strong><\/p>\n<p><strong>En otros temas, a trav\u00e9s de la colaboraci\u00f3n entre el Sistema DIF Tamaulipas y la Secretar\u00eda de Turismo, 1,193 personas, en 2025, tuvieron la oportunidad de conocer y disfrutar de la riqueza tur\u00edstica del Estado sin costo alguno.<\/strong><\/p>\n<p><strong>Este esfuerzo promueve la inclusi\u00f3n, el bienestar emocional y el acceso equitativo a experiencias \u00fanicas en destinos emblem\u00e1ticos como la Reserva de la Biosfera El Cielo, Playa Miramar, entre otros, se\u00f1al\u00f3 Benjam\u00f3n Hern\u00e1ndez Rodr\u00edguez, secretario de Turismo en Tamaulipas.<\/strong><\/p>\n<p><strong>\u201cGracias al impulso de la doctora Mar\u00eda de Villarreal, presidenta del DIF Tamaulipas, este programa sigue creciendo y en 2026 vamos por m\u00e1s inclusi\u00f3n, bienestar emocional y sonrisas compartidas\u201d, agreg\u00f3.<\/strong><\/p>\n<p><strong>El turismo social elimina barreras para que el disfrute de destinos tur\u00edsticos llegue a quienes m\u00e1s lo necesitan: personas de bajos recursos, con discapacidad o en condiciones de vulnerabilidad, expres\u00f3 Hern\u00e1ndez Rodr\u00edguez.<\/strong><\/p>\n<p><strong>Luto en hogares de R\u00edo Bravo por el fallecimiento del comunicador Felipe Mil\u00e1n Hern\u00e1ndez.<\/strong><\/p>\n<p><strong>Correo electr\u00f3nico: albertoguerra65<u>@<\/u>hotmail. com<\/strong><\/p>\n","protected":false},"excerpt":{"rendered":"<p>C R O N I C A S\u00a0\u00a0\u00a0 P O L I T I C A S &nbsp; \u00a0Por Alberto Guerra Salazar CIUDAD VICTORIA, (ASI).\u2014 Apoy\u00e1ndose en n\u00fameros reales y concretos, el Gobernador Am\u00e9rico Villarreal Anaya presumi\u00f3 que la incidencia delictiva disminuy\u00f3 en un 57 por ciento en el delito de homicidios dolosos en el [&hellip;]<\/p>\n","protected":false},"author":1,"featured_media":0,"comment_status":"closed","ping_status":"closed","sticky":false,"template":"","format":"standard","meta":{"footnotes":""},"categories":[16],"tags":[],"class_list":["post-217731","post","type-post","status-publish","format-standard","hentry","category-opinion"],"_links":{"self":[{"href":"https:\/\/www.elsinodaldetamaulipas.com.mx\/index.php?rest_route=\/wp\/v2\/posts\/217731","targetHints":{"allow":["GET"]}}],"collection":[{"href":"https:\/\/www.elsinodaldetamaulipas.com.mx\/index.php?rest_route=\/wp\/v2\/posts"}],"about":[{"href":"https:\/\/www.elsinodaldetamaulipas.com.mx\/index.php?rest_route=\/wp\/v2\/types\/post"}],"author":[{"embeddable":true,"href":"https:\/\/www.elsinodaldetamaulipas.com.mx\/index.php?rest_route=\/wp\/v2\/users\/1"}],"replies":[{"embeddable":true,"href":"https:\/\/www.elsinodaldetamaulipas.com.mx\/index.php?rest_route=%2Fwp%2Fv2%2Fcomments&post=217731"}],"version-history":[{"count":1,"href":"https:\/\/www.elsinodaldetamaulipas.com.mx\/index.php?rest_route=\/wp\/v2\/posts\/217731\/revisions"}],"predecessor-version":[{"id":217732,"href":"https:\/\/www.elsinodaldetamaulipas.com.mx\/index.php?rest_route=\/wp\/v2\/posts\/217731\/revisions\/217732"}],"wp:attachment":[{"href":"https:\/\/www.elsinodaldetamaulipas.com.mx\/index.php?rest_route=%2Fwp%2Fv2%2Fmedia&parent=217731"}],"wp:term":[{"taxonomy":"category","embeddable":true,"href":"https:\/\/www.elsinodaldetamaulipas.com.mx\/index.php?rest_route=%2Fwp%2Fv2%2Fcategories&post=217731"},{"taxonomy":"post_tag","embeddable":true,"href":"https:\/\/www.elsinodaldetamaulipas.com.mx\/index.php?rest_route=%2Fwp%2Fv2%2Ftags&post=217731"}],"curies":[{"name":"wp","href":"https:\/\/api.w.org\/{rel}","templated":true}]}}