{"id":217733,"date":"2026-01-20T21:51:27","date_gmt":"2026-01-21T01:51:27","guid":{"rendered":"https:\/\/www.elsinodaldetamaulipas.com.mx\/?p=217733"},"modified":"2026-01-20T21:51:27","modified_gmt":"2026-01-21T01:51:27","slug":"le-mostraran-a-sheinbaum-un-tamaulipas-en-paz","status":"publish","type":"post","link":"https:\/\/www.elsinodaldetamaulipas.com.mx\/?p=217733","title":{"rendered":"LE MOSTRAR\u00c1N A SHEINBAUM UN TAMAULIPAS EN PAZ"},"content":{"rendered":"<div class=\"post-content\">\n<p>\u00a0 Durante su pr\u00f3xima visita a Tamaulipas, la Presidenta Claudia Sheinbaum encontrar\u00e1 un estado con menos homicidios, menos robos, secuestros y menos violencia intrafamiliar. En suma una entidad federativa m\u00e1s segura, derivada de tres a\u00f1os de gobierno morenista.<\/p>\n<p>Este martes, los integrantes del gabinete de seguridad estatal, se presentaron ante los medios, encabezados por \u00a0su jefe el gobernador AVA. Todos ellos dieron una especie de mini informe pormenorizado, destacando los avances en un tema tamaulipeco que hasta ahora ha sido bien evaluado por las dependencias federales. Y \u00a0desde los m\u00e1s altos niveles de Palacio Nacional.<\/p>\n<p>Todo parece indicar que el mejor regalo que Tamaulipas y su gobierno morenista le habr\u00e1 de dar a la Presidenta Claudia Sheinbaum, durante su visita de este s\u00e1bado a nuestro estado, ser\u00e1n, aparte de los aplausos de su pueblo,\u00a0 la presentaci\u00f3n de cifras y datos que testifican por si solos,\u00a0 los ostensibles avances en materia de seguridad y justicia.<\/p>\n<p>Dentro de esta estrategia medi\u00e1tica se inscribe, la reciente rueda de prensa \u00a0encabezada por el gobernador AVA, y en la cual estuvieron presentes, personajes claves del actual sexenio, en lo que se refiere a este, considerado como\u00a0 el rubro m\u00e1s delicado de las pol\u00edticas p\u00fablicas en el pa\u00eds. Acompa\u00f1aron a AVA, el Secretario de Seguridad,\u00a0 Carlos Arturo Pancardo Escudero, el Fiscal General de Justicia Eduardo Govea Orozco\u00a0 y \u00a0Willy Zu\u00f1iga Castillo, titular del Secretariado Ejecutivo del Sistema \u00a0Estatal de Seguridad P\u00fablica.<\/p>\n<p>Posterior a la exposici\u00f3n realizada por el mandatario estatal, estos tres funcionarios de la administraci\u00f3n estatal morenista, ofrecieron importantes datos.<\/p>\n<p>No debemos olvidar que el \u00a0problema de la creciente inseguridad, fue uno de los lados flacos del cabecismo, al \u00a0concluir el sexenio azul en el 2022. Los cabecistas entregaron \u00a0un estado en crisis, y con altos \u00edndices de violencia.\u00a0 Hoy martes, durante su participaci\u00f3n central \u00a0ante los medios de comunicaci\u00f3n, \u00a0el doctor AVA dej\u00f3 en claro que en este tema, de manera espec\u00edfica, se ha enderezado el rumbo, con disciplina, con orden y con decisi\u00f3n.<\/p>\n<p>Es decir, de aquel clima de completa indefensi\u00f3n ciudadana, sin derechos humanos, con una polic\u00eda que m\u00e1s que una sensaci\u00f3n de protecci\u00f3n, sembraba miedo, hoy se ha logrado una visi\u00f3n muy distinta, donde \u00a0el eje de las instituciones , es el cumplimiento de la ley. \u00a0Actualmente, dijo AVA, se garantiza la seguridad y la tranquilidad del estado, y al mismo tiempo se castigan \u00a0los abusos policiacos.<\/p>\n<p>Inform\u00f3 AVA que actualmente, la guardia estatal cuenta con\u00a0 \u00a0cinco mil 900 elementos certificados, que cumplen con los controles de confianza. Anunci\u00f3 \u00a0que en este 2026, se pondr\u00e1 en marcha el Plan \u00a0Estatal para la reconstrucci\u00f3n de la paz, donde se incluyen estaciones seguras a lo largo y ancho del estado.\u00a0 De igual manera se cuenta ya con una guardia cercana a la ciudadan\u00eda en calles y carreteras. Se har\u00e1 uso de inteligencia log\u00edstica y tecnolog\u00eda, as\u00ed como una respuesta operativa inmediata, con videovigilancia, modernizaci\u00f3n, equipamiento y \u00a0\u00a0comando.<\/p>\n<p>Detall\u00f3 la existencia de una estrategia unificada y colaborativa con estados vecinos como Nuevo Le\u00f3n, Veracruz y San Luis Potos\u00ed.<\/p>\n<p>Todo ello ha generado resultados, en temas como los delitos de alto impacto, donde la percepci\u00f3n ciudadana ha mejorado sensiblemente. Asegur\u00f3 que se han sentado las bases para el logro de una seguridad efectiva, protegiendo nuestras libertades y construyendo un modelo de convivencia m\u00e1s justo y equitativo.<\/p>\n<p>Dstac\u00f3 AVA que las mediciones realizadas por el INEGI \u00a0revelan una entidad federativa \u00a0con evidentes mejor\u00edas en seguridad. Esta nueva condici\u00f3n que antes no exist\u00eda, asever\u00f3 Am\u00e9rico, ya se est\u00e1 sintiendo en la vida de todas y todos los tamaulipecos. Un ejemplo de ell0o, es que la zona sur de Tamaulipas, \u00a0se encuentra clasificada por las dependencias federales encargadas de evaluar \u00a0la situaci\u00f3n interior del pa\u00eds, \u00a0como una de las regiones m\u00e1s seguras del pa\u00eds.<\/p>\n<p>Por su parte, el Secretario de Seguridad P\u00fablica, Carlos Arturo Pancardo Escudero \u00a0celebr\u00f3 que en resultados sobre seguridad p\u00fablica, Tamaulipas se encuentra por encima de la media nacional. Revel\u00f3 que a la fecha se han graduado nueve mil 981 elementos de la Universidad de Seguridad y Justicia.<\/p>\n<p>En materia de equipamiento, dijo que se cuenta con 452 unidades operativas. Cinco helic\u00f3pteros, drones, 4 mil \u00a0387 armas cortas \u00a04556 armas largas. Al concluir este 2026, habr\u00e1 m\u00e1s de seis mil c\u00e1maras instaladas en todo el estado. \u00a0Toda la entidad est\u00e1 cubierta \u00a0de norte a sur, y de oriente a poniente, con operativos eficaces. Se presta especial atenci\u00f3n a sectores como los barrios urbanos, vigilancia en las escuelas y especial protecci\u00f3n en los d\u00edas en que se reciben los recursos de los programas de bienestar.<\/p>\n<p>El fiscal general de justicia, Eduardo Govea Orozco inform\u00f3 que hasta la fecha se han realizado cinco mil 300 aseguramientos. Entendidos estos como acciones de arrestos o decomisos de armamento, narc\u00f3ticos o dinero, entre otros.<\/p>\n<p>Destac\u00f3 que el n\u00famero de arrestos ha crecido exponencialmente. Y un ejemplo de ello, es que durante 2025, se lleg\u00f3 a m\u00e1s de 700 detenciones, por delitos del orden federal. De 2024 a la fecha, los homicidios decrecieron de 396 a 253. En materia de secuestro, de 19 en 2024, a \u00a0ocho en 2025. Igualmente se han dado disminuciones de delitos en temas de robos a casas y violencia intrafamiliar y robo de veh\u00edculos.<\/p>\n<p>Mencion\u00f3 que en el rubro de la extorsi\u00f3n, se est\u00e1 trabajando para disminuirlo, y que el a\u00f1o pasado se dio un duro golpe a este delito, \u00a0con el desmantelamiento de una banda de trece personas que operaba desde el interior de una c\u00e1rcel en Reynosa.<\/p>\n<p>La reciente rueda de prensa de los servidores p\u00fablicos pertenecientes a las \u00e1reas de seguridad y justicia, representan sin duda, un esfuerzo del actual gobierno morenista de Tamaulipas, por eficientar la rendici\u00f3n de cuentas y transparentar el trabajo de las instituciones, encargadas \u00a0de garantizar la seguridad de las familias tamaulipecas.<\/p>\n<p>Lo anterior se da, en la v\u00edspera de que recibamos la visita de la Presidenta Sheinbaum.<\/p>\n<\/div>\n","protected":false},"excerpt":{"rendered":"<p>\u00a0 Durante su pr\u00f3xima visita a Tamaulipas, la Presidenta Claudia Sheinbaum encontrar\u00e1 un estado con menos homicidios, menos robos, secuestros y menos violencia intrafamiliar. En suma una entidad federativa m\u00e1s segura, derivada de tres a\u00f1os de gobierno morenista. Este martes, los integrantes del gabinete de seguridad estatal, se presentaron ante los medios, encabezados por \u00a0su [&hellip;]<\/p>\n","protected":false},"author":1,"featured_media":216280,"comment_status":"closed","ping_status":"closed","sticky":false,"template":"","format":"standard","meta":{"footnotes":""},"categories":[16],"tags":[],"class_list":["post-217733","post","type-post","status-publish","format-standard","has-post-thumbnail","hentry","category-opinion"],"_links":{"self":[{"href":"https:\/\/www.elsinodaldetamaulipas.com.mx\/index.php?rest_route=\/wp\/v2\/posts\/217733","targetHints":{"allow":["GET"]}}],"collection":[{"href":"https:\/\/www.elsinodaldetamaulipas.com.mx\/index.php?rest_route=\/wp\/v2\/posts"}],"about":[{"href":"https:\/\/www.elsinodaldetamaulipas.com.mx\/index.php?rest_route=\/wp\/v2\/types\/post"}],"author":[{"embeddable":true,"href":"https:\/\/www.elsinodaldetamaulipas.com.mx\/index.php?rest_route=\/wp\/v2\/users\/1"}],"replies":[{"embeddable":true,"href":"https:\/\/www.elsinodaldetamaulipas.com.mx\/index.php?rest_route=%2Fwp%2Fv2%2Fcomments&post=217733"}],"version-history":[{"count":1,"href":"https:\/\/www.elsinodaldetamaulipas.com.mx\/index.php?rest_route=\/wp\/v2\/posts\/217733\/revisions"}],"predecessor-version":[{"id":217734,"href":"https:\/\/www.elsinodaldetamaulipas.com.mx\/index.php?rest_route=\/wp\/v2\/posts\/217733\/revisions\/217734"}],"wp:featuredmedia":[{"embeddable":true,"href":"https:\/\/www.elsinodaldetamaulipas.com.mx\/index.php?rest_route=\/wp\/v2\/media\/216280"}],"wp:attachment":[{"href":"https:\/\/www.elsinodaldetamaulipas.com.mx\/index.php?rest_route=%2Fwp%2Fv2%2Fmedia&parent=217733"}],"wp:term":[{"taxonomy":"category","embeddable":true,"href":"https:\/\/www.elsinodaldetamaulipas.com.mx\/index.php?rest_route=%2Fwp%2Fv2%2Fcategories&post=217733"},{"taxonomy":"post_tag","embeddable":true,"href":"https:\/\/www.elsinodaldetamaulipas.com.mx\/index.php?rest_route=%2Fwp%2Fv2%2Ftags&post=217733"}],"curies":[{"name":"wp","href":"https:\/\/api.w.org\/{rel}","templated":true}]}}