{"id":217737,"date":"2026-01-20T22:00:32","date_gmt":"2026-01-21T02:00:32","guid":{"rendered":"https:\/\/www.elsinodaldetamaulipas.com.mx\/?p=217737"},"modified":"2026-01-20T22:00:32","modified_gmt":"2026-01-21T02:00:32","slug":"las-mentiras-de-los-ingenieros-del-caos","status":"publish","type":"post","link":"https:\/\/www.elsinodaldetamaulipas.com.mx\/?p=217737","title":{"rendered":"LAS MENTIRAS DE LOS INGENIEROS DEL CAOS"},"content":{"rendered":"<div class=\"post-content\">\n<p>A MI MANERA<\/p>\n<p>Por Tello Montes<\/p>\n<p>&nbsp;<\/p>\n<ul class=\"wp-block-list\">\n<li>Formaci\u00f3n Dual de la UAT fortalecer\u00e1 la empleabilidad estudiantil.<\/li>\n<li>Con Beto Granados, las obras olvidadas tambi\u00e9n cuentan.<\/li>\n<\/ul>\n<p>Hay gobernantes que hablan para la foto y otros que hablan para dejar constancia. El gobernador Am\u00e9rico Villarreal Anaya pertenece al segundo grupo, y eso, en tiempos de ruido y manipulaci\u00f3n, incomoda a muchos.<\/p>\n<p>Este lunes, al cerrar su mensaje durante los Honores a la Bandera en el Congreso del Estado, Am\u00e9rico no lanz\u00f3 consignas huecas ni discursos de ocasi\u00f3n. Hizo algo m\u00e1s peligroso para sus detractores: llam\u00f3 a la unidad, al di\u00e1logo y a no perder la cercan\u00eda con el pueblo, pero sobre todo, pidi\u00f3 no permitir que la mentira suplante a la realidad.<\/p>\n<p>Porque hay que decirlo claro y sin rodeos: cuando un gobierno empieza a mostrar resultados medibles, aparecen los ingenieros del caos. Esos especialistas en distorsionar, exagerar y fabricar crisis desde un teclado. Esos que viven de la desinformaci\u00f3n pagada y del descr\u00e9dito sistem\u00e1tico.<\/p>\n<p>El gobernador fue directo: Tamaulipas no camina en sentido contrario, como algunos quieren vender. Los datos duros \u2014no las ocurrencias\u2014 muestran avances en seguridad p\u00fablica, en infraestructura carretera y portuaria, y en la reducci\u00f3n de la pobreza. N\u00fameros que provienen, adem\u00e1s, del propio gabinete federal de seguridad, no de un discurso local maquillado.<\/p>\n<p>\u00bfY qu\u00e9 pasa cada vez que esos n\u00fameros salen a la luz?<\/p>\n<p>En autom\u00e1tico, se activa la maquinaria del caos. P\u00e1ginas an\u00f3nimas, cuentas financiadas y opinadores de consigna comienzan a inundar las redes con miedo, enojo y mentiras. No informan: emocionan negativamente. No analizan: calumnian.<\/p>\n<p>Por eso es acertada \u2014y necesaria\u2014 la advertencia de Am\u00e9rico Villarreal Anaya. Porque lo que est\u00e1 en juego no es su imagen personal, sino la percepci\u00f3n del rumbo de Tamaulipas. Y a algunos no les conviene que al estado le vaya bien, que haya bienestar social, justicia y una mejor distribuci\u00f3n de la riqueza. Del caos viven. Del atraso se alimentan.<\/p>\n<p>Los n\u00fameros no mienten.<\/p>\n<p>Las cifras no tienen partido.<\/p>\n<p>Y los datos duros no se doblan con campa\u00f1as sucias.<\/p>\n<p>Hoy Tamaulipas avanza, aunque a muchos les arda. Y mientras el gobernador gobierna con resultados, los ingenieros del caos seguir\u00e1n haciendo lo \u00fanico que saben hacer: mentir para no desaparecer.<\/p>\n<p>Pero la verdad, tarde o temprano, siempre alcanza. Y cuando llega, no necesita gritar. Basta con mostrar los datos.<\/p>\n<p>POR OTRA PARTE\u2026 La Universidad Aut\u00f3noma de Tamaulipas implementar\u00e1 un modelo de Formaci\u00f3n Dual que combinar\u00e1 teor\u00eda y pr\u00e1ctica para fortalecer las competencias t\u00e9cnicas y habilidades blandas de sus estudiantes, facilitando su incorporaci\u00f3n al mercado laboral.<\/p>\n<p>El rector D\u00e1maso Anaya Alvarado inform\u00f3 que este esquema comenzar\u00e1 a aplicarse desde el actual periodo escolar en algunas carreras, iniciando con la Licenciatura en Comercio Exterior de la Facultad de Nuevo Laredo.<\/p>\n<p>El proyecto se apoya en una mayor vinculaci\u00f3n con los sectores productivos del estado y en la reciente Reforma Curricular de la UAT, con el objetivo de alinear la formaci\u00f3n acad\u00e9mica a las necesidades reales del \u00e1mbito laboral. La modalidad se implementar\u00e1 de manera gradual en todas las licenciaturas, principalmente en estudiantes de semestres avanzados.<\/p>\n<p>Y PARA CERRAR\u2026 Despu\u00e9s de 38 a\u00f1os de espera, la calle Tahuachal, en la colonia San \u00c1ngel Oriente, dej\u00f3 de ser una promesa para convertirse en realidad. Con una inversi\u00f3n superior a los 5 millones de pesos, el alcalde Beto Granados inaugur\u00f3 una obra que no solo pavimenta una vialidad, sino que restituye dignidad y confianza a una comunidad olvidada por d\u00e9cadas.<\/p>\n<p>La pavimentaci\u00f3n asf\u00e1ltica, realizada mediante el programa FAISMUN, mejora la movilidad, refuerza la seguridad vial y fortalece el tejido social de un sector que hoy vuelve a creer que s\u00ed es posible avanzar cuando el gobierno escucha y act\u00faa. M\u00e1s de 300 habitantes se benefician directamente de una obra integral que incluye base, guarniciones, banquetas y carpeta asf\u00e1ltica.<\/p>\n<p>Granados fue claro: su administraci\u00f3n gobierna desde el territorio y con la gente, priorizando demandas hist\u00f3ricas que antes se postergaban. Y los vecinos lo confirman: la obra no solo facilita el tr\u00e1nsito, tambi\u00e9n devuelve orgullo, pertenencia y esperanza.<\/p>\n<p>Porque cuando el recurso p\u00fablico se transforma en calles transitables, el progreso deja de ser discurso y se convierte en realidad. As\u00ed avanza Matamoros: obra por obra, colonia por colonia.<\/p>\n<\/div>\n","protected":false},"excerpt":{"rendered":"<p>A MI MANERA Por Tello Montes &nbsp; Formaci\u00f3n Dual de la UAT fortalecer\u00e1 la empleabilidad estudiantil. Con Beto Granados, las obras olvidadas tambi\u00e9n cuentan. Hay gobernantes que hablan para la foto y otros que hablan para dejar constancia. El gobernador Am\u00e9rico Villarreal Anaya pertenece al segundo grupo, y eso, en tiempos de ruido y manipulaci\u00f3n, [&hellip;]<\/p>\n","protected":false},"author":1,"featured_media":217663,"comment_status":"closed","ping_status":"closed","sticky":false,"template":"","format":"standard","meta":{"footnotes":""},"categories":[16],"tags":[],"class_list":["post-217737","post","type-post","status-publish","format-standard","has-post-thumbnail","hentry","category-opinion"],"_links":{"self":[{"href":"https:\/\/www.elsinodaldetamaulipas.com.mx\/index.php?rest_route=\/wp\/v2\/posts\/217737","targetHints":{"allow":["GET"]}}],"collection":[{"href":"https:\/\/www.elsinodaldetamaulipas.com.mx\/index.php?rest_route=\/wp\/v2\/posts"}],"about":[{"href":"https:\/\/www.elsinodaldetamaulipas.com.mx\/index.php?rest_route=\/wp\/v2\/types\/post"}],"author":[{"embeddable":true,"href":"https:\/\/www.elsinodaldetamaulipas.com.mx\/index.php?rest_route=\/wp\/v2\/users\/1"}],"replies":[{"embeddable":true,"href":"https:\/\/www.elsinodaldetamaulipas.com.mx\/index.php?rest_route=%2Fwp%2Fv2%2Fcomments&post=217737"}],"version-history":[{"count":1,"href":"https:\/\/www.elsinodaldetamaulipas.com.mx\/index.php?rest_route=\/wp\/v2\/posts\/217737\/revisions"}],"predecessor-version":[{"id":217738,"href":"https:\/\/www.elsinodaldetamaulipas.com.mx\/index.php?rest_route=\/wp\/v2\/posts\/217737\/revisions\/217738"}],"wp:featuredmedia":[{"embeddable":true,"href":"https:\/\/www.elsinodaldetamaulipas.com.mx\/index.php?rest_route=\/wp\/v2\/media\/217663"}],"wp:attachment":[{"href":"https:\/\/www.elsinodaldetamaulipas.com.mx\/index.php?rest_route=%2Fwp%2Fv2%2Fmedia&parent=217737"}],"wp:term":[{"taxonomy":"category","embeddable":true,"href":"https:\/\/www.elsinodaldetamaulipas.com.mx\/index.php?rest_route=%2Fwp%2Fv2%2Fcategories&post=217737"},{"taxonomy":"post_tag","embeddable":true,"href":"https:\/\/www.elsinodaldetamaulipas.com.mx\/index.php?rest_route=%2Fwp%2Fv2%2Ftags&post=217737"}],"curies":[{"name":"wp","href":"https:\/\/api.w.org\/{rel}","templated":true}]}}