{"id":217739,"date":"2026-01-20T22:04:07","date_gmt":"2026-01-21T02:04:07","guid":{"rendered":"https:\/\/www.elsinodaldetamaulipas.com.mx\/?p=217739"},"modified":"2026-01-20T22:08:27","modified_gmt":"2026-01-21T02:08:27","slug":"primero-2027-despues-2028","status":"publish","type":"post","link":"https:\/\/www.elsinodaldetamaulipas.com.mx\/?p=217739","title":{"rendered":"PRIMERO 2027, DESPU\u00c9S 2028"},"content":{"rendered":"<div class=\"post-content\">\n<h2>TIEMPO Y ESPACIO<br \/>\nPor Jaime Luis Soto.<\/h2>\n<p>Por supuesto que es una excelente noticia la visita de la presidenta CLAUDIA SHEINBAUM a la capital de Tamaulipas el pr\u00f3ximo s\u00e1bado.<br \/>\nEl gobernador AM\u00c9RICO VILLARREAL ANAYA confirm\u00f3 este lunes que ya se trabaja en los preparativos correspondientes.<br \/>\nY es que mire usted decimos que es una excelente noticia porque cada que viene la presidenta SHEINBAUM a Tamaulipas anuncia grandes beneficios en obras y recursos presupuestales para nuestro Estado.<br \/>\nLo hemos escrito en este espacio: Desde que tom\u00f3 protesta como la primera presidenta de M\u00e9xico, SHEINBAUM habla y apoya muy constantemente a Tamaulipas en cuanto a programas y proyectos<br \/>\nque lleva a cabo la Federaci\u00f3n.<br \/>\nObviamente la excelente relaci\u00f3n institucional y de amistad que comparten la presidenta SHEINBAUM y el gobernador AM\u00c9RICO VILLARREAL ha permitido que en Tamaulipas hoy se vivan mejores tiempos.<br \/>\nRemember que, en el sexenio pasado, los panistas que estuvieron en el poder estatal se la pasaron pele\u00e1ndose con el gobierno federal -l\u00e9ase ANDR\u00c9S MANUEL L\u00d3PEZ OBRADOR- y muchos beneficios que pudieron haber aterrizado aqu\u00ed se fueron a otra parte.<br \/>\nNo por culpa de la Federaci\u00f3n. Por culpa de la soberbia de los cabecistas.<br \/>\nPero no hay mal que dure cien a\u00f1os\u2026<\/p>\n<p>Hoy las y los tamaulipecos estamos mucho mejor. Y el pr\u00f3ximo s\u00e1bado seguramente escucharemos de nueva cuenta a SHEINBAUM anunciar importantes proyectos adem\u00e1s de que supervisar\u00e1 los que<br \/>\nya est\u00e1n en marcha.<br \/>\nBienvenida una vez m\u00e1s, presidenta\u2026<br \/>\nCambiando de tema, el diputado local y presidente de la Junta de Gobierno en el Poder Legislativo, HUMBERTO PRIETO HERRERA pidi\u00f3 a quienes andan muy, pero muy acelerados bajarle a su<br \/>\nenjundia y dejar de estar pensando en la sucesi\u00f3n estatal del 2028.<br \/>\nQu\u00e9 barbaridad tan b\u00e1rbara, como dicen en el rancho. Y es que es incre\u00edble que haya actores pol\u00edticos que ya est\u00e9n pensando en el 2028 cuando ni siquiera empieza el proceso del 2027.<br \/>\nLa neta, eso es una falta de respeto\u2026<br \/>\nSi bien en este 2026 no habr\u00e1 elecciones en Tamaulipas -solamente en Coahuila-, es cierto que Morena ya debe ir viendo los perfiles de las y los aspirantes a las alcald\u00edas y diputaciones que estar\u00e1n en juego en el 2027.<br \/>\nPero respetando los tiempos y con prudencia\u2026<br \/>\nEn nuestra colaboraci\u00f3n pasada hablamos de que para Tampico puede ser la diputada local \u00daRSULA SALAZAR MOJICA o ALEJANDRO R\u00c1BAGO. Aunque no descarte usted sorpresas.<br \/>\nPara Madero, ya lo hemos dicho, est\u00e1n m\u00e1s que pintados, valga la expresi\u00f3n, los diputados locales CLAUDIO DE LEIJA y ADRI\u00c1N CRUZ MART\u00cdNEZ.<br \/>\nPara Altamira el asunto esta complicado, pues la presunta popularidad que una vez tuvo el diputado MARCELO ABUNDIS nos cuentan que se est\u00e1 desinflando y gacho.<\/p>\n<p>Para Matamoros el ideal ser\u00eda el muy chambeador diputado V\u00cdCTOR MANUEL GARC\u00cdA FUENTES, quien como legislador representa el Distrito 10 y a donde acude con harta frecuencia para apoyar a las familias m\u00e1s necesitadas.<br \/>\nEn Reynosa el favorito ser\u00eda precisamente el diputado HUMBERTO PRIETO HERRERA. Aunque su tocayo, HUMBERTO VALDEZ, el famoso BETICO, podr\u00eda en cualquier momento levantar la mano.<br \/>\nAhorita anda muy calladito.<br \/>\nY mejor ah\u00ed la dejamos\u2026<br \/>\nPero queda claro que primero est\u00e1 el 2027 y luego el 2028\u2026<br \/>\n\u00bfPor qu\u00e9 demonios muchos morenistas acelerados no est\u00e1n entendiendo eso\u2026?<br \/>\nMejor comentemos que todas y todos los estudiantes, desde preescolar hasta el bachillerato, tienen un lugar asegurado en las escuelas Tamaulipas, afirm\u00f3 MIGUEL \u00c1NGEL VALDEZ GARC\u00cdA,<br \/>\nsecretario de Educaci\u00f3n.<br \/>\nDijo que, para la educaci\u00f3n b\u00e1sica, del 3 al 13 de febrero se llevar\u00e1n a cabo las inscripciones definitivas, mejor conocidas por la poblaci\u00f3n como preinscripciones.<br \/>\nPor lo que MIGUEL \u00c1NGEL invit\u00f3 a las madres y los padres de familia a acudir al plantel de su elecci\u00f3n para inscribir a sus hijas e hijos y asegurar un lugar en dicha instituci\u00f3n.<br \/>\nIndic\u00f3 que, para quienes lo deseen, las inscripciones se podr\u00e1n realizar de forma virtual, para lo cual ya se trabaja en una plataforma.<br \/>\nSin embargo, reconoci\u00f3 que un gran porcentaje de madres y padres De familia prefieren hacerlo de manera presencial.<\/p>\n<p>\u201cRecordarles a los pap\u00e1s que es una obligaci\u00f3n la educaci\u00f3n b\u00e1sica para los hijos; que es muy importante que del 3 al 13 de febrero hagan esto que llamamos preinscripci\u00f3n, porque eso les asegura un lugar en la escuela de su preferencia\u201d, reiter\u00f3.<br \/>\nInsisti\u00f3 en la relevancia de que se inscriba a las y los estudiantes en ese periodo, pues, de no hacerlo, s\u00ed habr\u00e1 lugares, ya que el sistema educativo estatal cuenta con los espacios suficientes; sin embargo,<br \/>\nmuy probablemente ya no ser\u00e1 en el plantel que deseen.<br \/>\nRespecto a las bajas temperaturas, MIGUEL \u00c1NGEL VALDEZ GARC\u00cdA record\u00f3 que el protocolo indica que cuando el term\u00f3metro sea menor a cinco grados, queda a criterio de las madres, padres o<br \/>\ntutores enviar a sus hijas e hijos a la escuela.<br \/>\nY que las clases se suspenden \u00fanicamente cuando la temperatura desciende a cero grados.<br \/>\nConcluimos esta colaboraci\u00f3n con el apunte de que el gobierno de Victoria, bajo la administraci\u00f3n del alcalde LALO GATT\u00c1S, prepara el Plan Municipal de Obra P\u00fablica 2026 que incluye una inversi\u00f3n municipal y federal de 180 millones de pesos en 40 proyectos de vialidad, infraestructura urbana y social.<br \/>\nEn reuni\u00f3n con los secretarios de Obras P\u00fablicas, EUSEBIO ALFARO REYNA, del Ayuntamiento, HUGO RES\u00c9NDEZ SILVA, y coordinador de Plan de Bacheo, JORGE BELLO M\u00c9NDEZ, encabez\u00f3 la revisi\u00f3n de la propuesta de acciones que presentar\u00e1 a la comisi\u00f3n del Cabildo local.<br \/>\nEl Plan de Obra P\u00fablica 2026 para la Capital de Tamaulipas, contempla la rehabilitaci\u00f3n de vialidades, acceso a colonias, mejora de red de agua potable, drenaje, alcantarillado, espacios educativos y cuartos dormitorio para familias en situaci\u00f3n de marginaci\u00f3n.<\/p>\n<p>Es todo por hoy. Muchas gracias por leer.<br \/>\nCorreo electr\u00f3nico: jaimeluissoto@hotmail.com<\/p>\n<\/div>\n","protected":false},"excerpt":{"rendered":"<p>TIEMPO Y ESPACIO Por Jaime Luis Soto. Por supuesto que es una excelente noticia la visita de la presidenta CLAUDIA SHEINBAUM a la capital de Tamaulipas el pr\u00f3ximo s\u00e1bado. El gobernador AM\u00c9RICO VILLARREAL ANAYA confirm\u00f3 este lunes que ya se trabaja en los preparativos correspondientes. Y es que mire usted decimos que es una excelente [&hellip;]<\/p>\n","protected":false},"author":1,"featured_media":216309,"comment_status":"closed","ping_status":"closed","sticky":false,"template":"","format":"standard","meta":{"footnotes":""},"categories":[16],"tags":[],"class_list":["post-217739","post","type-post","status-publish","format-standard","has-post-thumbnail","hentry","category-opinion"],"_links":{"self":[{"href":"https:\/\/www.elsinodaldetamaulipas.com.mx\/index.php?rest_route=\/wp\/v2\/posts\/217739","targetHints":{"allow":["GET"]}}],"collection":[{"href":"https:\/\/www.elsinodaldetamaulipas.com.mx\/index.php?rest_route=\/wp\/v2\/posts"}],"about":[{"href":"https:\/\/www.elsinodaldetamaulipas.com.mx\/index.php?rest_route=\/wp\/v2\/types\/post"}],"author":[{"embeddable":true,"href":"https:\/\/www.elsinodaldetamaulipas.com.mx\/index.php?rest_route=\/wp\/v2\/users\/1"}],"replies":[{"embeddable":true,"href":"https:\/\/www.elsinodaldetamaulipas.com.mx\/index.php?rest_route=%2Fwp%2Fv2%2Fcomments&post=217739"}],"version-history":[{"count":3,"href":"https:\/\/www.elsinodaldetamaulipas.com.mx\/index.php?rest_route=\/wp\/v2\/posts\/217739\/revisions"}],"predecessor-version":[{"id":217742,"href":"https:\/\/www.elsinodaldetamaulipas.com.mx\/index.php?rest_route=\/wp\/v2\/posts\/217739\/revisions\/217742"}],"wp:featuredmedia":[{"embeddable":true,"href":"https:\/\/www.elsinodaldetamaulipas.com.mx\/index.php?rest_route=\/wp\/v2\/media\/216309"}],"wp:attachment":[{"href":"https:\/\/www.elsinodaldetamaulipas.com.mx\/index.php?rest_route=%2Fwp%2Fv2%2Fmedia&parent=217739"}],"wp:term":[{"taxonomy":"category","embeddable":true,"href":"https:\/\/www.elsinodaldetamaulipas.com.mx\/index.php?rest_route=%2Fwp%2Fv2%2Fcategories&post=217739"},{"taxonomy":"post_tag","embeddable":true,"href":"https:\/\/www.elsinodaldetamaulipas.com.mx\/index.php?rest_route=%2Fwp%2Fv2%2Ftags&post=217739"}],"curies":[{"name":"wp","href":"https:\/\/api.w.org\/{rel}","templated":true}]}}