{"id":217743,"date":"2026-01-20T22:36:39","date_gmt":"2026-01-21T02:36:39","guid":{"rendered":"https:\/\/www.elsinodaldetamaulipas.com.mx\/?p=217743"},"modified":"2026-01-20T22:36:39","modified_gmt":"2026-01-21T02:36:39","slug":"gildardo-lopez-integrado-al-consejo-de-concanaco","status":"publish","type":"post","link":"https:\/\/www.elsinodaldetamaulipas.com.mx\/?p=217743","title":{"rendered":"GILDARDO L\u00d3PEZ, INTEGRADO AL CONSEJO DE CONCANACO"},"content":{"rendered":"<p><em><strong>EL SINODAL DE TAMAULIPAS<\/strong><\/em><\/p>\n<p>Reynosa, Tamaulipas \u2013En el marco de la 110 Asamblea General de la CONCANACO SERVYTUR M\u00e9xico, el Presidente de la CANACO Reynosa, Gildardo L\u00f3pez Hinojosa, fue electo como Consejero Nacional por el estado de Tamaulipas, consolidando la presencia y liderazgo de Reynosa dentro de la red empresarial m\u00e1s grande y representativa del pa\u00eds.<\/p>\n<p>As\u00ed lo dio a conocer a trav\u00e9s de un conceptuoso bolet\u00edn, el secretario de ese organismo, quien agrega:<\/p>\n<p>\u201cEsta designaci\u00f3n representa un reconocimiento al trabajo institucional, al crecimiento sostenido, as\u00ed como a la conducci\u00f3n responsable de CANACO Reynosa, que hoy se distingue por mantener finanzas sanas, resultado de la confianza de las empresas y negocios formales de la ciudad\u2026\u201d<\/p>\n<p style=\"text-align: center;\"><strong>Reynosa referente empresarial en Tamaulipas<\/strong><\/p>\n<p>Afirma que con esta elecci\u00f3n, Reynosa se posiciona como la C\u00e1mara de Comercio con mayor fortaleza institucional en Tamaulipas, reflejo de un crecimiento real, ordenado y con resultados medibles, tanto en n\u00famero de empresas afiliadas como en representatividad territorial.<\/p>\n<p>Y sin rubor a\u00f1ade que, la participaci\u00f3n de CANACO Reynosa en los \u00f3rganos nacionales de decisi\u00f3n reafirma su papel como actor estrat\u00e9gico en la defensa del comercio formal, los servicios y el turismo, as\u00ed como en la construcci\u00f3n de propuestas que fortalezcan el mercado interno y a las empresas familiares.<\/p>\n<p style=\"text-align: center;\"><strong>Nueva responsabilidad, mayor compromiso<\/strong><\/p>\n<p>El mamotetro con sello oficial de Canaco, destaca que \u201ccon esta nueva encomienda, Gildardo L\u00f3pez Hinojosa asumi\u00f3 el compromiso de representar de manera m\u00e1s proactiva a las C\u00e1maras de Comercio de Tamaulipas, fortaleciendo la coordinaci\u00f3n estatal y respaldando las acciones, estrategias y agenda institucional del Presidente Nacional reelecto de CONCANACO SERVYTUR M\u00e9xico, el Dr. Octavio de la Torre de St\u00e9ffano.<\/p>\n<p>\u201cEsta responsabilidad implica redoblar esfuerzos para que la voz del comercio formal de Tamaulipas tenga mayor presencia a nivel nacional, siempre en coordinaci\u00f3n y respaldo a la agenda que encabeza nuestro Presidente Nacional, en favor de las empresas y negocios familiares\u201d, atribuyendo loa expresi\u00f3n a L\u00f3pez Hinojosa.<\/p>\n<p style=\"text-align: center;\"><strong>Consejeros Nacionales electos por Tamaulipas<\/strong><\/p>\n<p>Durante la Asamblea, resultaron electos como Consejeros Nacionales por Tamaulipas:<\/p>\n<ul>\n<li>Gildardo L\u00f3pez Hinojosa \u2013 CANACO Reynosa<\/li>\n<li>Abraham Padr\u00f3n Rodr\u00edguez \u2013 CANACO Matamoros<\/li>\n<li>Federico Gonz\u00e1lez S\u00e1nchez \u2013 CANACO Ciudad Victoria<\/li>\n<li>Eduardo Manzur Manzur \u2013 CANACO Tampico<\/li>\n<\/ul>\n<p style=\"text-align: center;\"><strong>Unidad y fortalecimiento del comercio organizado<\/strong><\/p>\n<p>\u00a0Contextualiza que \u201cCANACO Reynosa destac\u00f3 que esta representaci\u00f3n fortalecer\u00e1 la coordinaci\u00f3n regional, la unidad del comercio organizado y la capacidad de incidencia de Tamaulipas dentro de la agenda nacional del sector comercio, servicios y turismo\u2026\u201d<\/p>\n<p>Y puntualiza ya con el greiby escurriendo entre los labios que \u201cLa C\u00e1mara reiter\u00f3 su compromiso de seguir trabajando desde territorio, con orden institucional y visi\u00f3n de largo plazo, para impulsar la formalidad, la competitividad y el desarrollo econ\u00f3mico de Reynosa, Tamaulipas y M\u00e9xico\u201d.<\/p>\n","protected":false},"excerpt":{"rendered":"<p>EL SINODAL DE TAMAULIPAS Reynosa, Tamaulipas \u2013En el marco de la 110 Asamblea General de la CONCANACO SERVYTUR M\u00e9xico, el Presidente de la CANACO Reynosa, Gildardo L\u00f3pez Hinojosa, fue electo como Consejero Nacional por el estado de Tamaulipas, consolidando la presencia y liderazgo de Reynosa dentro de la red empresarial m\u00e1s grande y representativa del [&hellip;]<\/p>\n","protected":false},"author":1,"featured_media":217744,"comment_status":"closed","ping_status":"closed","sticky":false,"template":"","format":"standard","meta":{"footnotes":""},"categories":[1,2],"tags":[],"class_list":["post-217743","post","type-post","status-publish","format-standard","has-post-thumbnail","hentry","category-portada","category-reynosa"],"_links":{"self":[{"href":"https:\/\/www.elsinodaldetamaulipas.com.mx\/index.php?rest_route=\/wp\/v2\/posts\/217743","targetHints":{"allow":["GET"]}}],"collection":[{"href":"https:\/\/www.elsinodaldetamaulipas.com.mx\/index.php?rest_route=\/wp\/v2\/posts"}],"about":[{"href":"https:\/\/www.elsinodaldetamaulipas.com.mx\/index.php?rest_route=\/wp\/v2\/types\/post"}],"author":[{"embeddable":true,"href":"https:\/\/www.elsinodaldetamaulipas.com.mx\/index.php?rest_route=\/wp\/v2\/users\/1"}],"replies":[{"embeddable":true,"href":"https:\/\/www.elsinodaldetamaulipas.com.mx\/index.php?rest_route=%2Fwp%2Fv2%2Fcomments&post=217743"}],"version-history":[{"count":1,"href":"https:\/\/www.elsinodaldetamaulipas.com.mx\/index.php?rest_route=\/wp\/v2\/posts\/217743\/revisions"}],"predecessor-version":[{"id":217745,"href":"https:\/\/www.elsinodaldetamaulipas.com.mx\/index.php?rest_route=\/wp\/v2\/posts\/217743\/revisions\/217745"}],"wp:featuredmedia":[{"embeddable":true,"href":"https:\/\/www.elsinodaldetamaulipas.com.mx\/index.php?rest_route=\/wp\/v2\/media\/217744"}],"wp:attachment":[{"href":"https:\/\/www.elsinodaldetamaulipas.com.mx\/index.php?rest_route=%2Fwp%2Fv2%2Fmedia&parent=217743"}],"wp:term":[{"taxonomy":"category","embeddable":true,"href":"https:\/\/www.elsinodaldetamaulipas.com.mx\/index.php?rest_route=%2Fwp%2Fv2%2Fcategories&post=217743"},{"taxonomy":"post_tag","embeddable":true,"href":"https:\/\/www.elsinodaldetamaulipas.com.mx\/index.php?rest_route=%2Fwp%2Fv2%2Ftags&post=217743"}],"curies":[{"name":"wp","href":"https:\/\/api.w.org\/{rel}","templated":true}]}}