{"id":217746,"date":"2026-01-20T22:48:05","date_gmt":"2026-01-21T02:48:05","guid":{"rendered":"https:\/\/www.elsinodaldetamaulipas.com.mx\/?p=217746"},"modified":"2026-01-20T22:48:05","modified_gmt":"2026-01-21T02:48:05","slug":"perseguido-internacional-capturado-en-matamoros","status":"publish","type":"post","link":"https:\/\/www.elsinodaldetamaulipas.com.mx\/?p=217746","title":{"rendered":"PERSEGUIDO INTERNACIONAL CAPTURADO EN MATAMOROS"},"content":{"rendered":"<p>Por Julio Manuel Loya Guzm\u00e1n\/EL SINODAL DE TAMAULIPAS<\/p>\n<p>Cd. Victoria, Tamaulipas.\u2014 En un operativo conjunto encabezado por autoridades federales, fue detenido en Matamoros Jos\u00e9 Ignacio \u201cN\u201d, identificado como uno de los l\u00edderes de un grupo delictivo con operaciones transnacionales y considerado objetivo prioritario por autoridades de M\u00e9xico y Estados Unidos.<\/p>\n<p>&nbsp;<\/p>\n<p>Mediante un comunicado, la Secretar\u00eda de Seguridad y Protecci\u00f3n Ciudadana indic\u00f3 que la captura fue resultado de trabajos de inteligencia e investigaci\u00f3n derivados de la cooperaci\u00f3n binacional para inhibir el contrabando de armas y drogas entre ambos pa\u00edses.<\/p>\n<p>&nbsp;<\/p>\n<p>Las labores permitieron ubicar la zona de operaci\u00f3n del presunto delincuente en el municipio de Matamoros, donde agentes federales desplegaron cercos de seguridad que derivaron en la identificaci\u00f3n y detenci\u00f3n del sujeto.<\/p>\n<p>&nbsp;<\/p>\n<p>Tras corroborar su identidad, Jos\u00e9 Ignacio \u201cN\u201d fue asegurado en posesi\u00f3n de dos armas largas, un cargador, m\u00e1s de 100 cartuchos \u00fatiles y una cinta eslabonada para munici\u00f3n. Posteriormente, le fueron le\u00eddos sus derechos y fue puesto a disposici\u00f3n del Ministerio P\u00fablico correspondiente, quien determinar\u00e1 su situaci\u00f3n jur\u00eddica.<\/p>\n<p>&nbsp;<\/p>\n<p>Las autoridades informaron que, como resultado de la cooperaci\u00f3n internacional, se confirm\u00f3 que el detenido es considerado fugitivo de la justicia estadounidense, al contar con una orden de arresto activa emitida por el Distrito Sur de Texas. Adem\u00e1s, se le relaciona con delitos de lavado de dinero, tr\u00e1fico de drogas, armas y personas hacia Estados Unidos.<\/p>\n<p>&nbsp;<\/p>\n<p>En la acci\u00f3n participaron elementos de la Agencia de Investigaci\u00f3n Criminal (AIC) de la Fiscal\u00eda General de la Rep\u00fablica (FGR), la Secretar\u00eda de Seguridad y Protecci\u00f3n Ciudadana (SSPC), la Secretar\u00eda de la Defensa Nacional (Defensa), la Guardia Nacional (GN) y la Secretar\u00eda de Marina (Semar).<\/p>\n<p>&nbsp;<\/p>\n","protected":false},"excerpt":{"rendered":"<p>Por Julio Manuel Loya Guzm\u00e1n\/EL SINODAL DE TAMAULIPAS Cd. Victoria, Tamaulipas.\u2014 En un operativo conjunto encabezado por autoridades federales, fue detenido en Matamoros Jos\u00e9 Ignacio \u201cN\u201d, identificado como uno de los l\u00edderes de un grupo delictivo con operaciones transnacionales y considerado objetivo prioritario por autoridades de M\u00e9xico y Estados Unidos. &nbsp; Mediante un comunicado, la [&hellip;]<\/p>\n","protected":false},"author":1,"featured_media":217747,"comment_status":"closed","ping_status":"closed","sticky":false,"template":"","format":"standard","meta":{"footnotes":""},"categories":[25],"tags":[],"class_list":["post-217746","post","type-post","status-publish","format-standard","has-post-thumbnail","hentry","category-leyyorden"],"_links":{"self":[{"href":"https:\/\/www.elsinodaldetamaulipas.com.mx\/index.php?rest_route=\/wp\/v2\/posts\/217746","targetHints":{"allow":["GET"]}}],"collection":[{"href":"https:\/\/www.elsinodaldetamaulipas.com.mx\/index.php?rest_route=\/wp\/v2\/posts"}],"about":[{"href":"https:\/\/www.elsinodaldetamaulipas.com.mx\/index.php?rest_route=\/wp\/v2\/types\/post"}],"author":[{"embeddable":true,"href":"https:\/\/www.elsinodaldetamaulipas.com.mx\/index.php?rest_route=\/wp\/v2\/users\/1"}],"replies":[{"embeddable":true,"href":"https:\/\/www.elsinodaldetamaulipas.com.mx\/index.php?rest_route=%2Fwp%2Fv2%2Fcomments&post=217746"}],"version-history":[{"count":1,"href":"https:\/\/www.elsinodaldetamaulipas.com.mx\/index.php?rest_route=\/wp\/v2\/posts\/217746\/revisions"}],"predecessor-version":[{"id":217748,"href":"https:\/\/www.elsinodaldetamaulipas.com.mx\/index.php?rest_route=\/wp\/v2\/posts\/217746\/revisions\/217748"}],"wp:featuredmedia":[{"embeddable":true,"href":"https:\/\/www.elsinodaldetamaulipas.com.mx\/index.php?rest_route=\/wp\/v2\/media\/217747"}],"wp:attachment":[{"href":"https:\/\/www.elsinodaldetamaulipas.com.mx\/index.php?rest_route=%2Fwp%2Fv2%2Fmedia&parent=217746"}],"wp:term":[{"taxonomy":"category","embeddable":true,"href":"https:\/\/www.elsinodaldetamaulipas.com.mx\/index.php?rest_route=%2Fwp%2Fv2%2Fcategories&post=217746"},{"taxonomy":"post_tag","embeddable":true,"href":"https:\/\/www.elsinodaldetamaulipas.com.mx\/index.php?rest_route=%2Fwp%2Fv2%2Ftags&post=217746"}],"curies":[{"name":"wp","href":"https:\/\/api.w.org\/{rel}","templated":true}]}}