{"id":217752,"date":"2026-01-20T23:04:29","date_gmt":"2026-01-21T03:04:29","guid":{"rendered":"https:\/\/www.elsinodaldetamaulipas.com.mx\/?p=217752"},"modified":"2026-01-20T23:04:29","modified_gmt":"2026-01-21T03:04:29","slug":"homeheira-vs-gloria","status":"publish","type":"post","link":"https:\/\/www.elsinodaldetamaulipas.com.mx\/?p=217752","title":{"rendered":"HOMEHEIRA VS GLORIA"},"content":{"rendered":"<p>CONFESIONARIO<br \/>\nMELIT\u00d3N GARC\u00cdA DE LA ROSA<\/p>\n<p>El PAN de Tamaulipas est\u00e1 entrando en d\u00edas de definiciones, de fuera m\u00e1scaras y de decidir el rumbo para el futuro de cara a los procesos electorales del 2027 y 2028\u2026 por principio de cuentas, C\u00c9SAR \u201cEl truko\u201d VER\u00c1STEGUI est\u00e1 descartado para la dirigencia estatal, ir\u00e1 una mujer.<br \/>\nAs\u00ed es mis queridos boes, en el CEN blanquiazul ya dieron se\u00f1ales y decidieron que quien sustituya a LUIS REN\u00c9 CANT\u00da, quien debi\u00f3 dejar la presidencia desde diciembre, sea del sexo femenino; es decir q Truko no le dar\u00eda tiempo de hacer un cambio tan relevante en su persona y est\u00e1 fuera.<br \/>\nObviamente, como lo hab\u00eda venido cantando en sus recorridos por municipios de Tamaulipas, GLORIA GARZA, pareja pol\u00edtica de muchos a\u00f1os del ex alcalde de Xicot\u00e9ncatl, encabezar\u00e1 la f\u00f3rmula, que hasta ayer parec\u00eda iba sola por la dirigencia, hasta hoy, que le comento que la ex subsecretaria y ex magistrada tiene una rival de gran calado.<br \/>\nMe refiero a OMEHEIRA L\u00d3PEZ REYNA, ex regidora de Reynosa, ex diputada federal, ex directora general del DIF Tamaulipas, ex Magistrada y con ex fundadora del Centro de Estudios Fronterizos y Promoci\u00f3n de los Derechos Humanos y otros cargos a nivel federal.<br \/>\nDos mujeres panistas, dos grupos de panistas; dos posiciones diferentes ante el gobierno morenista que encabeza AM\u00c9RICO VILLARREAL ANAYA, ese es el escenario para la elecci\u00f3n de la dirigencia estatal panista, que seg\u00fan me informaron tendr\u00e1 convocatoria para marzo.<br \/>\n\u00bfCu\u00e1les grupos panistas?, no se vayan con la finta, al interior del PAN cuerudo se est\u00e1 dando un \u2018choque de trenes\u2019, Truko VER\u00c1STEGUI ha dejado de ser parte del grupo pol\u00edtico del ex gobernador FRANCISCO CABEZA DE VACA y hoy est\u00e1n pol\u00edticamente enfrentados.<br \/>\nGLORIA GARZA por el equipo de Truko y OMEHEIRA L\u00d3PEZ REYNA por el de CABEZA DE VACA.<br \/>\nLa diferencia entre ambos grupos es notable, porque mientras el ex gobernador y su hermano, el diputado local ISMAEL GARC\u00cdA CABEZA DE VACA han manteniendo una posici\u00f3n de cr\u00edtica y confrontaci\u00f3n con la asociaci\u00f3n morenista, VER\u00c1STEGUI est\u00e1 a ojos visto alineado, tibio, mirando para otro lado, como si no fuera oposici\u00f3n.<br \/>\nY ese es precisamente el reclamo de los panistas de \u2018sangre azul\u2019 hacia VER\u00c1STEGUI, porque los dos primeros a\u00f1os tras su derrota en el 2022 por la gubernatura se mantuvo mudo, sordo y quieto, para el \u00faltimo a\u00f1o salir a no decir nada, a mantenerse al margen y buscar adue\u00f1arse administrativamente del PAN, sin incomodar al poder en turno.<br \/>\nPara los panistas que simpatizan con CABEZA DE VACA, el Truko y por lo tanto ahora GLORIA GARZA, son los candidatos para dirigir al PAN del gobernador morenista, porque ya los tiene bien alineados.<br \/>\n\u00bfQu\u00e9 va a suceder?, primero hay que decirlo, hoy CABEZA DE VACA y su grupo, manejan o tienen la simpat\u00eda de la estructura formal del PAN.<br \/>\nPero todo depender\u00e1 de lo que establezca la convocatoria que, repito, se espera para marzo, porque hay dos posibilidades que marcar\u00e1n en definitiva el rumbo de ese partido.<br \/>\nUna que el CEN de JORGE ROMERO publique una convocatoria en la que se establezca que la elecci\u00f3n de la nueva dirigencia estatal sea abierta a la militancia, lo que en Tamaulipas no ha ocurrido.<br \/>\nDe est\u00e1 forma, alrededor de 10 mil panistas militantes podr\u00edan votar<br \/>\nLa otra es que se decida que la convocatoria llame solo a los consejeros estatales, entonces la decisi\u00f3n ser\u00e1 de unos 100 panistas.<br \/>\nLa apuesta de los cabecistas es que el CEN no habr\u00e1 esta vez la elecci\u00f3n a todos los militantes, tienen miedo que desde la esquina guinda (l\u00e9ase gobierno morenista) metan mano y compren voluntades a favor de GLORIA GARZA, que es lo mismo que el Truko.<br \/>\nY miren, las sospechas de los cabecistas hacen sentido, porque resulta que mientras casi todo el gabinete de CABEZA DE VACA enfrenta demandas, investigaciones por presuntos actos de corrupci\u00f3n y otros ya hasta han sido procesados, el \u00daNICO no \u2018empapelado\u2019 es C\u00c9SAR \u201cEl Truko\u201d VER\u00c1STEGUI, siendo que era el n\u00famero dos del la estructura.<br \/>\nSupongo que ahora que OMEHEIRA L\u00d3PEZ REYNA est\u00e1 apuntada para pelear la dirigencia estatal, personajes como GERARDO PE\u00d1A, ENRIQUE RIVAS, CARLOS FERN\u00c1NDEZ, RAMIRO CORTEZ y otros cabecistas que estuvieron el fin de semana en el evento de Truko atender\u00e1n la se\u00f1al e ir\u00e1n en apoyo de la ex directora del DIF\u2026 \u00a1hagan sus apuestas!, hay pelea en el PAN.<\/p>\n","protected":false},"excerpt":{"rendered":"<p>CONFESIONARIO MELIT\u00d3N GARC\u00cdA DE LA ROSA El PAN de Tamaulipas est\u00e1 entrando en d\u00edas de definiciones, de fuera m\u00e1scaras y de decidir el rumbo para el futuro de cara a los procesos electorales del 2027 y 2028\u2026 por principio de cuentas, C\u00c9SAR \u201cEl truko\u201d VER\u00c1STEGUI est\u00e1 descartado para la dirigencia estatal, ir\u00e1 una mujer. As\u00ed [&hellip;]<\/p>\n","protected":false},"author":1,"featured_media":213885,"comment_status":"closed","ping_status":"closed","sticky":false,"template":"","format":"standard","meta":{"footnotes":""},"categories":[16],"tags":[],"class_list":["post-217752","post","type-post","status-publish","format-standard","has-post-thumbnail","hentry","category-opinion"],"_links":{"self":[{"href":"https:\/\/www.elsinodaldetamaulipas.com.mx\/index.php?rest_route=\/wp\/v2\/posts\/217752","targetHints":{"allow":["GET"]}}],"collection":[{"href":"https:\/\/www.elsinodaldetamaulipas.com.mx\/index.php?rest_route=\/wp\/v2\/posts"}],"about":[{"href":"https:\/\/www.elsinodaldetamaulipas.com.mx\/index.php?rest_route=\/wp\/v2\/types\/post"}],"author":[{"embeddable":true,"href":"https:\/\/www.elsinodaldetamaulipas.com.mx\/index.php?rest_route=\/wp\/v2\/users\/1"}],"replies":[{"embeddable":true,"href":"https:\/\/www.elsinodaldetamaulipas.com.mx\/index.php?rest_route=%2Fwp%2Fv2%2Fcomments&post=217752"}],"version-history":[{"count":1,"href":"https:\/\/www.elsinodaldetamaulipas.com.mx\/index.php?rest_route=\/wp\/v2\/posts\/217752\/revisions"}],"predecessor-version":[{"id":217753,"href":"https:\/\/www.elsinodaldetamaulipas.com.mx\/index.php?rest_route=\/wp\/v2\/posts\/217752\/revisions\/217753"}],"wp:featuredmedia":[{"embeddable":true,"href":"https:\/\/www.elsinodaldetamaulipas.com.mx\/index.php?rest_route=\/wp\/v2\/media\/213885"}],"wp:attachment":[{"href":"https:\/\/www.elsinodaldetamaulipas.com.mx\/index.php?rest_route=%2Fwp%2Fv2%2Fmedia&parent=217752"}],"wp:term":[{"taxonomy":"category","embeddable":true,"href":"https:\/\/www.elsinodaldetamaulipas.com.mx\/index.php?rest_route=%2Fwp%2Fv2%2Fcategories&post=217752"},{"taxonomy":"post_tag","embeddable":true,"href":"https:\/\/www.elsinodaldetamaulipas.com.mx\/index.php?rest_route=%2Fwp%2Fv2%2Ftags&post=217752"}],"curies":[{"name":"wp","href":"https:\/\/api.w.org\/{rel}","templated":true}]}}