{"id":217758,"date":"2026-01-20T23:58:36","date_gmt":"2026-01-21T03:58:36","guid":{"rendered":"https:\/\/www.elsinodaldetamaulipas.com.mx\/?p=217758"},"modified":"2026-01-20T23:59:21","modified_gmt":"2026-01-21T03:59:21","slug":"ponen-en-marcha-ciclo-de-siembra-otono-invierno","status":"publish","type":"post","link":"https:\/\/www.elsinodaldetamaulipas.com.mx\/?p=217758","title":{"rendered":"PONEN EN MARCHA CICLO DE SIEMBRA OTO\u00d1O-INVIERNO"},"content":{"rendered":"<p><em><strong>Por Gil Vicente Galindo\/EL SINODAL DE TAMAULIPAS<\/strong><\/em><\/p>\n<p>Reynosa, Tam.- Productores de la zona norte del estado, est\u00e1n listos para seguir con la siembra de ma\u00edz que hoy inicia, el sorgo y algod\u00f3n, desde hace un mes, en total de estima que unas 764 mil hect\u00e1reas, ser\u00e1n cultivadas.<\/p>\n<p>Esto en los municipios de D\u00edaz Ordaz, Control y San Fernando, el sorgo ocupa el primer lugar en siembra con 684 mil hect\u00e1reas de ese grano, de las cuales Control aporta la mayor\u00eda con 305 mil hect\u00e1reas.<\/p>\n<p>Otros granos como el ma\u00edz es el municipio de D\u00edaz Ordaz el que ocupa el primer lugar con una siembra de m\u00e1s de 36 mil hect\u00e1reas, a\u00fan y cuando el precio de garant\u00eda, ahora s\u00ed que no est\u00e1 garantizado.<\/p>\n<p>En algod\u00f3n, San Fernando es el municipio con menos hect\u00e1reas sembradas de este llamado \u201coreo blanco\u201d con apenas 15, mientras que en D\u00edaz Ordaz van por 4 mil hect\u00e1reas y control con tres mil 500.<\/p>\n","protected":false},"excerpt":{"rendered":"<p>Por Gil Vicente Galindo\/EL SINODAL DE TAMAULIPAS Reynosa, Tam.- Productores de la zona norte del estado, est\u00e1n listos para seguir con la siembra de ma\u00edz que hoy inicia, el sorgo y algod\u00f3n, desde hace un mes, en total de estima que unas 764 mil hect\u00e1reas, ser\u00e1n cultivadas. Esto en los municipios de D\u00edaz Ordaz, Control [&hellip;]<\/p>\n","protected":false},"author":1,"featured_media":217759,"comment_status":"closed","ping_status":"closed","sticky":false,"template":"","format":"standard","meta":{"footnotes":""},"categories":[1,2],"tags":[],"class_list":["post-217758","post","type-post","status-publish","format-standard","has-post-thumbnail","hentry","category-portada","category-reynosa"],"_links":{"self":[{"href":"https:\/\/www.elsinodaldetamaulipas.com.mx\/index.php?rest_route=\/wp\/v2\/posts\/217758","targetHints":{"allow":["GET"]}}],"collection":[{"href":"https:\/\/www.elsinodaldetamaulipas.com.mx\/index.php?rest_route=\/wp\/v2\/posts"}],"about":[{"href":"https:\/\/www.elsinodaldetamaulipas.com.mx\/index.php?rest_route=\/wp\/v2\/types\/post"}],"author":[{"embeddable":true,"href":"https:\/\/www.elsinodaldetamaulipas.com.mx\/index.php?rest_route=\/wp\/v2\/users\/1"}],"replies":[{"embeddable":true,"href":"https:\/\/www.elsinodaldetamaulipas.com.mx\/index.php?rest_route=%2Fwp%2Fv2%2Fcomments&post=217758"}],"version-history":[{"count":1,"href":"https:\/\/www.elsinodaldetamaulipas.com.mx\/index.php?rest_route=\/wp\/v2\/posts\/217758\/revisions"}],"predecessor-version":[{"id":217760,"href":"https:\/\/www.elsinodaldetamaulipas.com.mx\/index.php?rest_route=\/wp\/v2\/posts\/217758\/revisions\/217760"}],"wp:featuredmedia":[{"embeddable":true,"href":"https:\/\/www.elsinodaldetamaulipas.com.mx\/index.php?rest_route=\/wp\/v2\/media\/217759"}],"wp:attachment":[{"href":"https:\/\/www.elsinodaldetamaulipas.com.mx\/index.php?rest_route=%2Fwp%2Fv2%2Fmedia&parent=217758"}],"wp:term":[{"taxonomy":"category","embeddable":true,"href":"https:\/\/www.elsinodaldetamaulipas.com.mx\/index.php?rest_route=%2Fwp%2Fv2%2Fcategories&post=217758"},{"taxonomy":"post_tag","embeddable":true,"href":"https:\/\/www.elsinodaldetamaulipas.com.mx\/index.php?rest_route=%2Fwp%2Fv2%2Ftags&post=217758"}],"curies":[{"name":"wp","href":"https:\/\/api.w.org\/{rel}","templated":true}]}}