{"id":217761,"date":"2026-01-21T00:37:16","date_gmt":"2026-01-21T04:37:16","guid":{"rendered":"https:\/\/www.elsinodaldetamaulipas.com.mx\/?p=217761"},"modified":"2026-01-21T00:39:03","modified_gmt":"2026-01-21T04:39:03","slug":"preparan-inscripcion-definitiva-del-nivel-basico","status":"publish","type":"post","link":"https:\/\/www.elsinodaldetamaulipas.com.mx\/?p=217761","title":{"rendered":"PREPARAN INSCRIPCI\u00d3N DEFINITIVA DEL NIVEL B\u00c1SICO"},"content":{"rendered":"<p style=\"text-align: left;\"><em><strong>Por Juan Carlos Rodr\u00edguez Terrazas\/EL SINODAL DE TAMAULIPAS<\/strong><\/em><br \/>\nReynosa, Tam.- De acuerdo al calendario oficial de actividades de la Secretaria de Educaci\u00f3n de Tamaulipas, las inscripciones definitivas del nivel b\u00e1sico (primarias) ser\u00e1n abiertas el d\u00eda 3 de febrero y concluir\u00e1n el d\u00eda 13 del mismo mes.<br \/>\nSobre el particular el Supervisor de la Zona Escolar No. 100, profesor Mart\u00edn Quintero Camero, se\u00f1al\u00f3 que en 5 escuelas p\u00fablicas de su jurisdicci\u00f3n se cuenta con un cupo limitado a 350 alumnos de nuevo ingreso, es decir que asistir\u00e1n al primer grado.<br \/>\n<strong>SUFICIENTE CUPO<\/strong><br \/>\nMencion\u00f3 el funcionario educativo que, las escuelas p\u00fablicas de la zona 100, son la \u201cProfesor Baltazar D\u00edaz Baz\u00e1n\u201d; \u201cEl Chamizal\u201d, \u201cCamila Garza Rodr\u00edguez\u201d, \u201cInsurgentes\u201d y \u201cH\u00e9roes de la Independencia\u201d, ubicadas en el per\u00edmetro de las colonias Granjas Econ\u00f3micas del Norte, Villa Florida, Jarachina Norte y Campestre.<br \/>\nQuintero Camero, estableci\u00f3 que cada escuela tiene su m\u00e9todo de inscripci\u00f3n, pero la mayor\u00eda se rigen bajo cinco criterios b\u00e1sicos que sugiere la Secretar\u00eda de Educaci\u00f3n de Tamaulipas.<br \/>\n<strong>CRITERIOS DE ADMISI\u00d3N<\/strong><br \/>\nEl primer criterio es apertura de inscripciones dando preferencia a los alumnos que tienen hermanitos en las escuelas a las que desean integrarse; el segundo es dar cabida enseguida a los alumnos que vivan en la colonia donde se ubica la escuela; el tercer criterio es la admisi\u00f3n de alumnos que radican en las colonias m\u00e1s cercanas a la escuela; el cuarto es para los ni\u00f1os cuyos padres trabajan en las proximidades de las escuelas y el quinto, es admisi\u00f3n de alumnos de cualquier lugar de residencia con la idea de que nadie quede fuera.<br \/>\nEl entrevistado aconsej\u00f3 a los padres de familia esperar la publicaci\u00f3n de la convocatoria de la escuela a la que deseen inscribir a sus hijos y no incurrir en movilizaciones de p\u00e1nico como eso de irse a pernoctar hasta con dos o tres d\u00edas de anticipaci\u00f3n a la espera de la apertura de las matriculas como ya ha ocurrido en otras ocasiones, porque eso es muy desgastante para los padres y madres de familia.<\/p>\n<p style=\"text-align: left;\"><img loading=\"lazy\" decoding=\"async\" class=\"aligncenter wp-image-217763 size-full\" src=\"https:\/\/www.elsinodaldetamaulipas.com.mx\/wp-content\/uploads\/2026\/01\/MARTIN-QUINTERO-2.jpg\" alt=\"\" width=\"894\" height=\"487\" srcset=\"https:\/\/www.elsinodaldetamaulipas.com.mx\/wp-content\/uploads\/2026\/01\/MARTIN-QUINTERO-2.jpg 894w, https:\/\/www.elsinodaldetamaulipas.com.mx\/wp-content\/uploads\/2026\/01\/MARTIN-QUINTERO-2-300x163.jpg 300w, https:\/\/www.elsinodaldetamaulipas.com.mx\/wp-content\/uploads\/2026\/01\/MARTIN-QUINTERO-2-768x418.jpg 768w\" sizes=\"auto, (max-width: 894px) 100vw, 894px\" \/><br \/>\n<strong>DICTA CONSEJO<\/strong><br \/>\nEl inspector escolar agreg\u00f3 que muchas veces los registros de aspirantes de primer grado se realizan por orden alfab\u00e9tico y entonces de nada vale que sus padres o tutores se vayan a acampar a la escuela si solo ser\u00e1n atendidos el d\u00eda que les toque su letra.<br \/>\nLa fuente agreg\u00f3 por otra parte que, todas las escuelas p\u00fablicas bajo su supervisi\u00f3n en estos momentos est\u00e1n funcionando con la totalidad de sus recursos humanos asignados, pero en los pr\u00f3ximos d\u00edas la USICAMM (Unidad del Sistema para la Carrera de las Maestras y los Maestros) estar\u00eda en disposici\u00f3n de admitir los cambios de adscripci\u00f3n a los maestros que deseen moverse a otras zonas escolares m\u00e1s cercanas a sus hogares y la SET tiene la obligaci\u00f3n de reponer ese recurso para que las escuelas no tengan grupos sin maestros al inicio del ciclo escolar 2026-2027 en septiembre pr\u00f3ximo.<br \/>\n<strong>SOLICITAN INVESTIGAR ROBO<\/strong><br \/>\nEn otro tema abop0rdado por el profesor Quintero Camero, este solicit\u00f3 a la fiscalia General de Justicia del estado, que active las investigaci0ones tendientes a encontrar a los responsables del latrocinio de 30 pastillas de 220 voltios que sospechosamente desaparecieron de la Escuela El Chamizal entre los d\u00edas 6 y 7 de enero.<br \/>\nEste cuantioso robo deja sin energ\u00eda a la instituci\u00f3n escolar y es improbable que se solucione pronto el problema en virtud de que casa pastilla tiene un costo de entre 600 y 700 pesos lo que representa una dificultad muy grave que impide ahora el normal funcionamiento de las actividades escolares del presente ciclo.<\/p>\n","protected":false},"excerpt":{"rendered":"<p>Por Juan Carlos Rodr\u00edguez Terrazas\/EL SINODAL DE TAMAULIPAS Reynosa, Tam.- De acuerdo al calendario oficial de actividades de la Secretaria de Educaci\u00f3n de Tamaulipas, las inscripciones definitivas del nivel b\u00e1sico (primarias) ser\u00e1n abiertas el d\u00eda 3 de febrero y concluir\u00e1n el d\u00eda 13 del mismo mes. Sobre el particular el Supervisor de la Zona Escolar [&hellip;]<\/p>\n","protected":false},"author":1,"featured_media":217762,"comment_status":"closed","ping_status":"closed","sticky":false,"template":"","format":"standard","meta":{"footnotes":""},"categories":[1,2],"tags":[],"class_list":["post-217761","post","type-post","status-publish","format-standard","has-post-thumbnail","hentry","category-portada","category-reynosa"],"_links":{"self":[{"href":"https:\/\/www.elsinodaldetamaulipas.com.mx\/index.php?rest_route=\/wp\/v2\/posts\/217761","targetHints":{"allow":["GET"]}}],"collection":[{"href":"https:\/\/www.elsinodaldetamaulipas.com.mx\/index.php?rest_route=\/wp\/v2\/posts"}],"about":[{"href":"https:\/\/www.elsinodaldetamaulipas.com.mx\/index.php?rest_route=\/wp\/v2\/types\/post"}],"author":[{"embeddable":true,"href":"https:\/\/www.elsinodaldetamaulipas.com.mx\/index.php?rest_route=\/wp\/v2\/users\/1"}],"replies":[{"embeddable":true,"href":"https:\/\/www.elsinodaldetamaulipas.com.mx\/index.php?rest_route=%2Fwp%2Fv2%2Fcomments&post=217761"}],"version-history":[{"count":3,"href":"https:\/\/www.elsinodaldetamaulipas.com.mx\/index.php?rest_route=\/wp\/v2\/posts\/217761\/revisions"}],"predecessor-version":[{"id":217766,"href":"https:\/\/www.elsinodaldetamaulipas.com.mx\/index.php?rest_route=\/wp\/v2\/posts\/217761\/revisions\/217766"}],"wp:featuredmedia":[{"embeddable":true,"href":"https:\/\/www.elsinodaldetamaulipas.com.mx\/index.php?rest_route=\/wp\/v2\/media\/217762"}],"wp:attachment":[{"href":"https:\/\/www.elsinodaldetamaulipas.com.mx\/index.php?rest_route=%2Fwp%2Fv2%2Fmedia&parent=217761"}],"wp:term":[{"taxonomy":"category","embeddable":true,"href":"https:\/\/www.elsinodaldetamaulipas.com.mx\/index.php?rest_route=%2Fwp%2Fv2%2Fcategories&post=217761"},{"taxonomy":"post_tag","embeddable":true,"href":"https:\/\/www.elsinodaldetamaulipas.com.mx\/index.php?rest_route=%2Fwp%2Fv2%2Ftags&post=217761"}],"curies":[{"name":"wp","href":"https:\/\/api.w.org\/{rel}","templated":true}]}}