{"id":217779,"date":"2026-01-21T20:25:28","date_gmt":"2026-01-22T00:25:28","guid":{"rendered":"https:\/\/www.elsinodaldetamaulipas.com.mx\/?p=217779"},"modified":"2026-01-21T21:51:55","modified_gmt":"2026-01-22T01:51:55","slug":"pronostican-que-temperaturas-bajaran-hasta-0","status":"publish","type":"post","link":"https:\/\/www.elsinodaldetamaulipas.com.mx\/?p=217779","title":{"rendered":"PRONOSTICAN QUE TEMPERATURAS BAJAR\u00c1N HASTA 0\u00b0"},"content":{"rendered":"<p><em><strong><br \/>\nPor Gil Vicente Galindo\/EL SINODAL DE TAMAULIPAS<\/strong><\/em><\/p>\n<p>Reynosa, Tam.- De acuerdo a los pron\u00f3sticos del tiempo se espera una severa baja temperatura a partir del s\u00e1bado donde el term\u00f3metro estar\u00e1 entre los cero a cinco grados Celsius.<\/p>\n<p>Protecci\u00f3n civil alerta a la ciudadan\u00eda para que prevengan, cuidarse de cambios bruscos de temperaturas, corrientes g\u00e9lidas, no auto medicarse, no dormir con \u201cbrazas\u201d en las habitaciones.<\/p>\n<p><em><strong><img loading=\"lazy\" decoding=\"async\" class=\"aligncenter wp-image-217788 size-full\" src=\"https:\/\/www.elsinodaldetamaulipas.com.mx\/wp-content\/uploads\/2026\/01\/SIMOLOGIA.jpg\" alt=\"\" width=\"1137\" height=\"759\" srcset=\"https:\/\/www.elsinodaldetamaulipas.com.mx\/wp-content\/uploads\/2026\/01\/SIMOLOGIA.jpg 1137w, https:\/\/www.elsinodaldetamaulipas.com.mx\/wp-content\/uploads\/2026\/01\/SIMOLOGIA-300x200.jpg 300w, https:\/\/www.elsinodaldetamaulipas.com.mx\/wp-content\/uploads\/2026\/01\/SIMOLOGIA-1024x684.jpg 1024w, https:\/\/www.elsinodaldetamaulipas.com.mx\/wp-content\/uploads\/2026\/01\/SIMOLOGIA-768x513.jpg 768w\" sizes=\"auto, (max-width: 1137px) 100vw, 1137px\" \/><\/strong><\/em><\/p>\n<p>La tercera tormenta invernal estar\u00e1 generando nevadas en el norte del pa\u00eds en estados como Coahuila, Chihuahua y Nuevo Le\u00f3n.<\/p>\n<p>Los municipios de la frontera han habilitado una serie de refugios temporales para que ciudadanos en condici\u00f3n de calle, asistan a esos lugares a recibir comida caliente, techo c\u00e1lido, colchonetas por el tiempo que dure la onda g\u00e9lida.<\/p>\n<p><em><strong><img loading=\"lazy\" decoding=\"async\" class=\"aligncenter wp-image-217787 size-full\" src=\"https:\/\/www.elsinodaldetamaulipas.com.mx\/wp-content\/uploads\/2026\/01\/SIMBOLOGIA-2.jpg\" alt=\"\" width=\"800\" height=\"388\" srcset=\"https:\/\/www.elsinodaldetamaulipas.com.mx\/wp-content\/uploads\/2026\/01\/SIMBOLOGIA-2.jpg 800w, https:\/\/www.elsinodaldetamaulipas.com.mx\/wp-content\/uploads\/2026\/01\/SIMBOLOGIA-2-300x146.jpg 300w, https:\/\/www.elsinodaldetamaulipas.com.mx\/wp-content\/uploads\/2026\/01\/SIMBOLOGIA-2-768x372.jpg 768w\" sizes=\"auto, (max-width: 800px) 100vw, 800px\" \/><\/strong><\/em><\/p>\n<p>En Reynosa al pron\u00f3stico es que se registren temperaturas heladas de dos grados Celsius y la sensaci\u00f3n t\u00e9rmica a menos uno o dos grados, por ello las escuelas de educaci\u00f3n b\u00e1sica, indican que ser\u00e1 responsabilidad de padres de familia, si env\u00edan o no a sus hijos a clases.<\/p>\n<p>El aviso de autoridades de protecci\u00f3n civil es que eviten viajar al norte de Estados Unidos de Norteam\u00e9rica, donde el fr\u00edo ser\u00e1 m\u00e1s intenso del s\u00e1bado 24 de enero a los primeros d\u00edas de febrero.<\/p>\n","protected":false},"excerpt":{"rendered":"<p>Por Gil Vicente Galindo\/EL SINODAL DE TAMAULIPAS Reynosa, Tam.- De acuerdo a los pron\u00f3sticos del tiempo se espera una severa baja temperatura a partir del s\u00e1bado donde el term\u00f3metro estar\u00e1 entre los cero a cinco grados Celsius. Protecci\u00f3n civil alerta a la ciudadan\u00eda para que prevengan, cuidarse de cambios bruscos de temperaturas, corrientes g\u00e9lidas, no [&hellip;]<\/p>\n","protected":false},"author":1,"featured_media":217780,"comment_status":"closed","ping_status":"closed","sticky":false,"template":"","format":"standard","meta":{"footnotes":""},"categories":[1,2],"tags":[],"class_list":["post-217779","post","type-post","status-publish","format-standard","has-post-thumbnail","hentry","category-portada","category-reynosa"],"_links":{"self":[{"href":"https:\/\/www.elsinodaldetamaulipas.com.mx\/index.php?rest_route=\/wp\/v2\/posts\/217779","targetHints":{"allow":["GET"]}}],"collection":[{"href":"https:\/\/www.elsinodaldetamaulipas.com.mx\/index.php?rest_route=\/wp\/v2\/posts"}],"about":[{"href":"https:\/\/www.elsinodaldetamaulipas.com.mx\/index.php?rest_route=\/wp\/v2\/types\/post"}],"author":[{"embeddable":true,"href":"https:\/\/www.elsinodaldetamaulipas.com.mx\/index.php?rest_route=\/wp\/v2\/users\/1"}],"replies":[{"embeddable":true,"href":"https:\/\/www.elsinodaldetamaulipas.com.mx\/index.php?rest_route=%2Fwp%2Fv2%2Fcomments&post=217779"}],"version-history":[{"count":3,"href":"https:\/\/www.elsinodaldetamaulipas.com.mx\/index.php?rest_route=\/wp\/v2\/posts\/217779\/revisions"}],"predecessor-version":[{"id":217790,"href":"https:\/\/www.elsinodaldetamaulipas.com.mx\/index.php?rest_route=\/wp\/v2\/posts\/217779\/revisions\/217790"}],"wp:featuredmedia":[{"embeddable":true,"href":"https:\/\/www.elsinodaldetamaulipas.com.mx\/index.php?rest_route=\/wp\/v2\/media\/217780"}],"wp:attachment":[{"href":"https:\/\/www.elsinodaldetamaulipas.com.mx\/index.php?rest_route=%2Fwp%2Fv2%2Fmedia&parent=217779"}],"wp:term":[{"taxonomy":"category","embeddable":true,"href":"https:\/\/www.elsinodaldetamaulipas.com.mx\/index.php?rest_route=%2Fwp%2Fv2%2Fcategories&post=217779"},{"taxonomy":"post_tag","embeddable":true,"href":"https:\/\/www.elsinodaldetamaulipas.com.mx\/index.php?rest_route=%2Fwp%2Fv2%2Ftags&post=217779"}],"curies":[{"name":"wp","href":"https:\/\/api.w.org\/{rel}","templated":true}]}}