{"id":217784,"date":"2026-01-21T22:28:53","date_gmt":"2026-01-22T02:28:53","guid":{"rendered":"https:\/\/www.elsinodaldetamaulipas.com.mx\/?p=217784"},"modified":"2026-01-21T22:28:53","modified_gmt":"2026-01-22T02:28:53","slug":"lista-la-visita-de-sheinbaum-a-tamaulipas","status":"publish","type":"post","link":"https:\/\/www.elsinodaldetamaulipas.com.mx\/?p=217784","title":{"rendered":"LISTA LA VISITA DE SHEINBAUM A TAMAULIPAS"},"content":{"rendered":"<div class=\"post-content\">\n<p>C R O N I C A S\u00a0\u00a0\u00a0 P O L I T I C A S<\/p>\n<p>&nbsp;<\/p>\n<p><strong>\u00a0Por Alberto Guerra Salazar<\/strong><\/p>\n<p><strong>CIUDAD VICTORIA, (ASI).\u2014 La empresa Demoscopia Digital y el peri\u00f3dico La Jornada publicaron el Ranking de presidentes municipales de siete entidades federativas m\u00e1s destacados durante el mes de diciembre y entre los primeros diez figuran siete de Nuevo Le\u00f3n, 3 de Coahuila, pero ninguno de Tamaulipas.<\/strong><\/p>\n<p><strong>En tanto que todav\u00eda no hay informaci\u00f3n oficial sobre el programa de actividades que atender\u00e1 en Tamaulipas la Presidenta de M\u00e9xico Claudia Sheinbaum, cuya visita est\u00e1 prevista para el s\u00e1bado y podr\u00eda extenderse hasta el domingo.<\/strong><\/p>\n<p><strong>Invocando razones de seguridad, la avanzada presidencial y la propia oficina de prensa del Gobernador Am\u00e9rico Villarreal Anaya, mantienen sesgada la informaci\u00f3n relativa a las acciones que emprender\u00e1 en Tamaulipas la doctora Sheinbaum.<\/strong><\/p>\n<p><strong>Inclusive, se habla extraoficialmente que la jefa de las instituciones nacionales visitar\u00eda tambi\u00e9n Nuevo Laredo, Reynosa y Matamoros, pero son solo especulaciones. Lo importante es que esas ciudades est\u00e1n mereciendo atenci\u00f3n especial de la federaci\u00f3n en materia de inversiones.<\/strong><\/p>\n<p><strong>En otros temas, la presidenta municipal de Nuevo Laredo Carmen Lilia Cant\u00farosas Villarreal particip\u00f3 en la ceremonia del informe de actividades 2025 del Consulado General de M\u00e9xico en Laredo, haciendo destacar la excelente coordinaci\u00f3n entre ambas ciudades.<\/strong><\/p>\n<p><strong>Se\u00f1al\u00f3 durante su intervenci\u00f3n que el c\u00f3nsul general de M\u00e9xico en Laredo Juan Carlos Mendoza S\u00e1nchez ha sido un aliado estrat\u00e9gico para el fortalecimiento de los lazos de cooperaci\u00f3n binacional, en todos los renglones.<\/strong><\/p>\n<p><strong>\u201cCuando entendemos que la frontera no divide, sino que une, los resultados son muy grandes no solo en el \u00e1mbito cultural sino tambi\u00e9n se reflejan en los rubros econ\u00f3mico y social\u201d, dijo la edil.<\/strong><\/p>\n<p><strong>Resalt\u00f3 el fortalecimiento del intercambio cultural entre ambas ciudades, mediante el impulso a talentos neolaredenses que hoy exponen su trabajo en Laredo, Texas, as\u00ed como la apertura de espacios en Nuevo Laredo para expresiones art\u00edsticas del vecino pa\u00eds, lo que reafirma la hermandad hist\u00f3rica entre ambas comunidades.<\/strong><\/p>\n<p><strong>Carmen Lilia reiter\u00f3 el compromiso del gobierno municipal de Nuevo Laredo de continuar trabajando de manera coordinada con el Consulado de M\u00e9xico en Laredo y las autoridades del sur de Texas, con una visi\u00f3n binacional que priorice el desarrollo, la cooperaci\u00f3n y el bienestar de la comunidad de ambos Laredos.<\/strong><\/p>\n<p><strong>Cambiamos de rumbo para avisar que la Universidad Aut\u00f3noma de Tamaulipas certificar\u00e1 a los productores de la cuera tamaulipeca para cumplir con los lineamientos que exige el Instituto Mexicano de la Propiedad Industrial, IMPI, como parte del proceso de denominaci\u00f3n de origen de esta ic\u00f3nica prenda de la regi\u00f3n.<\/strong><\/p>\n<p><strong>El Rector D\u00e1maso Anaya Alvarado dijo que la UAT ser\u00e1 la instituci\u00f3n encargada de capacitar y certificar a los artesanos de la cuera tamaulipeca con el prop\u00f3sito de garantizar la autenticidad de sus productos.<\/strong><\/p>\n<p><strong>Refiri\u00f3 que, previo a este proyecto, expertos de la UAT elaborar\u00e1n un estudio t\u00e9cnico en colaboraci\u00f3n con el gobierno de Tamaulipas, como parte de los requerimientos del IMPI parta otorgar a la cuera tamaulipeca la denominaci\u00f3n de origen.<\/strong><\/p>\n<p><strong>La UAT otorgar\u00e1 un c\u00f3digo a los productores que sean certificados, que ser\u00e1 el sello de autenticidad de la cuera, lo cual garantizar\u00e1 a los compradores que est\u00e1n adquiriendo prendas y productos originales y de calidad.<\/strong><\/p>\n<p><strong>A ello se agrega que interesados en visibilizar el trabajo de artesanos de Tamaulipas, el Fondo Nacional para el Fomento de las Artesan\u00edas, que depende de la secretaria de Cultura del gobierno federal, realiz\u00f3 una visita de trabajo en colaboraci\u00f3n con el gobierno de Tamaulipas, a trav\u00e9s de la Secretar\u00eda de Bienestar Social y el Instituto Tamaulipeco Para la Cultura y las Artes, ITCA.<\/strong><\/p>\n<p><strong>\u201cLa Secretaria de Cultura est\u00e1 muy al pendiente de apoyar, difundir y exhibir artesan\u00edas de M\u00e9xico. a trav\u00e9s de estas manos m\u00e1gicas que tenemos en el pa\u00eds nos dan identidad y qu\u00e9 mejor ejemplo que la cuera Tamaulipas, tan arraigada en el Estado\u201d, expuso Sonya Santos Garza, titular del FONART.<\/strong><\/p>\n<p><strong>Durante su visita sostuvo encuentros junto al equipo del ITCA con diferentes artesanos en Tula y Ciudad Victoria, entre ellos artistas de la cuera, la talabarter\u00eda, artesan\u00edas de madera, tejido de bamb\u00fa, entre otras t\u00e9cnicas.<\/strong><\/p>\n<p><strong>\u201cHay que seguir promoviendo y apoyando todas las iniciativas que tiene el ITCA en pro de la difusi\u00f3n del arte y la cultura y estamos colaborando en ello, Se cree que FONART es solo la compra y tienda, pero hay mucho m\u00e1s atras; capacitaciones, ferias y encuentros y un trato directo con los artesanos\u201d, apunto Santos Garza.<\/strong><\/p>\n<p><strong>Correo electr\u00f3nico: albertoguerra65<u>@<\/u>hotmail. com<\/strong><\/p>\n<\/div>\n","protected":false},"excerpt":{"rendered":"<p>C R O N I C A S\u00a0\u00a0\u00a0 P O L I T I C A S &nbsp; \u00a0Por Alberto Guerra Salazar CIUDAD VICTORIA, (ASI).\u2014 La empresa Demoscopia Digital y el peri\u00f3dico La Jornada publicaron el Ranking de presidentes municipales de siete entidades federativas m\u00e1s destacados durante el mes de diciembre y entre los primeros [&hellip;]<\/p>\n","protected":false},"author":1,"featured_media":0,"comment_status":"closed","ping_status":"closed","sticky":false,"template":"","format":"standard","meta":{"footnotes":""},"categories":[16],"tags":[],"class_list":["post-217784","post","type-post","status-publish","format-standard","hentry","category-opinion"],"_links":{"self":[{"href":"https:\/\/www.elsinodaldetamaulipas.com.mx\/index.php?rest_route=\/wp\/v2\/posts\/217784","targetHints":{"allow":["GET"]}}],"collection":[{"href":"https:\/\/www.elsinodaldetamaulipas.com.mx\/index.php?rest_route=\/wp\/v2\/posts"}],"about":[{"href":"https:\/\/www.elsinodaldetamaulipas.com.mx\/index.php?rest_route=\/wp\/v2\/types\/post"}],"author":[{"embeddable":true,"href":"https:\/\/www.elsinodaldetamaulipas.com.mx\/index.php?rest_route=\/wp\/v2\/users\/1"}],"replies":[{"embeddable":true,"href":"https:\/\/www.elsinodaldetamaulipas.com.mx\/index.php?rest_route=%2Fwp%2Fv2%2Fcomments&post=217784"}],"version-history":[{"count":1,"href":"https:\/\/www.elsinodaldetamaulipas.com.mx\/index.php?rest_route=\/wp\/v2\/posts\/217784\/revisions"}],"predecessor-version":[{"id":217798,"href":"https:\/\/www.elsinodaldetamaulipas.com.mx\/index.php?rest_route=\/wp\/v2\/posts\/217784\/revisions\/217798"}],"wp:attachment":[{"href":"https:\/\/www.elsinodaldetamaulipas.com.mx\/index.php?rest_route=%2Fwp%2Fv2%2Fmedia&parent=217784"}],"wp:term":[{"taxonomy":"category","embeddable":true,"href":"https:\/\/www.elsinodaldetamaulipas.com.mx\/index.php?rest_route=%2Fwp%2Fv2%2Fcategories&post=217784"},{"taxonomy":"post_tag","embeddable":true,"href":"https:\/\/www.elsinodaldetamaulipas.com.mx\/index.php?rest_route=%2Fwp%2Fv2%2Ftags&post=217784"}],"curies":[{"name":"wp","href":"https:\/\/api.w.org\/{rel}","templated":true}]}}