{"id":217791,"date":"2026-01-21T22:06:29","date_gmt":"2026-01-22T02:06:29","guid":{"rendered":"https:\/\/www.elsinodaldetamaulipas.com.mx\/?p=217791"},"modified":"2026-01-21T22:06:29","modified_gmt":"2026-01-22T02:06:29","slug":"en-marcha-clases-de-fac-de-derecho-y-ciencias-sociales","status":"publish","type":"post","link":"https:\/\/www.elsinodaldetamaulipas.com.mx\/?p=217791","title":{"rendered":"EN MARCHA CLASES DE FAC. DE DERECHO Y CIENCIAS SOCIALES"},"content":{"rendered":"<div class=\"post-content\">\n\u00b7\u00a0\u00a0\u00a0\u00a0\u00a0\u00a0La formaci\u00f3n dual tiene un origen francamente antiguo, naciendo en la edad media. Y hoy, este principio de formaci\u00f3n profesional, se aplica con \u00e9xito, en la Universidad Aut\u00f3noma de Tamaulipas, bajo el liderazgo del Rector D\u00e1maso Anaya Alvarado, y replicado con muy buenos resultados en la Facultad de Derecho y Ciencias Sociales de Victoria, que preside el Dr. Edi Izaguirre Trevi\u00f1o<\/p>\n<p>El pasado lunes, la Facultad de Derecho y Ciencias Sociales de Victoria de la UAT regres\u00f3 a sus actividades acad\u00e9micas: salones con voces y risas, con c\u00e1tedras de los profesores, los pasillos con estudiantes cambiando de sal\u00f3n y, lo m\u00e1s importante, las ganas de iniciar un nuevo semestre escolar.<\/p>\n<p>El Director de la Facultad, el Dr. Edy Izaguirre Trevi\u00f1o, recibi\u00f3 a los maestros y a los estudiantes, visit\u00f3 salones y platic\u00f3 con la comunidad educativa, escuch\u00f3 sugerencias y habl\u00f3 de su proyecto acad\u00e9mico. Y nadie puede dejar de reconocer que, desde su llegada al m\u00e1ximo cargo de direcci\u00f3n de la Facultad, el Dr. Izaguirre Trevi\u00f1o se ha dedicado a trabajar.<\/p>\n<p>El cambio f\u00edsico de la Facultad ha sido espectacular, el equipamiento de las aulas no se ha quedado atr\u00e1s. Y la adquisici\u00f3n de veh\u00edculos para el traslado de estudiantes requiri\u00f3 de recursos muy importantes. Ello, entre muchas acciones que han puesto a la Facultad en un lugar preponderante del acontecer acad\u00e9mico nacional.<\/p>\n<p>Claro que el esfuerzo del Director de la Facultad no hubiera sido posible sin el apoyo absoluto del rector de nuestra Universidad Aut\u00f3noma de Tamaulipas, D\u00e1maso Anaya Alvarado. Y lugar a donde llega el Director, lugar en donde el reconocimiento por este apoyo de la m\u00e1xima autoridad universitaria forma parte del discurso. Ello habla de la honestidad del Dr. Izaguirre Trevi\u00f1o y de que es una persona agradecida.<\/p>\n<p>Y algo que tambi\u00e9n platica con orgullo el Dr. Izaguirre Trevi\u00f1o, es que en la Facultad se aplica el modelo de educaci\u00f3n dual que desde la rector\u00eda ha impulsado Damaso Anaya Alvarado.<\/p>\n<p>\u00bfQu\u00e9 es la educaci\u00f3n dual? Es un modelo formativo que combina aprendizaje en el aula con formaci\u00f3n pr\u00e1ctica en el campo laboral al mismo tiempo. Es decir, el estudiante estudia y practica a la vez, aplicando de manera inmediata lo aprendido en las aulas, conocimientos que se refuerzan con la experiencia de un tutor acad\u00e9mico, lo que permite el desarrollo de competencias profesionales desde etapas tempranas de la formaci\u00f3n profesional.<\/p>\n<p>La educaci\u00f3n dual permite obtener experiencia laboral antes de egresar de las aulas, lo que lo cualifica mejor al momento de conseguir empleo. Adem\u00e1s, le permite al estudiante construir una s\u00f3lida formaci\u00f3n alineada a las necesidades reales del mercado, m\u00e1s all\u00e1 de la teor\u00eda, disminuyendo la brecha entre la teor\u00eda y la pr\u00e1ctica.<\/p>\n<p>Asimismo, al tener contacto con el mercado laboral, el estudiante abre la posibilidad de lograr la contrataci\u00f3n inmediata por parte de las empresas que les apoyan en su formaci\u00f3n profesional.<\/p>\n<p>La educaci\u00f3n dual que se practica con \u00e9xito en la Universidad Aut\u00f3noma de Tamaulipas, es un exitoso modelo de formaci\u00f3n profesional que es parte de los programas acad\u00e9micos en Alemania, Suiza y Austria<\/p>\n<p><strong>PD. 1.<\/strong>\u00a0Informaci\u00f3n muy importante de Tamaulipas: este martes, el Gobernador del Estado, el Dr. Am\u00e9rico Villarreal Anaya,\u00a0present\u00f3 datos duros en materia de seguridad, lo que habla de un trabajo serio en la materia, logrando una reducci\u00f3n hist\u00f3rica en todos los indicadores de\u00a0incidencia delictiva, destacando una disminuci\u00f3n de 57% en el delito de\u00a0homicidio doloso,\u00a0en el comparativo de 2023 al cierre de 2025.<\/p>\n<p>El mandatario tamaulipeco inform\u00f3 que de 2018 a 2025 Tamaulipas present\u00f3 una disminuci\u00f3n de 80% en el promedio diario de homicidios dolosos, al pasar de tres hechos que se registraban diariamente a 0.61 que se presentaron al cierre del a\u00f1o anterior.<\/p>\n<p>Adem\u00e1s, el secuestro baj\u00f3 58%, el delito de\u00a0robo\u00a0a\u00a0casa-habitaci\u00f3n\u00a0disminuy\u00f3 14%, el robo a\u00a0negocio\u00a0baj\u00f3 27%, el robo\u00a0de veh\u00edculos\u00a0disminuy\u00f3 25% y la\u00a0violencia familiar\u00a0present\u00f3 una baja de 4%, entre otros.<\/p>\n<p>Reitero, los n\u00fameros no pueden mentir. Y ello representa el resultado de un trabajo comprometido y profesional en la materia de seguridad p\u00fablica, que impacta de manera favorable a todas y todos los tamaulipecos.<\/p>\n<p>Gracias por recibirnos. Sus comentarios son bien recibidos en nuestro correo electr\u00f3nico\u00a0<a href=\"mailto:hipodromo.politico@gmail.com\" target=\"_blank\" rel=\"noreferrer noopener\">hipodromo.politico@gmail.com<\/a>. Y tambi\u00e9n estamos en Twitter @MXCarlosCortes.<\/p>\n<\/div>\n","protected":false},"excerpt":{"rendered":"<p>\u00b7\u00a0\u00a0\u00a0\u00a0\u00a0\u00a0La formaci\u00f3n dual tiene un origen francamente antiguo, naciendo en la edad media. Y hoy, este principio de formaci\u00f3n profesional, se aplica con \u00e9xito, en la Universidad Aut\u00f3noma de Tamaulipas, bajo el liderazgo del Rector D\u00e1maso Anaya Alvarado, y replicado con muy buenos resultados en la Facultad de Derecho y Ciencias Sociales de Victoria, que [&hellip;]<\/p>\n","protected":false},"author":1,"featured_media":217154,"comment_status":"closed","ping_status":"closed","sticky":false,"template":"","format":"standard","meta":{"footnotes":""},"categories":[16],"tags":[],"class_list":["post-217791","post","type-post","status-publish","format-standard","has-post-thumbnail","hentry","category-opinion"],"_links":{"self":[{"href":"https:\/\/www.elsinodaldetamaulipas.com.mx\/index.php?rest_route=\/wp\/v2\/posts\/217791","targetHints":{"allow":["GET"]}}],"collection":[{"href":"https:\/\/www.elsinodaldetamaulipas.com.mx\/index.php?rest_route=\/wp\/v2\/posts"}],"about":[{"href":"https:\/\/www.elsinodaldetamaulipas.com.mx\/index.php?rest_route=\/wp\/v2\/types\/post"}],"author":[{"embeddable":true,"href":"https:\/\/www.elsinodaldetamaulipas.com.mx\/index.php?rest_route=\/wp\/v2\/users\/1"}],"replies":[{"embeddable":true,"href":"https:\/\/www.elsinodaldetamaulipas.com.mx\/index.php?rest_route=%2Fwp%2Fv2%2Fcomments&post=217791"}],"version-history":[{"count":1,"href":"https:\/\/www.elsinodaldetamaulipas.com.mx\/index.php?rest_route=\/wp\/v2\/posts\/217791\/revisions"}],"predecessor-version":[{"id":217792,"href":"https:\/\/www.elsinodaldetamaulipas.com.mx\/index.php?rest_route=\/wp\/v2\/posts\/217791\/revisions\/217792"}],"wp:featuredmedia":[{"embeddable":true,"href":"https:\/\/www.elsinodaldetamaulipas.com.mx\/index.php?rest_route=\/wp\/v2\/media\/217154"}],"wp:attachment":[{"href":"https:\/\/www.elsinodaldetamaulipas.com.mx\/index.php?rest_route=%2Fwp%2Fv2%2Fmedia&parent=217791"}],"wp:term":[{"taxonomy":"category","embeddable":true,"href":"https:\/\/www.elsinodaldetamaulipas.com.mx\/index.php?rest_route=%2Fwp%2Fv2%2Fcategories&post=217791"},{"taxonomy":"post_tag","embeddable":true,"href":"https:\/\/www.elsinodaldetamaulipas.com.mx\/index.php?rest_route=%2Fwp%2Fv2%2Ftags&post=217791"}],"curies":[{"name":"wp","href":"https:\/\/api.w.org\/{rel}","templated":true}]}}