{"id":217793,"date":"2026-01-21T22:12:03","date_gmt":"2026-01-22T02:12:03","guid":{"rendered":"https:\/\/www.elsinodaldetamaulipas.com.mx\/?p=217793"},"modified":"2026-01-21T22:12:03","modified_gmt":"2026-01-22T02:12:03","slug":"mercenarios-del-desastre","status":"publish","type":"post","link":"https:\/\/www.elsinodaldetamaulipas.com.mx\/?p=217793","title":{"rendered":"MERCENARIOS DEL DESASTRE"},"content":{"rendered":"<p>Cd. Victoria, Tamaulipas.- En el torrente de informaci\u00f3n que se genera a diario en medios y redes, es posible que haya opacado el mensaje pronunciado por el Gobernador AVA al inaugurar el Museo Legislativo en los terrenos del Congreso, el lunes.<br \/>\nSi lo analizamos, es aprovechable. Con seguridad habr\u00e1 mucho de qu\u00e9 hablar en los pr\u00f3ximos meses.<br \/>\nDio espaldarazo pol\u00edtico al l\u00edder del Congreso, Humberto Prieto Herrera, en el trabajo legislativo que lleva y la guerra sucia de que es objeto, y dej\u00f3 mensaje a los medios formales y redes para que no se dejen cooptar por p\u00e1ginas pagadas por los \u201cingenieros del caos\u201d, que buscan generar emociones negativas en base a calumnias y mentiras que lanzan desde las tinieblas.<br \/>\nCada vez aparecen m\u00e1s informaciones falsas, distorsionadas, inventadas que involucran a funcionarios estatales y federales, y evidentemente llevan un fin destructivo. Tienen un origen que, usted y yo, amigo lector, suponemos de donde viene.<br \/>\nAm\u00e9rico reconoci\u00f3 \u201cel aporte imprescindible del poder legislativo que ha estado a la altura del desaf\u00edo con reformas y actualizaciones del marco jur\u00eddico necesario\u201d. Los diputados han sido sus aliados.<br \/>\nNo es la primera vez que se refiere a los sicarios de la oscuridad. Lo hizo en el evento del D\u00eda del Periodista en esta capital.<br \/>\nEl periodismo debe ejercerse \u201cdando la cara\u201d y no desde el anonimato cobarde que esconde intereses. Esos no ocupar\u00e1n atenci\u00f3n del gobierno.<br \/>\nEn resumen: Los ataques sin firma, mentiras, \u201cvoladas\u201d, \u201ccentaveras\u201d o de intereses partidistas y grupales, no merecen la atenci\u00f3n de Palacio porque ser\u00eda permitir que la mentira, descalificaci\u00f3n gratuita y dolosa, distraigan la tenci\u00f3n de lo que verdaderamente importa al gobernante: Nuestra gente.<br \/>\nA buen entendedor, los gatilleros profesionales de redes que han hecho su modus vivendi cobrando a grupos pol\u00edticos por denostar, tienen que entender que no ser\u00e1n escuchados. Una administraci\u00f3n o puede caer en las redes de chantajistas de una verdad que tejen en historias y leyendas.<br \/>\nLa gubernatura no se gan\u00f3 por fedayines o mercenarios, sino por una estructura partidista que supo promover 731 mil votos, con los que gan\u00f3 AVA, m\u00e1s del 50 por ciento de los emitidos.<br \/>\nM\u00e1s en corto. Aquellos que, pensando que van a poner a \u201ctemblar\u201d al gobierno de la 4T o lo van a doblar, se equivocan. La l\u00ednea est\u00e1 trazada.<\/p>\n<p>Y los que utilizan redes para colmar egos y dar rienda a otros complejos psicol\u00f3gicos, que utilicen canales formales de comunicaci\u00f3n, medios period\u00edsticos tradicionales o directamente en instancias del Gobierno.<br \/>\n\u00bfPor qu\u00e9 este mensaje duro en la legislatura? Hay identificaci\u00f3n, madurez pol\u00edtica, compromiso com\u00fan con el pueblo y la renovaci\u00f3n \u00e9tica, social e institucional. Es ah\u00ed donde se ha armado la estructura jur\u00eddica de la 4TT y seguir\u00e1n llegando y aprob\u00e1ndose iniciativas de avanzada \u00bfalguna<br \/>\nsobre anonimato en redes?.<br \/>\nYa para terminar -recordar la importancia del tema- el m\u00e9dico record\u00f3 a los \u201cingenieros\u201d mercenarios que no habr\u00e1 intimidaci\u00f3n ni ruido que detenga el rumbo de su gobierno. Seguir\u00e1 de frente con el pueblo de testigo rindiendo cuentas y honrando el mandato democr\u00e1tico que le dieron en las urnas. Es todo.<br \/>\nNi aunque digan \u201cPor Dios Santito\u201d le creemos a presuntas encuestas de posibles candidatos que difunde Movimiento Ciudadano en varios entornos. Por ejemplo el distrito 14 Victoria Norte.<br \/>\nSeg\u00fan la encuestadora Num\u00e9trica \u00bfle suena? La m\u00e1s alta intenci\u00f3n de voto pes para Lilia Paulina Rivera Cuevas, coordinadora de Municipios en Movimiento del estatal en Tamaulipas.<br \/>\n\u00bfQui\u00e9n es ella? Ocup\u00f3 la posici\u00f3n 12 en la planilla de Oscar Almaraz Smer en la contienda por la presidencia de Victoria en 2024. Fue suplente de Luis Dar\u00edo Vega Quintero, por el PAN.<br \/>\nVolvemos a la presunta encuesta: Segundo lugar es para Marte Alejandro Ruiz Nava, con el 27.9 por ciento de los votos encuestados.<br \/>\n\u00bfQui\u00e9n es \u00e9l? Suplente del sobrino de L\u00f3pez Obrador en el Congreso local, \u201cEl Chino\u201d Bra\u00f1a Mojica. Entonces jugaba por Morena.<br \/>\nPero da la casualidad que fue expulsado en enero de 2025 por expresiones machistas como diputado<br \/>\nLe dieron \u201cpiso\u201d por: \u201cPresuntas declaraciones que pueden ser contrarias a los documentos b\u00e1sicos de Morena, puesto que podr\u00edan perpetuar la visi\u00f3n falocentrista y machista de la violencia en contra de las mujeres\u201d, seg\u00fan el expediente 951\/2023.<br \/>\nEs la \u00faltima resoluci\u00f3n de la Comisi\u00f3n de Honestidad y Justicia de Morena en relaci\u00f3n con asuntos de Tamaulipas.<br \/>\nUn a\u00f1o despu\u00e9s Don Alejandro aparece como suspirante de primera l\u00ednea a una diputaci\u00f3n local, pero por MC \u00bfmilagro?. Parece que no hay la m\u00ednima pena.<br \/>\nEl tercer lugar es para un muchacho llamado Alan Eduardo Peralta Castillo, que acaba de terminar una carrera en Lasalle. Abundaremos.<br \/>\nY el delegado de Programas Federales, Luis Lauro Reyes Rodr\u00edguez, demostr\u00f3 ser el hombre mejor informado de Tamaulipas, m\u00e1s que el G1.<br \/>\nFue el primero que anunci\u00f3 que Claudia Sheinbaum no solo visitar\u00e1 el s\u00e1bado Victoria sino Reynosa y Nuevo Laredo entre s\u00e1bado y domingo.<\/p>\n","protected":false},"excerpt":{"rendered":"<p>Cd. Victoria, Tamaulipas.- En el torrente de informaci\u00f3n que se genera a diario en medios y redes, es posible que haya opacado el mensaje pronunciado por el Gobernador AVA al inaugurar el Museo Legislativo en los terrenos del Congreso, el lunes. Si lo analizamos, es aprovechable. Con seguridad habr\u00e1 mucho de qu\u00e9 hablar en los [&hellip;]<\/p>\n","protected":false},"author":1,"featured_media":216397,"comment_status":"closed","ping_status":"closed","sticky":false,"template":"","format":"standard","meta":{"footnotes":""},"categories":[16],"tags":[],"class_list":["post-217793","post","type-post","status-publish","format-standard","has-post-thumbnail","hentry","category-opinion"],"_links":{"self":[{"href":"https:\/\/www.elsinodaldetamaulipas.com.mx\/index.php?rest_route=\/wp\/v2\/posts\/217793","targetHints":{"allow":["GET"]}}],"collection":[{"href":"https:\/\/www.elsinodaldetamaulipas.com.mx\/index.php?rest_route=\/wp\/v2\/posts"}],"about":[{"href":"https:\/\/www.elsinodaldetamaulipas.com.mx\/index.php?rest_route=\/wp\/v2\/types\/post"}],"author":[{"embeddable":true,"href":"https:\/\/www.elsinodaldetamaulipas.com.mx\/index.php?rest_route=\/wp\/v2\/users\/1"}],"replies":[{"embeddable":true,"href":"https:\/\/www.elsinodaldetamaulipas.com.mx\/index.php?rest_route=%2Fwp%2Fv2%2Fcomments&post=217793"}],"version-history":[{"count":1,"href":"https:\/\/www.elsinodaldetamaulipas.com.mx\/index.php?rest_route=\/wp\/v2\/posts\/217793\/revisions"}],"predecessor-version":[{"id":217794,"href":"https:\/\/www.elsinodaldetamaulipas.com.mx\/index.php?rest_route=\/wp\/v2\/posts\/217793\/revisions\/217794"}],"wp:featuredmedia":[{"embeddable":true,"href":"https:\/\/www.elsinodaldetamaulipas.com.mx\/index.php?rest_route=\/wp\/v2\/media\/216397"}],"wp:attachment":[{"href":"https:\/\/www.elsinodaldetamaulipas.com.mx\/index.php?rest_route=%2Fwp%2Fv2%2Fmedia&parent=217793"}],"wp:term":[{"taxonomy":"category","embeddable":true,"href":"https:\/\/www.elsinodaldetamaulipas.com.mx\/index.php?rest_route=%2Fwp%2Fv2%2Fcategories&post=217793"},{"taxonomy":"post_tag","embeddable":true,"href":"https:\/\/www.elsinodaldetamaulipas.com.mx\/index.php?rest_route=%2Fwp%2Fv2%2Ftags&post=217793"}],"curies":[{"name":"wp","href":"https:\/\/api.w.org\/{rel}","templated":true}]}}