{"id":217820,"date":"2026-01-22T20:03:22","date_gmt":"2026-01-23T00:03:22","guid":{"rendered":"https:\/\/www.elsinodaldetamaulipas.com.mx\/?p=217820"},"modified":"2026-01-22T20:03:22","modified_gmt":"2026-01-23T00:03:22","slug":"el-truko-se-la-va-a-llevar","status":"publish","type":"post","link":"https:\/\/www.elsinodaldetamaulipas.com.mx\/?p=217820","title":{"rendered":"EL TRUKO SE LA VA A LLEVAR"},"content":{"rendered":"<p>Si el rompimiento entre el cabecismo gandalla y las nuevas fuerzas del PAN lideradas por El Truko Ver\u00e1stegui es real y llegan a una contienda abierta por la dirigencia estatal de ese partido no existe la menor duda que el casi due\u00f1o de Xicot\u00e9ncatl, y ahora Diputado federal, le va a ganar la partida al pr\u00f3fugo.<\/p>\n<p>EL cabecismo lo sabe, por eso andan llorando por todas partes, exigen una elecci\u00f3n de presidenta del Comit\u00e9 Directivo Estatal que sea cerrada, solo entre consejeros dejando fuera a la militancia, porque saben que en la \u00faltima elecci\u00f3n interna todav\u00eda pudieron agandallar esos espacios, muy pocos son los consejeros del PAN que no tienen su fierro.<\/p>\n<p>Una realidad es que el viejo panismo no quiere a Cabeza N ni nada que huela al mismo, gran parte de los nuevos tampoco, incluso lo odian porque saben que aferrarse a que permanezca esa corriente en la dirigencia estatal ser\u00eda tanto como condenarse a tener otra vez de representantes en los congresos a puro personaje que huela a ellos, desprestigi\u00e1ndolos, eso, sin importar que electoralmente se siguieran hundiendo.<\/p>\n<p>No se equivoque, en el PAN no quieren al pr\u00f3fugo por gandalla, ni siquiera lo odian por los se\u00f1alamientos de corrupci\u00f3n que se le hacen, ni las sospechas de que lider\u00f3 al crimen o parte del mismo, la animadversi\u00f3n en su contra es porque no cumplen compromisos pol\u00edticos, se siguen quedando con todos los espacios y porque hoy est\u00e1n so\u00f1ando en impulsar a Ismael (mejor conocido por el mote de El Hermano Lelo, seg\u00fan una legisladora local) para ser el siguiente candidato a la gubernatura, pasando antes, por supuesto, por una Diputaci\u00f3n federal ya que se le incluir\u00eda en la lista plurinominal del pr\u00f3ximo a\u00f1o.<\/p>\n<p>Usted y yo sabemos que Ismael no gana una elecci\u00f3n constitucional, no tiene carisma, lo odian los panistas, casi le podr\u00eda asegurar que el \u00fanico que lo quiere es un operador pol\u00edtico del PRI que anda por el centro del pa\u00eds, pero con \u00e9l no alcanzar\u00edan ni a ganar una colonia de Reynosa, menos de Victoria, hay que decirlo con todas sus letras, el ahora Diputado local es tan mal pol\u00edtico que ni siquiera pudo ganar una elecci\u00f3n de Senador siendo su hermano el gobernador del Estado, para resumirle su curr\u00edculo, nunca ha ganado una elecci\u00f3n de mayor\u00eda, a donde va pierde, eso lo sabe el PAN.<\/p>\n<p>Y si, los pr\u00f3fugos se aferran desde hoy, y como hace mucho tiempo, a hacer candidato a gobernador a Ismael, a\u00fan a sabiendas de que va perder, lo que buscan es poder negociar la libertad de su clan, en el peor de los casos, para disfrazarse de perseguidos pol\u00edticos.<\/p>\n<p>Para desgracia de los cabecistas y adictos a los mismos, los grupos del PAN no los quieren, no van a permitir ese agandalle a su partido y van a barrer con ellos en una elecci\u00f3n interna, porque saben que hoy si se juegan la vida pol\u00edtica en ese acto de elegir dirigencia estatal, porque saben que con El Truko o alguien af\u00edn a su equipo, por lo menos podr\u00edan intentar competir.<\/p>\n<p>Resumiendo, en las bases azules el grupo de Los Trukos trae la mayor\u00eda, pero tambi\u00e9n muchas de las que aspiran a las alcald\u00edas y diputaciones son parte de su grupo, la muestra es que comenzaron a ganar comit\u00e9s municipales en las elecciones abiertas que se han realizado.<\/p>\n<p>Por supuesto, lo m\u00e1s divertido de la elecci\u00f3n interna del PAN ser\u00e1 cuando se saquen sus trapitos al sol, cuando la contienda interna entre en su mejor momento, hasta hoy los adoradores del cabecismo lo peor que han lanzado es acusar a El Truko de un sospechoso silencio sobre la actual administraci\u00f3n, pero ya se les ve ansiosos por soltar metralla medi\u00e1tica, lodo, mugrero, de esa guerra sucia a la que est\u00e1n acostumbrados, obvio, los seguidores del casi due\u00f1o de Xico no est\u00e1n maneados, al contrario, le entienden mucho a esas mismas artes y ni modo que no tengan material que exhibir.<\/p>\n<p>Siendo el cabecismo cauto, se retirar\u00e1 de la contienda, negociar\u00e1 y dejar\u00e1 la dirigencia del Comit\u00e9 Directivo Estatal del PAN a Gloria Garza, la carta de El Truko para la dirigencia panista, en primera porque no ganar\u00edan una elecci\u00f3n interna que sea abierta a toda la militancia; en segunda, porque igual es probable que ganando una elecci\u00f3n de consejeros se queden sin nada en una elecci\u00f3n constitucional, que el pueblo no les de votos ni para conservar el registro al observar quienes ocuparan los espacios.<\/p>\n<p>Obvio, lo divertido ser\u00eda que le entrar\u00e1n a los fregazos, es interesante saber si pueden competir ya sin dinero p\u00fablico, sin fiscal\u00eda, sin polic\u00eda estatal, sin nada, aunque creo que la principal condici\u00f3n para que se presente el mismo ser\u00eda en una elecci\u00f3n de consejeros, en una elecci\u00f3n universal casi estoy cierto que no le van a entrar uno de los grupos, le insisto, si es que es real que existe un rompimiento entre ambos, cosa que todav\u00eda hay que ver, porque lo que se ve hasta hoy son puras calenturas ajenas, ni uno ni otro grupo han dicho esta boca es m\u00eda.<\/p>\n<p>Con todo y ello, le aseguro que en la competencia por la dirigencia estatal del PAN ganar\u00e1 El Truko, porque es el que tiene amarres con los grupos de panistas en los municipios, porque competir\u00e1 contra un cabecismo al que los panistas de a pie acusan de gandalla, de todav\u00eda pretender quedarse con lo \u00faltimo que queda del partido\u2026<\/p>\n<p>ENTREGA DIF TAMAULIPAS CANASTAS ALIMENTARIAS A POBLACI\u00d3N DE ATENCI\u00d3N PRIORITARIA ANTE LAS BAJAS TEMPERATURAS\u2026 Con el objetivo de favorecer el acceso a alimentos inocuos y nutritivos para la poblaci\u00f3n de atenci\u00f3n prioritaria ante las bajas temperaturas, el Sistema para el Desarrollo Integral de la Familia de Tamaulipas, presidido por la doctora Mar\u00eda de Villarreal, realiza la entrega de canastas alimentarias como parte del programa En Contingencia, con Voluntad Hay Esperanza.<\/p>\n<p>En esta etapa, se distribuyen 1,165 canastas alimentarias en 18 municipios del estado, acompa\u00f1adas de acciones de orientaci\u00f3n alimentaria y aseguramiento de la calidad, a fin de contribuir a que las familias con escasos recursos econ\u00f3micos ejerzan su derecho a una alimentaci\u00f3n adecuada, especialmente durante la temporada invernal en las regiones del altiplano, centro, sur y norte de Tamaulipas.<\/p>\n<p>Las canastas alimentarias incluyen productos como leche descremada ultrapasteurizada, at\u00fan en agua, frijoles y garbanzos envasados, avena en hojuelas, arroz pulido s\u00faper extra, ch\u00edcharo envasado y harina de ma\u00edz nixtamalizado, alimentos seleccionados para fortalecer la nutrici\u00f3n familiar en esta \u00e9poca del a\u00f1o.<\/p>\n<p>Las comunidades de La Pe\u00f1a, Altamira, San Jos\u00e9 del Llano, Estanque de los Walle, Estanque de los Egu\u00eda, La Perdida, Servando Canales, Los Compadres, Xojoltzitl, El Chamizal y La Tristeza, en el municipio de Miquihuana, fueron las primeras en recibir estos apoyos alimentarios.<\/p>\n<p>Durante el resto del mes, las entregas continuar\u00e1n en los municipios de Abasolo, Altamira, Bustamante, Casas, Gonz\u00e1lez, Llera, Matamoros, M\u00e9ndez, Miquihuana, Ocampo, Palmillas, Reynosa, San Carlos, San Fernando, San Nicol\u00e1s, Soto la Marina y Valle Hermoso, en cumplimiento de la Estrategia Integral de Asistencia Social, Alimentaci\u00f3n y Desarrollo Comunitario.<\/p>\n<p>De esta manera, los Mensajeros de Paz contribuyen a mejorar las condiciones de alimentaci\u00f3n de las familias de atenci\u00f3n prioritaria en comunidades de Tamaulipas, adem\u00e1s de fortalecer los lazos de ayuda humanitaria para quienes m\u00e1s lo necesitan durante la temporada invernal.<\/p>\n<p>LA UAT CERTIFICAR\u00c1 A ARTESANOS DE LA CUERA TAMAULIPECA\u2026 La Universidad Aut\u00f3noma de Tamaulipas (UAT) certificar\u00e1 a los productores de la cuera tamaulipeca para cumplir con los lineamientos que exige el Instituto Mexicano de la Propiedad Industrial (IMPI) como parte del proceso de denominaci\u00f3n de origen de esta ic\u00f3nica prenda de la regi\u00f3n.<\/p>\n<p>Al respecto, el rector D\u00e1maso Anaya Alvarado dijo que la UAT ser\u00e1 la instituci\u00f3n encargada de capacitar y certificar a los artesanos de la cuera tamaulipeca con el prop\u00f3sito de garantizar la autenticidad de sus productos.<\/p>\n<p>Refiri\u00f3 que, previ\u00f3 a este proyecto, expertos de la UAT elaboraron un estudio t\u00e9cnico en colaboraci\u00f3n con el Gobierno de Tamaulipas, como parte de los requerimientos del IMPI para otorgar a la cuera tamaulipeca la denominaci\u00f3n de origen.<\/p>\n<p>Se\u00f1al\u00f3 que estos trabajos tienen como finalidad proteger uno de los s\u00edmbolos m\u00e1s importantes de Tamaulipas, que nos da identidad en M\u00e9xico y en el mundo.<\/p>\n<p>Indic\u00f3 que, adem\u00e1s de preservar nuestras ra\u00edces culturales, se pretende proteger a los artesanos que elaboran esta prenda en Ciudad Victoria y Tula.<\/p>\n<p>Explic\u00f3 que el IMPI exige que los productos registrados cumplan con ciertas normativas, por lo que los expertos de la UAT trabajar\u00e1n con los artesanos en aspectos como la calidad de las pieles con que est\u00e1n elaboradas las cueras.<\/p>\n<p>Asent\u00f3 que la Universidad otorgar\u00e1 un c\u00f3digo a los productores que sean certificados, que ser\u00e1 el sello de autenticidad de la cuera, lo cual garantizar\u00e1 a los compradores que est\u00e1n adquiriendo prendas y productos originales y de calidad.<\/p>\n<p>Coment\u00f3 que, al certificar a los artesanos ante el IMPI, sus productos ser\u00e1n reconocidos tambi\u00e9n por la Organizaci\u00f3n Mundial de la Propiedad Industrial.<\/p>\n<p>Record\u00f3 que, en octubre del a\u00f1o pasado, se entreg\u00f3 la solicitud de Declaraci\u00f3n de Protecci\u00f3n para la Indicaci\u00f3n Geogr\u00e1fica de la Cuera Tamaulipeca IMPI y se espera que en marzo se d\u00e9 el Decreto de la Protecci\u00f3n Geogr\u00e1fica de la Cuera Tamaulipeca.<\/p>\n<p>INAUGURA LALO GATT\u00c1S CALLES DE CONCRETO HIDR\u00c1ULICO EN LA COLONIA OBRERA\u2026En beneficio de 4,235 habitantes de tres calles de la colonia Obrera, el alcalde Lalo Gatt\u00e1s, junto a su esposa Lucy de Gatt\u00e1s, entreg\u00f3 una obra m\u00e1s de pavimentaci\u00f3n con concreto hidr\u00e1ulico que mejorar\u00e1 la seguridad vial, peatonal y entorno urbano.<\/p>\n<p>\u201cHoy, de nueva cuenta, les damos la cordial bienvenida para inaugurar la pavimentaci\u00f3n de esta calle Abasolo que, desde hace a\u00f1os, esper\u00e1bamos y hoy, gracias a su trabajo y compromiso es una realidad\u201d expres\u00f3 la presidenta del comit\u00e9 vecinal, Mar\u00eda Guadalupe Moreno Valadez.<\/p>\n<p>Al tomar la palabra, Lalo Gatt\u00e1s comparti\u00f3 la gratitud del grupo de vecinos con el gobernador Am\u00e9rico Villarreal Anaya por el decidido apoyo que brinda al gobierno de Victoria para transformar la Capital del Estado y bienestar de las familias victorenses.<\/p>\n<p>\u201cEs un gobernante que ama a su tierra y a los victorenses\u201d dijo al inaugurar y recorrer los 2,195 M2 de superficie de concreto hidr\u00e1ulico que conecta la calle Jos\u00e9 Mariano Abasolo, entre 2 y 5 Ceros; que incluy\u00f3 la instalaci\u00f3n de 5 tomas de agua potable y 3 descargas sanitarias.<\/p>\n<p>Coloque en el buscador de facebok @CENADeNegros1 y le agradecer\u00e9 que me regale un Me Gusta, adem\u00e1s nos puede seguir en la cuenta de X @gatovaliente y, como siempre, le dejo el correo electr\u00f3nico a sus \u00f3rdenes para lo que guste y mande\u2026\u00a0<a href=\"mailto:marcovazquez20001@hotmail.com\" target=\"_blank\" rel=\"noreferrer noopener\">marcovazquez20001@hotmail.com<\/a><\/p>\n","protected":false},"excerpt":{"rendered":"<p>Si el rompimiento entre el cabecismo gandalla y las nuevas fuerzas del PAN lideradas por El Truko Ver\u00e1stegui es real y llegan a una contienda abierta por la dirigencia estatal de ese partido no existe la menor duda que el casi due\u00f1o de Xicot\u00e9ncatl, y ahora Diputado federal, le va a ganar la partida al [&hellip;]<\/p>\n","protected":false},"author":1,"featured_media":217831,"comment_status":"closed","ping_status":"closed","sticky":false,"template":"","format":"standard","meta":{"footnotes":""},"categories":[16],"tags":[],"class_list":["post-217820","post","type-post","status-publish","format-standard","has-post-thumbnail","hentry","category-opinion"],"_links":{"self":[{"href":"https:\/\/www.elsinodaldetamaulipas.com.mx\/index.php?rest_route=\/wp\/v2\/posts\/217820","targetHints":{"allow":["GET"]}}],"collection":[{"href":"https:\/\/www.elsinodaldetamaulipas.com.mx\/index.php?rest_route=\/wp\/v2\/posts"}],"about":[{"href":"https:\/\/www.elsinodaldetamaulipas.com.mx\/index.php?rest_route=\/wp\/v2\/types\/post"}],"author":[{"embeddable":true,"href":"https:\/\/www.elsinodaldetamaulipas.com.mx\/index.php?rest_route=\/wp\/v2\/users\/1"}],"replies":[{"embeddable":true,"href":"https:\/\/www.elsinodaldetamaulipas.com.mx\/index.php?rest_route=%2Fwp%2Fv2%2Fcomments&post=217820"}],"version-history":[{"count":1,"href":"https:\/\/www.elsinodaldetamaulipas.com.mx\/index.php?rest_route=\/wp\/v2\/posts\/217820\/revisions"}],"predecessor-version":[{"id":217832,"href":"https:\/\/www.elsinodaldetamaulipas.com.mx\/index.php?rest_route=\/wp\/v2\/posts\/217820\/revisions\/217832"}],"wp:featuredmedia":[{"embeddable":true,"href":"https:\/\/www.elsinodaldetamaulipas.com.mx\/index.php?rest_route=\/wp\/v2\/media\/217831"}],"wp:attachment":[{"href":"https:\/\/www.elsinodaldetamaulipas.com.mx\/index.php?rest_route=%2Fwp%2Fv2%2Fmedia&parent=217820"}],"wp:term":[{"taxonomy":"category","embeddable":true,"href":"https:\/\/www.elsinodaldetamaulipas.com.mx\/index.php?rest_route=%2Fwp%2Fv2%2Fcategories&post=217820"},{"taxonomy":"post_tag","embeddable":true,"href":"https:\/\/www.elsinodaldetamaulipas.com.mx\/index.php?rest_route=%2Fwp%2Fv2%2Ftags&post=217820"}],"curies":[{"name":"wp","href":"https:\/\/api.w.org\/{rel}","templated":true}]}}