{"id":217821,"date":"2026-01-22T19:56:31","date_gmt":"2026-01-22T23:56:31","guid":{"rendered":"https:\/\/www.elsinodaldetamaulipas.com.mx\/?p=217821"},"modified":"2026-01-22T19:56:48","modified_gmt":"2026-01-22T23:56:48","slug":"altamira-cuando-la-negligencia-cuesta-vidas","status":"publish","type":"post","link":"https:\/\/www.elsinodaldetamaulipas.com.mx\/?p=217821","title":{"rendered":"ALTAMIRA: CUANDO LA NEGLIGENCIA CUESTA VIDAS"},"content":{"rendered":"<p>En Altamira, la negligencia tiene un saldo irreversible: la muerte de dos menores inocentes. Dos vidas que quedar\u00e1n en la memoria de la ciudad \u2014o en el remordimiento\u2014 de quien hoy deber\u00eda velar por la seguridad de los altamirenses.<\/p>\n<p>Por: Mart\u00edn D\u00edaz | Periodismo con firma<br \/>\nLa muerte de dos menores en un incendio en el fraccionamiento Santa Anita no es un hecho aislado ni una desgracia inevitable. Es la consecuencia directa de una administraci\u00f3n que ignor\u00f3 advertencias claras y decidi\u00f3 postergar una obligaci\u00f3n elemental: proteger la vida.<\/p>\n<p>Hace apenas un a\u00f1o, un incendio de grandes proporciones en los l\u00edmites de la mancha urbana puso a Altamira al borde de una tragedia mayor. Las llamas avanzaron sin control y exhibieron una realidad inc\u00f3moda: el municipio no cuenta con capacidad propia suficiente para responder a emergencias de alto riesgo. En aquel episodio, la contenci\u00f3n del desastre dependi\u00f3 casi por completo de empresas privadas y de los Bomberos Voluntarios. Fue una advertencia p\u00fablica. No se aprendi\u00f3 nada.<\/p>\n<p>Parece que el p\u00e1nico de aquel incendio se le olvid\u00f3 al alcalde Armando Mart\u00ednez Manr\u00edquez. O peor a\u00fan: decidi\u00f3 no actuar.<\/p>\n<p>Un monumento a la desidia<br \/>\nA cuatro a\u00f1os de gobierno, Altamira sigue sin contar con una estaci\u00f3n municipal de bomberos en operaci\u00f3n. Apenas ahora, despu\u00e9s de incendios recurrentes y de una tragedia que pudo evitarse, la administraci\u00f3n municipal inici\u00f3 la construcci\u00f3n de una estaci\u00f3n que hoy existe solo en obra inconclusa y anuncios oficiales. No es un logro: es la evidencia del abandono previo.<\/p>\n<p>Durante todo este tiempo, el municipio enfrent\u00f3 emergencias sin infraestructura b\u00e1sica, dependiendo del esfuerzo de voluntarios y apoyos externos, mientras el gobierno municipal optaba por el conflicto pol\u00edtico y la simulaci\u00f3n institucional.<\/p>\n<p>El s\u00edmbolo de esa pol\u00edtica es evidente: un cami\u00f3n de bomberos estacionado frente a la Presidencia Municipal, convertido en adorno urbano. No est\u00e1 asignado a una estaci\u00f3n funcional \u2014porque no la hay\u2014 ni integrado a un protocolo serio de respuesta. Est\u00e1 ah\u00ed para la fotograf\u00eda, no para el incendio.<\/p>\n<p>Las emergencias no se atienden con exhibiciones ni con discursos. Se atienden con estaciones operando, equipos disponibles y respaldo real a quienes arriesgan la vida. Todo lo dem\u00e1s es propaganda.<\/p>\n<p>La factura de la negligencia<br \/>\nHace un a\u00f1o el incendio fue la advertencia. La respuesta fue tard\u00eda y a medias. Hoy, con una estaci\u00f3n sin terminar, un cuerpo de bomberos debilitado y decisiones que llegaron demasiado tarde, Altamira paga la factura.<\/p>\n<p>Cuando un gobierno ignora una alerta y decide no corregir, la omisi\u00f3n se convierte en negligencia. Y cuando esa negligencia ocurre en materia de protecci\u00f3n civil, las consecuencias no se miden en comunicados, sino en vidas.<\/p>\n<p>En Altamira, la tragedia no cay\u00f3 del cielo. Se construy\u00f3 con desinter\u00e9s, se sostuvo con omisiones y hoy cobra un precio que ya nadie deber\u00eda estar dispuesto a tolerarr.<br \/>\nMart\u00edn D\u00edaz | Periodismo con firma<\/p>\n","protected":false},"excerpt":{"rendered":"<p>En Altamira, la negligencia tiene un saldo irreversible: la muerte de dos menores inocentes. Dos vidas que quedar\u00e1n en la memoria de la ciudad \u2014o en el remordimiento\u2014 de quien hoy deber\u00eda velar por la seguridad de los altamirenses. Por: Mart\u00edn D\u00edaz | Periodismo con firma La muerte de dos menores en un incendio en [&hellip;]<\/p>\n","protected":false},"author":1,"featured_media":217827,"comment_status":"closed","ping_status":"closed","sticky":false,"template":"","format":"standard","meta":{"footnotes":""},"categories":[16],"tags":[],"class_list":["post-217821","post","type-post","status-publish","format-standard","has-post-thumbnail","hentry","category-opinion"],"_links":{"self":[{"href":"https:\/\/www.elsinodaldetamaulipas.com.mx\/index.php?rest_route=\/wp\/v2\/posts\/217821","targetHints":{"allow":["GET"]}}],"collection":[{"href":"https:\/\/www.elsinodaldetamaulipas.com.mx\/index.php?rest_route=\/wp\/v2\/posts"}],"about":[{"href":"https:\/\/www.elsinodaldetamaulipas.com.mx\/index.php?rest_route=\/wp\/v2\/types\/post"}],"author":[{"embeddable":true,"href":"https:\/\/www.elsinodaldetamaulipas.com.mx\/index.php?rest_route=\/wp\/v2\/users\/1"}],"replies":[{"embeddable":true,"href":"https:\/\/www.elsinodaldetamaulipas.com.mx\/index.php?rest_route=%2Fwp%2Fv2%2Fcomments&post=217821"}],"version-history":[{"count":2,"href":"https:\/\/www.elsinodaldetamaulipas.com.mx\/index.php?rest_route=\/wp\/v2\/posts\/217821\/revisions"}],"predecessor-version":[{"id":217829,"href":"https:\/\/www.elsinodaldetamaulipas.com.mx\/index.php?rest_route=\/wp\/v2\/posts\/217821\/revisions\/217829"}],"wp:featuredmedia":[{"embeddable":true,"href":"https:\/\/www.elsinodaldetamaulipas.com.mx\/index.php?rest_route=\/wp\/v2\/media\/217827"}],"wp:attachment":[{"href":"https:\/\/www.elsinodaldetamaulipas.com.mx\/index.php?rest_route=%2Fwp%2Fv2%2Fmedia&parent=217821"}],"wp:term":[{"taxonomy":"category","embeddable":true,"href":"https:\/\/www.elsinodaldetamaulipas.com.mx\/index.php?rest_route=%2Fwp%2Fv2%2Fcategories&post=217821"},{"taxonomy":"post_tag","embeddable":true,"href":"https:\/\/www.elsinodaldetamaulipas.com.mx\/index.php?rest_route=%2Fwp%2Fv2%2Ftags&post=217821"}],"curies":[{"name":"wp","href":"https:\/\/api.w.org\/{rel}","templated":true}]}}