{"id":217822,"date":"2026-01-22T20:00:44","date_gmt":"2026-01-23T00:00:44","guid":{"rendered":"https:\/\/www.elsinodaldetamaulipas.com.mx\/?p=217822"},"modified":"2026-01-22T20:00:44","modified_gmt":"2026-01-23T00:00:44","slug":"victoria-no-reynosa-y-nuevo-laredo-si","status":"publish","type":"post","link":"https:\/\/www.elsinodaldetamaulipas.com.mx\/?p=217822","title":{"rendered":"VICTORIA, NO; REYNOSA Y NUEVO LAREDO, SI"},"content":{"rendered":"<p>TINTA NEGRA<br \/>\nAlfredo Guevara<\/p>\n<p>1.- Finalmente, la presidenta CLAUDIA SHEINBAUM estar\u00e1 acompa\u00f1ada por el gobernador AM\u00c9RICO VILLARREAL ANAYA en su primera gira de este 2026, en la que no se contempla Ciudad Victoria.<br \/>\nA sabiendas de que la agenda presidencial de actividades es variable y hasta se puede definir en cuesti\u00f3n de horas, se sabe que CLAUDIA y AM\u00c9RICO andar\u00e1n en la zona norte s\u00e1bado y domingo.<br \/>\nEl s\u00e1bado por la tarde, los dos mandatarios encabezar\u00edan dos eventos en el municipio de Reynosa, uno de ellos tiene que ver con la construcci\u00f3n y entrega de vivienda del Bienestar y el otro, con la entrega de pensiones a la mujer.<br \/>\nY todo parece indicar que el domingo por la ma\u00f1ana, en Nuevo Laredo la presidenta CLAUDIA SHEINBAUM y el gobernador AM\u00c9RICO VILLARREAL, estar\u00edan inaugurando las oficinas de la Agencia Nacional de Aduanas en esa poblaci\u00f3n fronteriza.<br \/>\nLa presidenta de M\u00e9xico arribar\u00eda al aeropuerto de Tampico y de ah\u00ed se trasladar\u00eda a Reynosa, donde no pernoctar\u00eda, sino que se ir\u00eda a Nuevo Laredo el s\u00e1bado, para que al d\u00eda siguiente por la ma\u00f1ana, inaugure las nuevas y modernas oficinas de la Agencia Nacional de Aduanas.<br \/>\nAclaramos, todo a reserva de que se confirme, porque en cuesti\u00f3n de agenda presidencial, todo es cambiante.<br \/>\n2.- Por cierto, los alcaldes actualmente en funciones, tendr\u00e1n que llevar sus estados contables en orden durante este a\u00f1o para no enfrentar problemas de comprobaci\u00f3n o justificaci\u00f3n del gasto, en caso de que quieran ir por una reelecci\u00f3n en el cargo o aspiren a otro de elecci\u00f3n popular en la elecci\u00f3n intermedia del 2027.<br \/>\nY es que, el titular de la Auditor\u00eda Superior del Estado, FRANCISCO NORIEGA OROZCO impulsar\u00e1 en este a\u00f1o una reforma a la ley para estar en condiciones de fiscalizar los primeros trimestres del pr\u00f3ximo ejercicio fiscal 2027.<br \/>\nEl titular de la ASE ya lo plante\u00f3 al Poder Legislativo, con el presidente de la Comisi\u00f3n de Vigilancia y quien preside la Junta de Gobierno, con el objeto de que la Auditor\u00eda Superior del Estado, cuente con facultades y atribuciones para fiscalizar en el a\u00f1o electoral, como se hace en otras entidades del pa\u00eds.<br \/>\nDesde luego que, adem\u00e1s de obligar a los alcaldes en funciones a cumplir en materia de transparencia y rendici\u00f3n de cuentas, pr\u00e1cticamente les \u201camarrar\u00eda las manos\u201d, para quienes piensen en una eventual reelecci\u00f3n o bien, pensando en ser candidatos a diputado local o legisladores federales.<br \/>\nLa reforma no est\u00e1 de m\u00e1s, porque algunos alcaldes podr\u00edan usar lana para financiar sus campa\u00f1as. EN FIN. alfredoguevara0@gmail.com<\/p>\n","protected":false},"excerpt":{"rendered":"<p>TINTA NEGRA Alfredo Guevara 1.- Finalmente, la presidenta CLAUDIA SHEINBAUM estar\u00e1 acompa\u00f1ada por el gobernador AM\u00c9RICO VILLARREAL ANAYA en su primera gira de este 2026, en la que no se contempla Ciudad Victoria. A sabiendas de que la agenda presidencial de actividades es variable y hasta se puede definir en cuesti\u00f3n de horas, se sabe [&hellip;]<\/p>\n","protected":false},"author":1,"featured_media":216286,"comment_status":"closed","ping_status":"closed","sticky":false,"template":"","format":"standard","meta":{"footnotes":""},"categories":[16],"tags":[],"class_list":["post-217822","post","type-post","status-publish","format-standard","has-post-thumbnail","hentry","category-opinion"],"_links":{"self":[{"href":"https:\/\/www.elsinodaldetamaulipas.com.mx\/index.php?rest_route=\/wp\/v2\/posts\/217822","targetHints":{"allow":["GET"]}}],"collection":[{"href":"https:\/\/www.elsinodaldetamaulipas.com.mx\/index.php?rest_route=\/wp\/v2\/posts"}],"about":[{"href":"https:\/\/www.elsinodaldetamaulipas.com.mx\/index.php?rest_route=\/wp\/v2\/types\/post"}],"author":[{"embeddable":true,"href":"https:\/\/www.elsinodaldetamaulipas.com.mx\/index.php?rest_route=\/wp\/v2\/users\/1"}],"replies":[{"embeddable":true,"href":"https:\/\/www.elsinodaldetamaulipas.com.mx\/index.php?rest_route=%2Fwp%2Fv2%2Fcomments&post=217822"}],"version-history":[{"count":1,"href":"https:\/\/www.elsinodaldetamaulipas.com.mx\/index.php?rest_route=\/wp\/v2\/posts\/217822\/revisions"}],"predecessor-version":[{"id":217830,"href":"https:\/\/www.elsinodaldetamaulipas.com.mx\/index.php?rest_route=\/wp\/v2\/posts\/217822\/revisions\/217830"}],"wp:featuredmedia":[{"embeddable":true,"href":"https:\/\/www.elsinodaldetamaulipas.com.mx\/index.php?rest_route=\/wp\/v2\/media\/216286"}],"wp:attachment":[{"href":"https:\/\/www.elsinodaldetamaulipas.com.mx\/index.php?rest_route=%2Fwp%2Fv2%2Fmedia&parent=217822"}],"wp:term":[{"taxonomy":"category","embeddable":true,"href":"https:\/\/www.elsinodaldetamaulipas.com.mx\/index.php?rest_route=%2Fwp%2Fv2%2Fcategories&post=217822"},{"taxonomy":"post_tag","embeddable":true,"href":"https:\/\/www.elsinodaldetamaulipas.com.mx\/index.php?rest_route=%2Fwp%2Fv2%2Ftags&post=217822"}],"curies":[{"name":"wp","href":"https:\/\/api.w.org\/{rel}","templated":true}]}}