{"id":217834,"date":"2026-01-22T20:08:43","date_gmt":"2026-01-23T00:08:43","guid":{"rendered":"https:\/\/www.elsinodaldetamaulipas.com.mx\/?p=217834"},"modified":"2026-01-22T20:08:43","modified_gmt":"2026-01-23T00:08:43","slug":"sacaran-raja-a-la-visita-presidencial","status":"publish","type":"post","link":"https:\/\/www.elsinodaldetamaulipas.com.mx\/?p=217834","title":{"rendered":"SACAR\u00c1N RAJA A LA VISITA PRESIDENCIAL"},"content":{"rendered":"<p>Mientras la agenda presidencial para municipios de la frontera, Reynosa y Nuevo Laredo se manten\u00eda firme llevarse a cabo este s\u00e1bado y domingo, la senadora (ex priista) OLGA SOSA RUIZ, se dej\u00f3 ver, de pura casualidad, por el principal puerto fronterizo de Latinoam\u00e9rica, retomando su desesperado y adelantado proselitismo.<\/p>\n<p>A la porte\u00f1a le vali\u00f3 sorbete y desoy\u00f3 las voces disonantes que no soportan escuchar su ruidosa voz y sus poses triunfalistas, asegurando que ser\u00e1 ella y nadie m\u00e1s que ella la candidata de MORENA al Gobierno de Tamaulipas, aunque debe saber que ya se tienen otros datos.<\/p>\n<p>Y mientras la socia del difunto CARMONA, se adelantaba para atender, desde este jueves, algunas entrevistas y encuentros min\u00fasculos con \u201csimpatizantes\u201d, muchos de ellos identificados con el PAN, se hac\u00eda oficial la agenda que tendr\u00eda este s\u00e1bado y domingo CLAUDIA SHEINBAUM.<br \/>\nPrimero en Reynosa, municipio en donde encabezar\u00eda el Programa Pensi\u00f3n Mujeres Bienestar a las 16:15 horas en un lugar no dado a conocer, por aquello de cuidar la seguridad.<\/p>\n<p>El domingo la mandataria federal har\u00eda lo propio en Nuevo Laredo, municipio en el que llevar\u00eda a cabo la inauguraci\u00f3n de la Agencia Nacional de Aduanas.<\/p>\n<p>Como bien lo anticipaba el alcalde capitalino, EDUARDO GATTAS B\u00c1EZ, en la gira de dos d\u00edas no se incluy\u00f3 a Ciudad Victoria, el tema de la Segunda L\u00ednea del Acueducto no pareci\u00f3 ser del inter\u00e9s de la Presidente.<\/p>\n<p>UNA TRAS\u2026Aunque se asegura que ser\u00eda en febrero o quiz\u00e1 hasta marzo cuando se d\u00e9 a conocer la convocar\u00eda para que el PAN lleve a cabo la elecci\u00f3n de nuevo dirigente.<\/p>\n<p>En tanto ello se resuelve la ex Subsecretaria de Servicios Gubernamentales y Legalidad de Tamaulipas en el Gobierno del PAN, GLORIA GARZA JIM\u00c9NEZ, ya tom\u00f3 la delantera, luego de saber que el Comit\u00e9 Ejecutivo Nacional determin\u00f3 que sea mujer quien deber\u00e1 ser Presidente en la entidad.<\/p>\n<p>La f\u00f3rmula que conformar\u00e1 con, CESAR VERASTEGUI OSTOS, ex Secretario General de Gobierno en la pasada administraci\u00f3n gubernamental, no tendr\u00eda rivales de peso.<\/p>\n<p>EL TRUKO tampoco pierde el tiempo, recorre municipios costeros, del centro y sur de la entidad, ah\u00ed donde ya se han hecho amarres importantes, con el agregado de que la poblaci\u00f3n y de manera particular la militancia nada quieren saber del ex gobernador, FRANCISCO GARCIA CABEZA DE VACA.<\/p>\n<p>Poco, o nada, se ha visto de quien es la \u201ccarta fuerte\u201d del malandro ex gobernador de Tamaulipas, me refiero a OMHEIRA L\u00d3PEZ REYNA, a la que empuja pretendiendo convertirla en el relevo de, LUIS REN\u00c9 CANT\u00da GALV\u00c1N.<br \/>\n1.-UNA TRAS\u2026En tanto los directivos nacionales del PVEM y PT se ponen sus mo\u00f1os para no aceptar signar la reforma electoral con el Gobierno Federal o MORENA, que es lo mismo, con el riesgo de ver perdidas sus posiciones por la v\u00eda plurinominal en el Congreso y Senado, dos organizaciones ciudadanas estar\u00edan listas de participar en las pr\u00f3ximas elecciones como partidos pol\u00edticos.<\/p>\n<p>Se trata de la asociaci\u00f3n civil Construyendo Sociedades de Paz pretendiendo obtener su registro como nuevo partido pol\u00edtico y vinculada con Iglesias Evang\u00e9licas.<\/p>\n<p>El segundo estar\u00eda conformado por el bloque impulsado por ex funcionarios del INE, personas y grupos que en su momento apoyaron la candidatura presidencial de X\u00d3CHITL G\u00c1LVEZ, ambas organizaciones muestran significativo avance en la celebraci\u00f3n de asambleas.<\/p>\n<p>1.-UNA TRAS\u2026El que preparaba maletas, producto de 17 cambios de adscripci\u00f3n de personas titulares de las Vocal\u00edas Ejecutivas en sus Juntas Locales es el que estaba en Tamaulipas hasta esta semana, SERGIO IV\u00c1N RUIZ CASTELLOT, quien v\u00eda permuta despechar\u00e1 en el estado de Quer\u00e9taro como nuevo Vocal Ejecutivo.<br \/>\nCOMENTARIOS<br \/>\nJesusher63@hotmail.com<\/p>\n","protected":false},"excerpt":{"rendered":"<p>Mientras la agenda presidencial para municipios de la frontera, Reynosa y Nuevo Laredo se manten\u00eda firme llevarse a cabo este s\u00e1bado y domingo, la senadora (ex priista) OLGA SOSA RUIZ, se dej\u00f3 ver, de pura casualidad, por el principal puerto fronterizo de Latinoam\u00e9rica, retomando su desesperado y adelantado proselitismo. A la porte\u00f1a le vali\u00f3 sorbete [&hellip;]<\/p>\n","protected":false},"author":1,"featured_media":216369,"comment_status":"closed","ping_status":"closed","sticky":false,"template":"","format":"standard","meta":{"footnotes":""},"categories":[16],"tags":[],"class_list":["post-217834","post","type-post","status-publish","format-standard","has-post-thumbnail","hentry","category-opinion"],"_links":{"self":[{"href":"https:\/\/www.elsinodaldetamaulipas.com.mx\/index.php?rest_route=\/wp\/v2\/posts\/217834","targetHints":{"allow":["GET"]}}],"collection":[{"href":"https:\/\/www.elsinodaldetamaulipas.com.mx\/index.php?rest_route=\/wp\/v2\/posts"}],"about":[{"href":"https:\/\/www.elsinodaldetamaulipas.com.mx\/index.php?rest_route=\/wp\/v2\/types\/post"}],"author":[{"embeddable":true,"href":"https:\/\/www.elsinodaldetamaulipas.com.mx\/index.php?rest_route=\/wp\/v2\/users\/1"}],"replies":[{"embeddable":true,"href":"https:\/\/www.elsinodaldetamaulipas.com.mx\/index.php?rest_route=%2Fwp%2Fv2%2Fcomments&post=217834"}],"version-history":[{"count":1,"href":"https:\/\/www.elsinodaldetamaulipas.com.mx\/index.php?rest_route=\/wp\/v2\/posts\/217834\/revisions"}],"predecessor-version":[{"id":217835,"href":"https:\/\/www.elsinodaldetamaulipas.com.mx\/index.php?rest_route=\/wp\/v2\/posts\/217834\/revisions\/217835"}],"wp:featuredmedia":[{"embeddable":true,"href":"https:\/\/www.elsinodaldetamaulipas.com.mx\/index.php?rest_route=\/wp\/v2\/media\/216369"}],"wp:attachment":[{"href":"https:\/\/www.elsinodaldetamaulipas.com.mx\/index.php?rest_route=%2Fwp%2Fv2%2Fmedia&parent=217834"}],"wp:term":[{"taxonomy":"category","embeddable":true,"href":"https:\/\/www.elsinodaldetamaulipas.com.mx\/index.php?rest_route=%2Fwp%2Fv2%2Fcategories&post=217834"},{"taxonomy":"post_tag","embeddable":true,"href":"https:\/\/www.elsinodaldetamaulipas.com.mx\/index.php?rest_route=%2Fwp%2Fv2%2Ftags&post=217834"}],"curies":[{"name":"wp","href":"https:\/\/api.w.org\/{rel}","templated":true}]}}