{"id":217836,"date":"2026-01-22T20:11:51","date_gmt":"2026-01-23T00:11:51","guid":{"rendered":"https:\/\/www.elsinodaldetamaulipas.com.mx\/?p=217836"},"modified":"2026-01-22T20:11:51","modified_gmt":"2026-01-23T00:11:51","slug":"%c2%a8solo-a-papi%c2%a8%c2%a8","status":"publish","type":"post","link":"https:\/\/www.elsinodaldetamaulipas.com.mx\/?p=217836","title":{"rendered":"\u00a8SOLO A PAPI\u00a8\u00a8"},"content":{"rendered":"<p>PASADO MERIDIANO<\/p>\n<p>GRICELDA GUERRA ROMERO<\/p>\n<p>No sorprende a nadie el poco respeto que el famoso Andy L\u00f3pez Beltr\u00e1n le tiene a la presidenta Claudia Sheinbaum, y es que el consabido sujeto se niega a reconocer la embestidura de la mandataria y como la pieza m\u00e1s importante del partido Moreno, enfatizando que al \u00fanico que le debe rendir cuentas es a su pap\u00e1 Andr\u00e9s Manuel L\u00f3pez Obrador.<\/p>\n<p>Pues bien, el nene al que poco o nada se le conoce de su trayectoria en el \u00e1mbito laboral, por lo que ha sido duramente criticado de volverse millonario tras la llegada de su padre al poder, que tras concluir el sexenio fuera colocado en la secretaria de Organizaci\u00f3n de Morena, para muchos sin merecerlo, y que ahora que le est\u00e1n pidiendo cuentas, ante las encuestas que no han arrojado los n\u00fameros esperados, ante el riesgo de perder algunas gubernaturas, este simplemente como ni\u00f1o malcriado y berrinchudo se resiste a rendir informe y acatar instrucciones.<\/p>\n<p>Se agrava la crisis al interior del partido guinda, luego de la reuni\u00f3n del pasado lunes, donde tambi\u00e9n estuvo la dirigente morenista Luisa Mar\u00eda Alcalde, en la que saltaron chispas ante la arrogancia del Andy, que termino con una fuerte confrontaci\u00f3n con la presidenta Claudia Sheinbaum, al grado que ante lo caldeado de los \u00e1nimos se opt\u00f3 por dar por concluida la reuni\u00f3n, que debi\u00f3 ser de un simple informe, en la que solo dos personajes sobresalieron Claudia Sheinaum y Andy, mientras que la l\u00edder morenista mas bien fue espectadora en esta confrontaci\u00f3n, sin la autoridad para meter orden con el primog\u00e9nito del ex presidente.<\/p>\n<p>Pero hay que poner atenci\u00f3n a la frase con la que Sheinbaum se \u201cdespidi\u00f3\u201d de Andy, que m\u00e1s bien son\u00f3 a advertencia a recordarle que \u201c\u00e9l no tiene fuero\u201d, ups.<\/p>\n<p>Cambiando de partido, tal parece que quienes ansiaban y esperaban el cambio dentro del PAN Tamaulipas, a trav\u00e9s de las manos de Cesar Verasteguia, alias El Truko, ex candidato a la gubernatura, pues se podr\u00edan quedar con las ganas, dado a que las promesas de este, tras que militantes azules unificaran filas hace apenas unos dias en torno a su figura, quedar\u00edan solo en eso promesas y no porque no las pueda o quiera cumplir, sino que la intervenci\u00f3n de la dirigencia nacional obliga a cambiar el panorama, al definir que la presidencia estatal azul deber\u00e1 quedar en manos de una mujer, seg\u00fan por aquello de la paridad de g\u00e9nero. Claro que esto no gusta para nada a los panistas.<\/p>\n<p>Pero en cuanto se dio a conocer la nueva, pero mala noticia para El Truko y sus seguidores, comenzaron a mencionarse con fuerza nombres como el de Omeheira L\u00f3pez Reyna, ex diputada federal, ex directora del DIF Tamaulipas, entre otros cargos.<\/p>\n<p>Pero esta f\u00e9mina es identificada como muy cercana al no grato Francisco Garc\u00eda Cabeza de Vaca, por lo que la renovaci\u00f3n de la dirigencia ser\u00eda m\u00e1s bien dar continuidad a los grupos que tienen secuestrado al PAN, por lo que la pata continuar\u00eda meciendo la cuna, resisti\u00e9ndose a perder el control y poder en Tamaulipas.<\/p>\n<p>Por lo pronto esos sue\u00f1os guajiros de un nuevo PAN en Tamaulipas deber\u00e1n esperar, hasta que los panistas se cansen de esperar un cambio o que se cumpla en anhelo de muchos, y el brazo de la justicia finalmente alcance a quien insiste en tener el control pol\u00edtico del partido azul.<\/p>\n","protected":false},"excerpt":{"rendered":"<p>PASADO MERIDIANO GRICELDA GUERRA ROMERO No sorprende a nadie el poco respeto que el famoso Andy L\u00f3pez Beltr\u00e1n le tiene a la presidenta Claudia Sheinbaum, y es que el consabido sujeto se niega a reconocer la embestidura de la mandataria y como la pieza m\u00e1s importante del partido Moreno, enfatizando que al \u00fanico que le [&hellip;]<\/p>\n","protected":false},"author":1,"featured_media":217838,"comment_status":"closed","ping_status":"closed","sticky":false,"template":"","format":"standard","meta":{"footnotes":""},"categories":[16,1],"tags":[],"class_list":["post-217836","post","type-post","status-publish","format-standard","has-post-thumbnail","hentry","category-opinion","category-portada"],"_links":{"self":[{"href":"https:\/\/www.elsinodaldetamaulipas.com.mx\/index.php?rest_route=\/wp\/v2\/posts\/217836","targetHints":{"allow":["GET"]}}],"collection":[{"href":"https:\/\/www.elsinodaldetamaulipas.com.mx\/index.php?rest_route=\/wp\/v2\/posts"}],"about":[{"href":"https:\/\/www.elsinodaldetamaulipas.com.mx\/index.php?rest_route=\/wp\/v2\/types\/post"}],"author":[{"embeddable":true,"href":"https:\/\/www.elsinodaldetamaulipas.com.mx\/index.php?rest_route=\/wp\/v2\/users\/1"}],"replies":[{"embeddable":true,"href":"https:\/\/www.elsinodaldetamaulipas.com.mx\/index.php?rest_route=%2Fwp%2Fv2%2Fcomments&post=217836"}],"version-history":[{"count":2,"href":"https:\/\/www.elsinodaldetamaulipas.com.mx\/index.php?rest_route=\/wp\/v2\/posts\/217836\/revisions"}],"predecessor-version":[{"id":217839,"href":"https:\/\/www.elsinodaldetamaulipas.com.mx\/index.php?rest_route=\/wp\/v2\/posts\/217836\/revisions\/217839"}],"wp:featuredmedia":[{"embeddable":true,"href":"https:\/\/www.elsinodaldetamaulipas.com.mx\/index.php?rest_route=\/wp\/v2\/media\/217838"}],"wp:attachment":[{"href":"https:\/\/www.elsinodaldetamaulipas.com.mx\/index.php?rest_route=%2Fwp%2Fv2%2Fmedia&parent=217836"}],"wp:term":[{"taxonomy":"category","embeddable":true,"href":"https:\/\/www.elsinodaldetamaulipas.com.mx\/index.php?rest_route=%2Fwp%2Fv2%2Fcategories&post=217836"},{"taxonomy":"post_tag","embeddable":true,"href":"https:\/\/www.elsinodaldetamaulipas.com.mx\/index.php?rest_route=%2Fwp%2Fv2%2Ftags&post=217836"}],"curies":[{"name":"wp","href":"https:\/\/api.w.org\/{rel}","templated":true}]}}