{"id":217851,"date":"2026-01-23T00:39:45","date_gmt":"2026-01-23T04:39:45","guid":{"rendered":"https:\/\/www.elsinodaldetamaulipas.com.mx\/?p=217851"},"modified":"2026-01-23T00:40:58","modified_gmt":"2026-01-23T04:40:58","slug":"truko-vs-cabeza-o-simulacion","status":"publish","type":"post","link":"https:\/\/www.elsinodaldetamaulipas.com.mx\/?p=217851","title":{"rendered":"\u00abTRUKO VS CABEZA; O SIMULACI\u00d3N\u00bb"},"content":{"rendered":"<p>Espero que el siguiente comentario no se tome a misoginia y por el contrario se le d\u00e9 el valor real al mismo al referirme a la capacidad pol\u00edtica y de maniobra de dos damas del Partido Acci\u00f3n Nacional (PAN).<\/p>\n<p>Al menos dentro de la vida interna azul y sin demeritar a las damas, una verdad que nadie puede refutar es que tanto <strong>GLORIA ELENA GARZA JIM\u00c9NEZ<\/strong> como <strong>OMEHIRA L\u00d3PEZ REYNA<\/strong>, no hubieran llegado hasta donde est\u00e1n sino fuera por sus respectivos padrinos\u2026 As\u00ed de simple.<\/p>\n<p>Insisto, no se trata de hacer menos a las damas, porque el comentario no va enfocado a calificar o descalificar su capacidad; sino a dar sustento a lo siguiente: Son sus respectivos \u201cpadrinos pol\u00edticos\u201d o \u201chacedores pol\u00edticos\u201d quienes est\u00e1n peleando por el Comit\u00e9 Directivo Estatal del PAN y no ellas\u2026 y punto.<\/p>\n<p>Ser\u00e1n talentosas, exmagistradas, exdiputadas y todos los ex que quieran; pero no dejan de ser parte de una caja en donde sus titiriteros son quienes mueven los hilos del presente y futuro pol\u00edtico de cada uno de sus compa\u00f1eros de grup\u00fasculo\u2026 Si no pertenecieran a los \u201cestablos\u201d en que est\u00e1n, no estar\u00edan en este momento compitiendo\u2026 y punto\u2026 \u00bfNi\u00e9guemelo?<\/p>\n<p>Es importante no perder de vista este dato para poder presentar dos versiones que salen del est\u00f3mago panistas; de voces de militantes activos que aseguran saber c\u00f3mo masca la iguana de la zona ca\u00f1era o la vaca texana\/reynosense.<\/p>\n<p>Algunas voces azules que forman parte de las filas de la \u201cvieja guardia\u201d, confirmaron a <strong>LETRAS PROHIBIDAS<\/strong> que el choque entre <strong>FRANCISCO GARC\u00cdA CABEZA DE VACA<\/strong> y <strong>C\u00c9SAR AUGUSTO VER\u00c1STEGUI OSTOS<\/strong>, es mera simulaci\u00f3n\u2026 Tanto, as\u00ed como las peleas arregladas de \u201cEl Canelo\u201d\u2026 \u00a1<strong><em>Tant\u00e9yate compadre, tant\u00e9yate<\/em><\/strong>!<\/p>\n<p>Cuentan que har\u00e1n como que juegan a las vencidas, se dar\u00e1n unos jaloneos, unos empujones, se lanzar\u00e1n unos escupitajos (a trav\u00e9s de sus respectivas damas), se har\u00e1n garras para hacer como que la lucha es verdadera, pero no se har\u00e1n da\u00f1o\u2026<\/p>\n<p>Al final, <strong>FRANCISCO<\/strong> seguir\u00e1n mandando en el CDE del PAN con la complicidad de <strong>C\u00c9SAR AUGUSTO<\/strong> \u201c<strong>El Truko<\/strong>\u201d <strong>VER\u00c1STEGUI OSTOS<\/strong>; porque hay una versi\u00f3n que hasta el momento sigue sin comprobarse ni tampoco desmentirse y es que el texano\/reynosense tiene \u201cpruebas muy delicadas\u201d en contra del \u201crey de la zona ca\u00f1era\u201d\u2026 \u00bf<strong><em>Ser\u00e1<\/em><\/strong>?<\/p>\n<p>La otra versi\u00f3n que circula, que suena m\u00e1s l\u00f3gica y que al parecer por ah\u00ed es, aunque no se llame In\u00e9s, es que \u201c<strong>El Truko<\/strong>\u201d apuntala una purga real al interior del PAN, con una mentalidad m\u00e1s ecu\u00e1nime y anticipando que los cabecistas emigrar\u00edan hacia \u201cSomos Mx\u201d, una vez que la agrupaci\u00f3n sea conformada como partido pol\u00edtico por <strong>GUADALUPE<\/strong> <strong>ACOSTA NARANJO<\/strong>.<\/p>\n<p>Ahora bien. Ser\u00eda un error perder de vista lo siguiente: (1) La lucha es interna por el control del PAN; no es una elecci\u00f3n constitucional; las reglas y la operaci\u00f3n pol\u00edtica son otras; podr\u00eda decirse que ser\u00eda a puerta cerrada.<\/p>\n<p>(2) Todo el desprestigio que <strong>FRANCISCO GARC\u00cdA CABEZA DE VACA<\/strong> le ha arrimado al PAN con el nefasto Gobierno que capitane\u00f3 en Tamaulipas, no tiene la menor importancia hacia el seno azul por tres razones: (a) es consejero vitalicio (b) es representante del PAN para Am\u00e9rica del Norte y (c) tiene gran influencia en la c\u00fapula nacional de su partido; que en un arrebato podr\u00eda soltar millonaria suma, si pierde, para que el Comit\u00e9 sea convertido en Delegaci\u00f3n e impongan a uno de los suyos o suyas, en este caso <strong>OMEHIRA<\/strong>\u2026 \u00a1<strong><em>Zaaas culebra<\/em><\/strong>!<\/p>\n<p>Ahora bien, aunque <strong>C\u00c9SAR<\/strong> \u201c<strong>El Truko<\/strong>\u201d <strong>VER\u00c1STEGUI<\/strong> es considerado un buen operador pol\u00edtico, se vio muy lento para \u201cdivorciarse\u201d de <strong>CABEZA DE VACA<\/strong> cuando era el momento; se vio timorato m\u00e1s que calculador, sobre todo porque no anticip\u00f3 la jugada \u201ccabecista\u201d.<\/p>\n<p>Por otro lado, en el seno del PAN, \u201c<strong>El Truko<\/strong>\u201d es bien visto, es querido, es respaldado, es diputado federal y, con todo y que se le mira como un \u201csemidios\u201d, el rey ca\u00f1ero no tiene las mismas relaciones ni el peso de <strong>FRANCISCO CABEZA DE VACA<\/strong> hacia la c\u00fapula nacional y eso, guste o no, se acepte o no, no le genera un peso espec\u00edfico en esta elecci\u00f3n interna desde el seno nacional\u2026 Pero esa, es otra historia, como dijo la viejita\u2026<\/p>\n<p>Ahora bien, un punto a favor de \u201c<strong>El Truko<\/strong>\u201d es que ya derrot\u00f3 en el 2022 a <strong>FRANCISCO GARC\u00cdA CABEZA DE VACA<\/strong>, con todo y que era Gobernador de Tamaulipas y su jefe en el Gabinete, consiguiendo ser candidato a la gubernatura por encima de su propio \u201chermano lelo\u201d, <strong>ISMAEL<\/strong>, quien por cierto no se apareci\u00f3 en el reciente evento de <strong>VER\u00c1STEGUI<\/strong>.<\/p>\n<p>Por lo anterior, el texano\/reynosense no \u201chizo olas\u201d y mejor se guard\u00f3 hasta el \u00faltimo momento para ense\u00f1ar su carta, es decir para darle la orden a <strong>OMEHIRA L\u00d3PEZ REYNA<\/strong> de que asomara la cabeza y empezara por hacer ruido\u2026 La dama estuvo quieta, en el arrancadero, sin hacer ruido, hasta que recibi\u00f3 la orden y el financiamiento para moverse.<\/p>\n<p>Ahora bien. Si los espectadores esperan una lucha como las de las elecciones constitucionales, se quedar\u00e1 con las ganas de ver sangre; porque esta puja es distinta, se juega de otra manera y se promociona de otra manera; de tal suerte que puede que se aprecie fr\u00eda, distante o no suene nada, aunque dentro de la caja azul se est\u00e9n tirando hasta con bazuca\u2026 \u00a1<strong><em>Ay nanita<\/em><\/strong>!<\/p>\n<p>La cosa es muy simple, si \u201c<strong>El Truko<\/strong>\u201d tuviera la bendici\u00f3n de <strong>CABEZA DE VACA<\/strong>, el texano\/reynosense ni hubiera chistado y <strong>OMEHIRA<\/strong> seguir\u00eda en el \u201cretiro\u201d\u2026 As\u00ed que la versi\u00f3n de que hay arreglo entre ambos, no tiene sustento desde esta perspectiva.<\/p>\n<p>Podr\u00e1 sorprender la versi\u00f3n de que al lado de <strong>OMEHIRA<\/strong> la candidata m\u00e1s d\u00e9bil es <strong>GLORIA<\/strong>, con todo y que es ahijada de <strong>VER\u00c1STEGUI OSTOS<\/strong>, pero la verdad, aunque cause incomodidad, es que, al interior del PAN, <strong>FRANCISCO<\/strong> cuenta con la bendici\u00f3n de la c\u00fapula nacional, que hasta con un mensaje de texto los arregla y ah\u00ed est\u00e1n las pruebas para comprobarlo\u2026 \u00bfrealidad o \u201ctruco\u201d\u2026? \u00a1<strong><em>Ostias t\u00edo de la Virgen santa<\/em><\/strong>!<\/p>\n<p><strong>EN OTRO TEMA<\/strong>\u2026 Cerca de las 7:15 de la noche de este jueves 22 de enero, el alcalde de Ciudad Victoria, <strong>EDUARDO GATT\u00c1S B\u00c1EZ<\/strong> public\u00f3 en su post de Facebook una foto que pudiera llevar mensaje pol\u00edtico o no.<\/p>\n<p>El Edil capitalino poste\u00f3 una gr\u00e1fica con el presidente de la C\u00e1mara de Diputados, <strong>RICARDO MONREAL \u00c1VILA<\/strong> y con el exaspirante a la gubernatura tamaulipeca y actual jefe de Comunicaci\u00f3n Social de la c\u00e1mara baja, <strong>RODOLFO GONZ\u00c1LEZ VALDERRAMA<\/strong>\u2026 Ah\u00ed queda para el an\u00e1lisis posterior\u2026 \u00a1<strong><em>Ufff<\/em><\/strong>!<\/p>\n<p>Por lo pronto, <strong>EDUARDO GATT\u00c1S<\/strong>, en un ejercicio de expresi\u00f3n y di\u00e1logo para fomentar el desarrollo y futuro de la juventud, acompa\u00f1\u00f3 a la presidenta del DIF, <strong>LUCY DE GATT\u00c1S<\/strong>, en la firma de un convenio de colaboraci\u00f3n con los Centros de Integraci\u00f3n Juvenil A.C.<\/p>\n<p>El reto, dijo <strong>LUCY DE GATT\u00c1S<\/strong>, es trabajar unidos y en equipo en la prevenci\u00f3n social de las violencias, el consumo de sustancias y el cuidado de salud mental, para evitar conductas de riesgo y fortalecer el bienestar emocional de las y los j\u00f3venes victorenses\u2026 \u00a1<strong><em>Enhorabuena<\/em><\/strong>!<\/p>\n<p><strong>LA GRILLOTINA: DICHOS Y DESDICHOS<\/strong><\/p>\n<p><strong>++ANDAN DICIENDO QUE\u2026<\/strong> Quien debiera verse en el espejo que ha sido <strong>JORGE<\/strong> \u201c<strong>Tico<\/strong>\u201d <strong>GARC\u00cdA<\/strong> para la clase pol\u00edtica capitalina, es un \u201cguango\u201d personaje acelerado de color naranja, que se ha pasado por el arco del triunfo el manual de precandidaturas y posicionamiento de imagen de su propio partido\u2026 <strong>CUENTAN QUE\u2026<\/strong> El empresario de la industria del \u201cagua oxigenada\u201d todav\u00eda no se repone econ\u00f3micamente de todo lo que invirti\u00f3 en un \u201cjuego\u201d al que entr\u00f3 mal asesorado, \u201cencuerdado\u201d, por ello desesperado y a merced de \u201casesores golondrinos\u201d en busca de la Alcald\u00eda de Victoria\u2026 <strong>TAMBI\u00c9N CUENTAN QUE\u2026<\/strong> Si \u201c<strong>TICO<\/strong>\u201d <strong>GARC\u00cdA<\/strong> con mayor peso econ\u00f3mico y ra\u00edces capitalinas \u201cmordi\u00f3 fierro\u201d, es decir no le sirvi\u00f3 de nada su larga campa\u00f1a anticipada, qu\u00e9 puede esperar un \u201cguango\u201d naranja forastero acelerado, cuya \u00fanica sombra es la que le da unas enanas \u201cpalmillas\u201d\u2026 En una de esas, si \u201c<strong>TICO<\/strong>\u201d <strong>GARC\u00cdA<\/strong> decide ser de color naranja y buscar la Alcald\u00eda, la pega f\u00e1cil; al menos muy por encima del \u201cguango\u201d acelerado\u2026 \u00a1<strong><em>La flecha va derecha<\/em><\/strong>!<\/p>\n<p><strong>++ANDAN DICIENDO QUE\u2026<\/strong> El ruido que han hecho los acelerados guindos en busca de una candidatura para el 2027 \u2014e incluso para el 2028\u2014, provocaron que se despertara <strong>MAR\u00cdA GUADALUPE G\u00d3MEZ N\u00da\u00d1EZ<\/strong>, de un sue\u00f1o profundo\u2026 <strong>CUENTAN QUE\u2026<\/strong> Alguien le \u201crecomend\u00f3\u201d a <strong>LUPITA G\u00d3MEZ<\/strong> que ya apareciera a cuadro y lanzara advertencias, aunque \u00e9stas sean como predicar en el desierto, porque nadie le va a hacer caso\u2026 Y es que, si en estos momentos que los tiempos son fr\u00edos, los guindos andan bien calientes, ya podr\u00e1 imaginarse lo que vivir\u00e1 Morena cuando los tiempos sean oficialmente \u201chot\u201d\u2026 <strong>TAMBI\u00c9N CUENTAN QUE\u2026 <\/strong>El mensaje entre l\u00edneas, es decir lo que s\u00ed demuestra <strong>LUPITA G\u00d3MEZ<\/strong> con sus advertencias, es que no hay \u201cbendecidos(as)\u201d hasta el momento y m\u00e1s bien, aquellos(as) que no \u201cse est\u00e1n moviendo\u201d son los que se est\u00e1n guardando para la hora de la verdad y son pr\u00e1cticamente los que est\u00e1n \u201cpalomeados\u201d\u2026 El que entendi\u00f3\/entendi\u00f3\u2026 \u00a1<strong><em>Calla pes\u00e1o<\/em><\/strong>!<\/p>\n<p><strong>++ANDAN DICIENDO QUE\u2026<\/strong> Aunque <strong>RAMIRO RAMOS SALINAS<\/strong> es un cuadro de respeto y muchas tablas en el mundillo tricolor, lo cierto es que provoc\u00f3 muchas carcajadas su \u201cdestape\u201d; es decir que competir\u00e1 por la candidatura del Partido Revolucionario Institucional (PRI) a la gubernatura de Tamaulipas\u2026 <strong>CUENTAN QUE\u2026<\/strong> El neolaredense, que floreci\u00f3 en los tiempos de <strong>EGIDIO<\/strong> \u201c<strong>La Morsa Ladrona<\/strong>\u201d <strong>TORRE CANT\u00da<\/strong>, al parecer le est\u00e1 pegando \u201cmero arriba\u201d, para caer parado en la candidatura a la Alcald\u00eda de Nuevo Laredo, que tal vez en el 2027 le corresponda por g\u00e9nero a un caballero, y de ah\u00ed tratar de brincar como candidato al Senado de la Rep\u00fablica en el 2028\u2026 <strong>TAMBI\u00c9N CUENTAN QUE\u2026<\/strong> Muchas son las ganas de figurar por parte de lo que queda del priismo tamaulipeco, pero la realidad es que no tienen estructura, \u201ccanicas\u201d, ni militancia para realmente dar la pelea, que el \u201calbazo\u201d de <strong>RAMIRO RAMOS<\/strong> suena m\u00e1s a una imperiosa necesidad de figurar o de \u201carrebatar\u201d, cuando nadie en su sano juicio le disputar\u00eda la candidatura a la gubernatura\u2026 \u00a1<strong><em>Que gacho Tacho<\/em><\/strong>!<\/p>\n<p><strong>++ANDAN DICIENDO QUE\u2026<\/strong> Por muy envalentonado que pueda sonar el \u201cdue\u00f1o\u201d del Partido del Trabajo en Tamaulipas, <strong>ARSENIO ORTEGA LOZANO<\/strong>, de que competir\u00edan solos y que no necesitan \u201cvejigas pa\u2019 nadar\u201d, alguien debiera decirle que, el dirigente nacional de su partido ya dej\u00f3 los rayones en el piso y se aline\u00f3 a lo dictado por Palacio Nacional\u2026 <strong>CUENTAN QUE\u2026<\/strong> Lo que mejor debiera hacer <strong>ARSENIO ORTEGA<\/strong> y su alter ego, <strong>ALEJANDRO CENICEROS<\/strong> es guardar silencio y cumplir con la promesa de afiliar al menos a 30 mil militantes, porque en una de esas desde la Ciudad de M\u00e9xico pudiera venir la orden de que desalojen la oficina para una \u201cprofesional\u201d del \u201cOnly fan\u201d que tiene mejor ver que <strong>ARSENIO<\/strong> y <strong>ALEJANDRO<\/strong> juntos\u2026 \u00a1<strong><em>Santas Batichingaderas<\/em><\/strong>!<\/p>\n<p><strong>GRACIAS\u2026<\/strong> Nos leemos hasta ma\u00f1ana<\/p>\n<p><strong>COMENTARIOS<\/strong>: <a href=\"mailto:letrasprohibidas2011@hotmail.com\">letrasprohibidas2011@hotmail.com<\/a><\/p>\n","protected":false},"excerpt":{"rendered":"<p>Espero que el siguiente comentario no se tome a misoginia y por el contrario se le d\u00e9 el valor real al mismo al referirme a la capacidad pol\u00edtica y de maniobra de dos damas del Partido Acci\u00f3n Nacional (PAN). Al menos dentro de la vida interna azul y sin demeritar a las damas, una verdad [&hellip;]<\/p>\n","protected":false},"author":1,"featured_media":217852,"comment_status":"closed","ping_status":"closed","sticky":false,"template":"","format":"standard","meta":{"footnotes":""},"categories":[16],"tags":[],"class_list":["post-217851","post","type-post","status-publish","format-standard","has-post-thumbnail","hentry","category-opinion"],"_links":{"self":[{"href":"https:\/\/www.elsinodaldetamaulipas.com.mx\/index.php?rest_route=\/wp\/v2\/posts\/217851","targetHints":{"allow":["GET"]}}],"collection":[{"href":"https:\/\/www.elsinodaldetamaulipas.com.mx\/index.php?rest_route=\/wp\/v2\/posts"}],"about":[{"href":"https:\/\/www.elsinodaldetamaulipas.com.mx\/index.php?rest_route=\/wp\/v2\/types\/post"}],"author":[{"embeddable":true,"href":"https:\/\/www.elsinodaldetamaulipas.com.mx\/index.php?rest_route=\/wp\/v2\/users\/1"}],"replies":[{"embeddable":true,"href":"https:\/\/www.elsinodaldetamaulipas.com.mx\/index.php?rest_route=%2Fwp%2Fv2%2Fcomments&post=217851"}],"version-history":[{"count":2,"href":"https:\/\/www.elsinodaldetamaulipas.com.mx\/index.php?rest_route=\/wp\/v2\/posts\/217851\/revisions"}],"predecessor-version":[{"id":217854,"href":"https:\/\/www.elsinodaldetamaulipas.com.mx\/index.php?rest_route=\/wp\/v2\/posts\/217851\/revisions\/217854"}],"wp:featuredmedia":[{"embeddable":true,"href":"https:\/\/www.elsinodaldetamaulipas.com.mx\/index.php?rest_route=\/wp\/v2\/media\/217852"}],"wp:attachment":[{"href":"https:\/\/www.elsinodaldetamaulipas.com.mx\/index.php?rest_route=%2Fwp%2Fv2%2Fmedia&parent=217851"}],"wp:term":[{"taxonomy":"category","embeddable":true,"href":"https:\/\/www.elsinodaldetamaulipas.com.mx\/index.php?rest_route=%2Fwp%2Fv2%2Fcategories&post=217851"},{"taxonomy":"post_tag","embeddable":true,"href":"https:\/\/www.elsinodaldetamaulipas.com.mx\/index.php?rest_route=%2Fwp%2Fv2%2Ftags&post=217851"}],"curies":[{"name":"wp","href":"https:\/\/api.w.org\/{rel}","templated":true}]}}