{"id":217860,"date":"2026-01-23T00:58:02","date_gmt":"2026-01-23T04:58:02","guid":{"rendered":"https:\/\/www.elsinodaldetamaulipas.com.mx\/?p=217860"},"modified":"2026-01-23T00:58:02","modified_gmt":"2026-01-23T04:58:02","slug":"convive-arnulfo-con-grupo-de-periodistas","status":"publish","type":"post","link":"https:\/\/www.elsinodaldetamaulipas.com.mx\/?p=217860","title":{"rendered":"CONVIVE ARNULFO CON GRUPO DE PERIODISTAS"},"content":{"rendered":"<p>&nbsp;<\/p>\n<p>Este jueves por la ma\u00f1ana en conocido sal\u00f3n de eventos, el Secretario General de la Secci\u00f3n 30 del Sindicato Nacional de Trabajadores de la Educaci\u00f3n (SNTE), Profr. Arnulfo Rodr\u00edguez Trevi\u00f1o, convivi\u00f3 amenamente con los diferentes medios de comunicaci\u00f3n en la capital tamaulipeca, en el marco del D\u00eda del Periodista. As\u00ed arranca el 2026 con todo el l\u00edder magisterial y quien ha mantenido una intensa actividad p\u00fablica y de di\u00e1logo constante, incluyendo reuniones de trabajo con autoridades estatales de educaci\u00f3n para el seguimiento de una educaci\u00f3n de calidad para las y los tamaulipecos, sobre todo en educaci\u00f3n b\u00e1sica.<\/p>\n<p>Rodr\u00edguez Trevi\u00f1o en su mensaje reconoci\u00f3 la labor que realizan d\u00eda a d\u00eda las y los periodistas en Tamaulipas, a quienes calific\u00f3 como un sector fundamental para la orientaci\u00f3n y conducci\u00f3n de la sociedad. Fue un encuentro solamente con representantes de los medios; destacando que el periodismo es una actividad delicada y de gran responsabilidad ya que tiene la capacidad de influir en la percepci\u00f3n social.<\/p>\n<p>Ah\u00ed, vimos a un Arnulfo Rodr\u00edguez Trevi\u00f1o sereno, tranquilo y rodeado de su equipo de colaboradores, entre ellos, pudimos observar a su fiel particular Ulises Ruiz P\u00e9rez, Arturo Arizmendi Ter\u00e1n, Mariano Lara Salazar, entre otros m\u00e1s, y obviamente los representantes nacionales del SNTE en Tamaulipas, Juan Antonio Rodr\u00edguez Gonz\u00e1lez y Gaudencio Hern\u00e1ndez Burgos.<\/p>\n<p>Y es que el oriundo de Charcos, municipio de Villagr\u00e1n, tiene una vasta experiencia pol\u00edtica y lo puso de manifiesto, reiterando que el quehacer sindical, va de la mano con la parte oficial para la soluci\u00f3n de la problem\u00e1tica del gremio en los 43 municipios del estado.<\/p>\n<p>Cabe destacar que el l\u00edder sindical reiter\u00f3 su respeto irrestricto a los medios de comunicaci\u00f3n y a la libertad de expresi\u00f3n, dejando en claro que no tiene preferencia por ninguna empresa informativa, sino por la labor social que desempe\u00f1an quienes ejercen el periodismo como \u00e9tica y compromiso.<\/p>\n<p>Por \u00faltimo, refrend\u00f3 la apertura de la secci\u00f3n 30 del SNTE hacia los medios y reiter\u00f3 que el sindicato y el magisterio tamaulipeco, continuar\u00e1n trabajando de manera cercana con la sociedad, con la convicci\u00f3n de seguir aportando a la formaci\u00f3n, la orientaci\u00f3n y el bienestar colectivo en los pr\u00f3ximos a\u00f1os.<\/p>\n<p>NOTAS CORTAS<\/p>\n<p>1.- Convocatoria:<\/p>\n<p>La Secretar\u00eda de Educaci\u00f3n, a trav\u00e9s de la Coordinaci\u00f3n del Sistema para la Carrera de las Maestras y los Maestros, ofrece el tr\u00e1mite del Proceso para la Autorizaci\u00f3n de los Cambios de Centro de Trabajo, ciclo escolar 2026-2027, dentro de una entidad federativa o al interior de las zonas escolares.<\/p>\n<p>Tienes hasta el 13 de febrero de 2026 para registrar tu solicitud.<\/p>\n<p>Consulta los requisitos en las Bases de la convocatoria https:\/\/www.tamaulipas.gob.mx\/\u2026\/proceso-cct-2026-2027\/<\/p>\n<p>2.- La pregunta de la columna es: \u00bfCu\u00e1ntas mujeres est\u00e1n listas para ser candidatas a la gubernatura de tamaulipas?<\/p>\n<p>Por hoy es todo, en la pr\u00f3xima seguiremos dialogando del acontecer pol\u00edtico tamaulipeco.<\/p>\n","protected":false},"excerpt":{"rendered":"<p>&nbsp; Este jueves por la ma\u00f1ana en conocido sal\u00f3n de eventos, el Secretario General de la Secci\u00f3n 30 del Sindicato Nacional de Trabajadores de la Educaci\u00f3n (SNTE), Profr. Arnulfo Rodr\u00edguez Trevi\u00f1o, convivi\u00f3 amenamente con los diferentes medios de comunicaci\u00f3n en la capital tamaulipeca, en el marco del D\u00eda del Periodista. As\u00ed arranca el 2026 con [&hellip;]<\/p>\n","protected":false},"author":1,"featured_media":217861,"comment_status":"closed","ping_status":"closed","sticky":false,"template":"","format":"standard","meta":{"footnotes":""},"categories":[16],"tags":[],"class_list":["post-217860","post","type-post","status-publish","format-standard","has-post-thumbnail","hentry","category-opinion"],"_links":{"self":[{"href":"https:\/\/www.elsinodaldetamaulipas.com.mx\/index.php?rest_route=\/wp\/v2\/posts\/217860","targetHints":{"allow":["GET"]}}],"collection":[{"href":"https:\/\/www.elsinodaldetamaulipas.com.mx\/index.php?rest_route=\/wp\/v2\/posts"}],"about":[{"href":"https:\/\/www.elsinodaldetamaulipas.com.mx\/index.php?rest_route=\/wp\/v2\/types\/post"}],"author":[{"embeddable":true,"href":"https:\/\/www.elsinodaldetamaulipas.com.mx\/index.php?rest_route=\/wp\/v2\/users\/1"}],"replies":[{"embeddable":true,"href":"https:\/\/www.elsinodaldetamaulipas.com.mx\/index.php?rest_route=%2Fwp%2Fv2%2Fcomments&post=217860"}],"version-history":[{"count":1,"href":"https:\/\/www.elsinodaldetamaulipas.com.mx\/index.php?rest_route=\/wp\/v2\/posts\/217860\/revisions"}],"predecessor-version":[{"id":217862,"href":"https:\/\/www.elsinodaldetamaulipas.com.mx\/index.php?rest_route=\/wp\/v2\/posts\/217860\/revisions\/217862"}],"wp:featuredmedia":[{"embeddable":true,"href":"https:\/\/www.elsinodaldetamaulipas.com.mx\/index.php?rest_route=\/wp\/v2\/media\/217861"}],"wp:attachment":[{"href":"https:\/\/www.elsinodaldetamaulipas.com.mx\/index.php?rest_route=%2Fwp%2Fv2%2Fmedia&parent=217860"}],"wp:term":[{"taxonomy":"category","embeddable":true,"href":"https:\/\/www.elsinodaldetamaulipas.com.mx\/index.php?rest_route=%2Fwp%2Fv2%2Fcategories&post=217860"},{"taxonomy":"post_tag","embeddable":true,"href":"https:\/\/www.elsinodaldetamaulipas.com.mx\/index.php?rest_route=%2Fwp%2Fv2%2Ftags&post=217860"}],"curies":[{"name":"wp","href":"https:\/\/api.w.org\/{rel}","templated":true}]}}