{"id":217863,"date":"2026-01-25T11:15:06","date_gmt":"2026-01-25T15:15:06","guid":{"rendered":"https:\/\/www.elsinodaldetamaulipas.com.mx\/?p=217863"},"modified":"2026-01-25T11:15:06","modified_gmt":"2026-01-25T15:15:06","slug":"nuevamente-se-vuelven-a-ver-claudia-y-carmen-lilia","status":"publish","type":"post","link":"https:\/\/www.elsinodaldetamaulipas.com.mx\/?p=217863","title":{"rendered":"NUEVAMENTE SE VUELVEN A VER CLAUDIA Y CARMEN LILIA"},"content":{"rendered":"<p><strong>*UN D\u00cdA HIST\u00d3RICO PARA SUELO NEOLAREDENSE<\/strong><br \/>\n<strong>*TRAE BUENAS NOTICIAS: AM\u00c9RICO<\/strong><br \/>\n*Dos mujeres que le han dado un sello distintivo a sus respectivos gobiernos hacen historia este domingo en Tamaulipas.<br \/>\nHacen historia en Tamaulipas la presidenta de M\u00e9xico CLAUDIA SHEINBAUM PARDO y la presidenta municipal CARMEN LILIA CANTUROSAS VILLARREAL, que acompa\u00f1adas por el gobernador AM\u00c9RICO VILLARREAL ANAYA, inauguran este domingo en Suelo Neolaredense la Agencia Nacional de Aduanas, una monumental obra que catapulta hacia el estrellato a un municipio que contribuye firmemente en el desarrollo econ\u00f3mico del pa\u00eds.<br \/>\nNuevo Laredo vuelve a colocarse en el centro de la agenda nacional por esta visita de la presidenta Sheinbaum Pardo, quien inaugura una obra estrat\u00e9gica que fortalece el liderazgo de esta frontera en el comercio internacional.<br \/>\nLa alcaldesa Canturosas Villarreal destac\u00f3 que esta visita representa un reconocimiento al papel hist\u00f3rico que ha desempe\u00f1ado Nuevo Laredo como principal puerto terrestre de comercio exterior del pa\u00eds, as\u00ed como a la relaci\u00f3n cercana y de apoyo mutuo que la ciudad ha mantenido con la mandataria federal.<br \/>\nExpresando: \u201cEstamos muy contentos de recibir nuevamente a la presidenta de M\u00e9xico en Nuevo Laredo, eso demuestra el cari\u00f1o, el respaldo y la importancia que tiene esta frontera para el desarrollo nacional. La inauguraci\u00f3n de la Agencia Nacional de Aduanas es motivo de fiesta para las y los Neolaredenses\u201d.<br \/>\nSubray\u00f3 que la nueva sede de la ANAM, ubicada sobre el bulevar \u201cLuis Donaldo Colosio\u201d, es un edificio moderno, imponente y funcional que coloca a Nuevo Laredo como un punto clave en el mapa nacional e internacional del comercio, la log\u00edstica y la seguridad aduanera.<br \/>\nResalt\u00f3 que este logro es resultado del trabajo coordinado entre el Gobierno de M\u00e9xico, Gobierno de Tamaulipas y el Gobierno Municipal, una sinergia que ha permitido impulsar proyectos estrat\u00e9gicos para el desarrollo de la ciudad<br \/>\nLa presidenta Sheinbaum realiza su quinta visita a la entidad, y no es una visita cualquiera ya que entrega obras que nadie nunca imagin\u00f3 para Tamaulipas como es el caso de la Agencia Nacional de Aduna, y en Suelo Reynosense las primeras viviendas Bienestar.<br \/>\nEfectivamente en Suelo Reynosense al presidente municipal CARLOS V\u00cdCTOR PE\u00d1A ORTIZ, saca la alfombra roja, este s\u00e1bado por la tarde, para darle la bienvenida a la presidenta Sheinbaum, dejando de manifiesto el aprecio para este municipio, hoy por hoy uno de los m\u00e1s importantes en Tamaulipas.<br \/>\nY la presidenta Sheinbaum distingue con dos eventos de pol\u00edtica social a la tierra que gobierna Pe\u00f1a Ortiz, primero con la entrega de las viviendas Bienestar y posteriormente encabezar el evento del Programa Pensi\u00f3n de Mujeres Bienestar con el otorgamiento de apoyos econ\u00f3micos a mujeres de 60 y 64 a\u00f1os de edad.<br \/>\nEl gobernador Villarreal Anaya, en entrevista con los medios de comunicaci\u00f3n a su arribo a Palacio de Gobierno en Suelo Victorense, dijo que la presidenta Sheinbaum traer\u00e1 buenas noticias a Tamaulipas.<br \/>\nDijo sonriente: \u201cMuy contentos viendo la agenda; ella viene de una gira que ya inici\u00f3 en Veracruz y terminar\u00e1 en el norte de Veracruz. Tenemos informaci\u00f3n de que ser\u00eda en Tuxpan y, al d\u00eda siguiente, llegar\u00eda a Tampico para tomar el avi\u00f3n e ir a la frontera grande de Tamaulipas, de Reynosa a Nuevo Laredo\u201d.<br \/>\nY agreg\u00f3: \u201cAh\u00ed la estaremos acompa\u00f1ando, atentos a lo que ya nos dijo tambi\u00e9n en la conferencia de la ma\u00f1ana: que nos trae buenas noticias a los tamaulipecos, y ya las compartiremos con ustedes\u201d.<br \/>\nRepito, no es una visita cualquiera y solo para la foto.<br \/>\n*LAMENTABLE, muy lamentable, la tragedia ocurrida en Suelo Matamorense ya que en el combate a un incendio tres elementos del heroico cuerpo de bomberos perdieron la vida, y con otras personas lesionadas.<br \/>\nLa conflagraci\u00f3n ocurri\u00f3 en la empresa maquiladora \u201cSpellman\u201d, que termin\u00f3 con una explosi\u00f3n en donde los elementos de bomberos quedaron atrapados y perdieron la vida.<br \/>\nEl presidente municipal ALBERTO GRANADOS, lament\u00f3 el fallecimiento de tres elementos del cuerpo de bomberos que perdieron la vida en cumplimiento de su deber expres\u00f3 su pesar por la tragedia y reconoci\u00f3 la valent\u00eda y entrega de los elementos ca\u00eddos.<br \/>\nLas autoridades ya se encuentran realizando las investigaciones correspondientes para determinar las causas del siniestro y las condiciones en las que ocurri\u00f3 el derrumbe del techo.<br \/>\nY es que una estructura del inmueble colaps\u00f3 y les cay\u00f3 encima a los bomberos.<br \/>\n*YA ESTE LUNES el Congreso del Estado, elige al que ser\u00e1 el nuevo zar anticorrupci\u00f3n de Tamaulipas y saldr\u00e1 de entre estos tres: JULIETA ELENA MART\u00cdNEZ TREJO, ANDR\u00c9S GARC\u00cdA REPPER y MIGUEL \u00c1NGEL DOR\u00cdA.<br \/>\nAunque se ha asegurado hasta el cansancio que no hay dados cargados, es un secreto a voces que el nuevo titular de la Fiscal\u00eda Especializada del Combate a la Corrupci\u00f3n ser\u00e1 Garc\u00eda Repper.<br \/>\nPara nadie es desconocido los v\u00ednculos de Andr\u00e9s con Morena, e inclusive fue su representante ante las instancias electorales durante la elecci\u00f3n por la gubernatura.<br \/>\nAs\u00ed que, si pensaba apostar, mejor pi\u00e9nselo.<br \/>\n*ESTOS SON los par\u00e1sitos que por a\u00f1os ha mantenido el pueblo sabio de M\u00e9xico, aqu\u00ed no se incluye al expresidente de M\u00e9xico ANDR\u00c9S MANUEL L\u00d3OEZ OBRADOR, al que nunca se le ha conocido oficio ni beneficio.<br \/>\nSon l\u00edderes de los partidos Verde Ecologista, del Partido del Trabajo y hasta una de Morena, que han construido su trayectoria legislativa como plurinominales, sumando 87 a\u00f1os, saltando entre esca\u00f1os y curules.<br \/>\nSon: DOLORES PADIERNA, MANUEL VELASCO, JORGE EMILIO GONZ\u00c1LEZ, ARTURO ESCOBAR, PEDRO V\u00c1ZQUEZ GONZ\u00c1LEZ y ALBERTO ANAYA, que se encuentran en el top de pol\u00edticos con mayores pluris consecutivas de la historia del pa\u00eds.<br \/>\nEl del dirigente del PT Anaya, que lleva ocho pluris desde 1988 hasta la actual legislatura en el Senado, desde su posici\u00f3n de l\u00edder partidario se ha colocado siempre al frente de las listas de representaci\u00f3n proporcional, garantizando su espacio en el Congreso de la Uni\u00f3n.<br \/>\nPor eso el Verde Ecologista y del Trabajo est\u00e1n en contra de la reforma electoral, porque dejar\u00edan de seguir mam\u00e1ndose del dinero de los mexicanos.<br \/>\nMugrosos.<br \/>\nY mire usted, el hecho de que a\u00fan no se haya alcanzado un acuerdo entre Morena con el PT y Verde Ecologista, sobre la iniciativa de reforma electoral que enviar\u00e1 al Congreso la presidenta CLAUDIA SHEINBAUM, deja abierta la posibilidad de que ese proyecto finalmente no se presente, seg\u00fan d\u00edceres del grupo parlamentario guinda en la C\u00e1mara de Diputados.<br \/>\nA mi no me lo crea, pero se dice que hay hasta legisladores de \u201cLa Cuatrot\u00e9\u201d, que no ven con muy buenos ojos esa iniciativa de la presidenta, uta male.<br \/>\n*EN ASUNTOS meramente deportivos: \u201cCharros\u201d de Jalisco pusieron contra la pared a \u201cTomateros\u201d de Culiac\u00e1n, al vencerlos en el segundo juego de la serie por marcador de 10 carreras a 6, en la gran final de Liga Mexicana del Pacifico.<br \/>\nSoy de la idea de que los \u201cCharros\u201d se coronan campeones en la Perla Tapat\u00eda, as\u00ed que veo dif\u00edcil que la final regrese a Culiac\u00e1n al menos que los \u201cChapitos\u201d y \u201cLa Mayiza\u201d digan lo contrario.<br \/>\n*PORQUE a\u00fan hay tiempo no se le pase felicitar este viernes con motivo de sus cumplea\u00f1os a: PRIMITIVO L\u00d3PEZ, ARISTIDES GRAC\u00cdA HERN\u00c1NDEZ, DAVID BARRIOS BARCENAS y ALFONSO MADERA.<br \/>\nUn monumental abrazo y que vengan muchos m\u00e1s.<br \/>\nVolveremos, HL\u2026D\u2026M<br \/>\nCorreo electr\u00f3nico: barre283@hotmail.com<\/p>\n","protected":false},"excerpt":{"rendered":"<p>*UN D\u00cdA HIST\u00d3RICO PARA SUELO NEOLAREDENSE *TRAE BUENAS NOTICIAS: AM\u00c9RICO *Dos mujeres que le han dado un sello distintivo a sus respectivos gobiernos hacen historia este domingo en Tamaulipas. Hacen historia en Tamaulipas la presidenta de M\u00e9xico CLAUDIA SHEINBAUM PARDO y la presidenta municipal CARMEN LILIA CANTUROSAS VILLARREAL, que acompa\u00f1adas por el gobernador AM\u00c9RICO VILLARREAL [&hellip;]<\/p>\n","protected":false},"author":1,"featured_media":216294,"comment_status":"closed","ping_status":"closed","sticky":false,"template":"","format":"standard","meta":{"footnotes":""},"categories":[16],"tags":[],"class_list":["post-217863","post","type-post","status-publish","format-standard","has-post-thumbnail","hentry","category-opinion"],"_links":{"self":[{"href":"https:\/\/www.elsinodaldetamaulipas.com.mx\/index.php?rest_route=\/wp\/v2\/posts\/217863","targetHints":{"allow":["GET"]}}],"collection":[{"href":"https:\/\/www.elsinodaldetamaulipas.com.mx\/index.php?rest_route=\/wp\/v2\/posts"}],"about":[{"href":"https:\/\/www.elsinodaldetamaulipas.com.mx\/index.php?rest_route=\/wp\/v2\/types\/post"}],"author":[{"embeddable":true,"href":"https:\/\/www.elsinodaldetamaulipas.com.mx\/index.php?rest_route=\/wp\/v2\/users\/1"}],"replies":[{"embeddable":true,"href":"https:\/\/www.elsinodaldetamaulipas.com.mx\/index.php?rest_route=%2Fwp%2Fv2%2Fcomments&post=217863"}],"version-history":[{"count":1,"href":"https:\/\/www.elsinodaldetamaulipas.com.mx\/index.php?rest_route=\/wp\/v2\/posts\/217863\/revisions"}],"predecessor-version":[{"id":217864,"href":"https:\/\/www.elsinodaldetamaulipas.com.mx\/index.php?rest_route=\/wp\/v2\/posts\/217863\/revisions\/217864"}],"wp:featuredmedia":[{"embeddable":true,"href":"https:\/\/www.elsinodaldetamaulipas.com.mx\/index.php?rest_route=\/wp\/v2\/media\/216294"}],"wp:attachment":[{"href":"https:\/\/www.elsinodaldetamaulipas.com.mx\/index.php?rest_route=%2Fwp%2Fv2%2Fmedia&parent=217863"}],"wp:term":[{"taxonomy":"category","embeddable":true,"href":"https:\/\/www.elsinodaldetamaulipas.com.mx\/index.php?rest_route=%2Fwp%2Fv2%2Fcategories&post=217863"},{"taxonomy":"post_tag","embeddable":true,"href":"https:\/\/www.elsinodaldetamaulipas.com.mx\/index.php?rest_route=%2Fwp%2Fv2%2Ftags&post=217863"}],"curies":[{"name":"wp","href":"https:\/\/api.w.org\/{rel}","templated":true}]}}