{"id":217865,"date":"2026-01-25T13:29:09","date_gmt":"2026-01-25T17:29:09","guid":{"rendered":"https:\/\/www.elsinodaldetamaulipas.com.mx\/?p=217865"},"modified":"2026-01-25T13:29:09","modified_gmt":"2026-01-25T17:29:09","slug":"presidenta-entrego-primeras-44-casas-bienestar","status":"publish","type":"post","link":"https:\/\/www.elsinodaldetamaulipas.com.mx\/?p=217865","title":{"rendered":"PRESIDENTA ENTREG\u00d3 PRIMERAS 44 CASAS BIENESTAR"},"content":{"rendered":"<p><em><strong>EL SINODAL DE TAMAULIPAS<\/strong><\/em><\/p>\n<p>Reynosa, Tam.- Como estaba previosto la presidenta de M\u00e9xico, Claudia Sheinbaum, encabez\u00f3 la entrega de 44 viviendas del desarrollo \u201cFlorencia\u201d en Reynosa , Tamaulipas, a derechohabientes del Instituto del Fondo Nacional de la Vivienda para los Trabajadores (Infonavit), como parte del programa Vivienda para el Bienestar.<\/p>\n<p>En el acto, la presidenta inform\u00f3 que con dicho programa se les da certeza a las familias mexicanas \u201cde que pueden tener un patrimonio propio para ellos y para sus hijos\u201d.<\/p>\n<p>Se indico que la meta sexenal en el estado son 84 mil viviendas: 60 mil del Infonavit, 20 mil de la Conavi y m\u00e1s de 4 mil del Fovissste, a trav\u00e9s de una inversi\u00f3n de 50 mil mdp generando 252 mil empleos directos y 378 mil indirectos en beneficio de 302 mil tamaulipecas y tamaulipecos<\/p>\n<p><img loading=\"lazy\" decoding=\"async\" class=\"aligncenter wp-image-217867 size-full\" src=\"https:\/\/www.elsinodaldetamaulipas.com.mx\/wp-content\/uploads\/2026\/01\/SHEINBAUM-2.jpg\" alt=\"\" width=\"894\" height=\"487\" srcset=\"https:\/\/www.elsinodaldetamaulipas.com.mx\/wp-content\/uploads\/2026\/01\/SHEINBAUM-2.jpg 894w, https:\/\/www.elsinodaldetamaulipas.com.mx\/wp-content\/uploads\/2026\/01\/SHEINBAUM-2-300x163.jpg 300w, https:\/\/www.elsinodaldetamaulipas.com.mx\/wp-content\/uploads\/2026\/01\/SHEINBAUM-2-768x418.jpg 768w\" sizes=\"auto, (max-width: 894px) 100vw, 894px\" \/><\/p>\n<p>\u201cLa verdad es que antes de que llegara la Cuarta Transformaci\u00f3n, la vivienda se hab\u00eda vuelto un negocio cuando debe ser un derecho. No un negocio, no una mercanc\u00eda, no un privilegio\u201d.<\/p>\n<p>&nbsp;<\/p>\n<p>En forma presencial a los beneficiarios se les entregaron escrituras y llaves de las respectivas viviendas, que son las primeras casas construidas en la entidad que forman parte del programa de Vivienda para el Bienestar, \u201cun reflejo de la justicia social que llega al norte de Tamaulipas con el acceso de trabajadores de bajos ingresos a un hogar propio\u201d, declar\u00f3 la presidenta.<\/p>\n<p>&nbsp;<\/p>\n<p>En el desarrollo Infonavit Florencia, se construyen 2 mil 4 viviendas, de las que ya se concluyeron 348 y de manera mensual se entregar\u00e1n en promedio 140 hasta abril de 2027.<\/p>\n<p>&nbsp;<\/p>\n<p>La presidenta enfatiz\u00f3 que con ello se les da certeza a las familias mexicanas que pueden tener un patrimonio propio para ellos y sus hijos.<\/p>\n<p>&nbsp;<\/p>\n<p>La titular del ejecutivo federal asegur\u00f3 que el deber de la Cuarta Transformaci\u00f3n es la felicidad del pueblo de M\u00e9xico, por ello lucha por la justicia social y destac\u00f3 que el programa Vivienda para el Bienestar es muestra de esto, ya que se entregan viviendas dignas a precios accesibles para trabajadores que ganan hasta dos salarios m\u00ednimos. Adem\u00e1s de que se reestructuraron 4.8 millones de cr\u00e9ditos con deudas impagables que se otorgaron durante otros sexenios.<\/p>\n<p>&nbsp;<\/p>\n<p>Sheinbaum destac\u00f3 que el Gobierno que encabeza mantiene una lucha constante por justicia social y por hacer realidad el bienestar.<\/p>\n<p>&nbsp;<\/p>\n<p>\u201cHay dos palabras en la Cuarta Transformaci\u00f3n: justicia y bienestar, por eso son viviendas para el bienestar, por eso los Programas para el Bienestar, por eso aumentamos el salario m\u00ednimo para el bienestar del pueblo de M\u00e9xico, esa es la gran diferencia entre el pasado y la Cuarta Transformaci\u00f3n\u201d, agreg\u00f3.<\/p>\n<p>&nbsp;<\/p>\n<p>Cit\u00f3 que hay \u201cprincipios claros\u201d y por ello M\u00e9xico es y seguir\u00e1 siendo un pa\u00eds libre, independiente y soberano.<\/p>\n<p>&nbsp;<\/p>\n<p>La ministra de Desarrollo Agrario, Territorial y Urbano, Edna Elena Vega Rangel, detall\u00f3 que en Tamaulipas la meta sexenal es superar las 84 mil viviendas: 60 mil viviendas del Infonavit, 20 mil de la Comisi\u00f3n Nacional de Vivienda (Conavi) y m\u00e1s de 4 mil del Fondo de la Vivienda del Instituto de Seguridad y Servicios Sociales de los Trabajadores del Estado (Fovissste), construidas a trav\u00e9s de una inversi\u00f3n de 50 mil millones de pesos (mdp), generando 252 mil empleos directos y 378 mil indirectos en beneficio de 302 mil tamaulipecos.<\/p>\n<p>&nbsp;<\/p>\n<p>Apunt\u00f3 que del total de viviendas, 45 mil ya est\u00e1n contratadas. Adem\u00e1s de la entrega de llaves de viviendas nuevas, en Reynosa tambi\u00e9n se entregaron 349 constancias de liquidaci\u00f3n del Fovissste y 100 escrituras del Instituto Nacional del Suelo Sustentable (INSUS).<\/p>\n<p>&nbsp;<\/p>\n<p>Por su parte el director general del Infonavit, Octavio Romero, se\u00f1al\u00f3 que en Tamaulipas, de 60 mil viviendas que construir\u00e1n, tienen contratadas 42 mil en 32 proyectos ubicados en los municipios de Altamira, El Mante, Matamoros, Nuevo Laredo, Reynosa, Ciudad Victoria y R\u00edo Bravo.<\/p>\n<p>&nbsp;<\/p>\n<p>Remarc\u00f3 que ya se iniciaron obras en m\u00e1s de 15 mil viviendas, mientras que el resto de los trabajos arrancar\u00e1n en el primer semestre del a\u00f1o. Y se encuentran en proceso de revisi\u00f3n 16 proyectos adicionales para 18 mil viviendas que ser\u00e1n contratadas este a\u00f1o. Con ello, se proyecta que a finales de 2026 se habr\u00e1 iniciado la construcci\u00f3n del 100 por ciento de la meta en el estado.<\/p>\n","protected":false},"excerpt":{"rendered":"<p>EL SINODAL DE TAMAULIPAS Reynosa, Tam.- Como estaba previosto la presidenta de M\u00e9xico, Claudia Sheinbaum, encabez\u00f3 la entrega de 44 viviendas del desarrollo \u201cFlorencia\u201d en Reynosa , Tamaulipas, a derechohabientes del Instituto del Fondo Nacional de la Vivienda para los Trabajadores (Infonavit), como parte del programa Vivienda para el Bienestar. En el acto, la presidenta [&hellip;]<\/p>\n","protected":false},"author":1,"featured_media":217866,"comment_status":"closed","ping_status":"closed","sticky":false,"template":"","format":"standard","meta":{"footnotes":""},"categories":[1,2],"tags":[],"class_list":["post-217865","post","type-post","status-publish","format-standard","has-post-thumbnail","hentry","category-portada","category-reynosa"],"_links":{"self":[{"href":"https:\/\/www.elsinodaldetamaulipas.com.mx\/index.php?rest_route=\/wp\/v2\/posts\/217865","targetHints":{"allow":["GET"]}}],"collection":[{"href":"https:\/\/www.elsinodaldetamaulipas.com.mx\/index.php?rest_route=\/wp\/v2\/posts"}],"about":[{"href":"https:\/\/www.elsinodaldetamaulipas.com.mx\/index.php?rest_route=\/wp\/v2\/types\/post"}],"author":[{"embeddable":true,"href":"https:\/\/www.elsinodaldetamaulipas.com.mx\/index.php?rest_route=\/wp\/v2\/users\/1"}],"replies":[{"embeddable":true,"href":"https:\/\/www.elsinodaldetamaulipas.com.mx\/index.php?rest_route=%2Fwp%2Fv2%2Fcomments&post=217865"}],"version-history":[{"count":1,"href":"https:\/\/www.elsinodaldetamaulipas.com.mx\/index.php?rest_route=\/wp\/v2\/posts\/217865\/revisions"}],"predecessor-version":[{"id":217868,"href":"https:\/\/www.elsinodaldetamaulipas.com.mx\/index.php?rest_route=\/wp\/v2\/posts\/217865\/revisions\/217868"}],"wp:featuredmedia":[{"embeddable":true,"href":"https:\/\/www.elsinodaldetamaulipas.com.mx\/index.php?rest_route=\/wp\/v2\/media\/217866"}],"wp:attachment":[{"href":"https:\/\/www.elsinodaldetamaulipas.com.mx\/index.php?rest_route=%2Fwp%2Fv2%2Fmedia&parent=217865"}],"wp:term":[{"taxonomy":"category","embeddable":true,"href":"https:\/\/www.elsinodaldetamaulipas.com.mx\/index.php?rest_route=%2Fwp%2Fv2%2Fcategories&post=217865"},{"taxonomy":"post_tag","embeddable":true,"href":"https:\/\/www.elsinodaldetamaulipas.com.mx\/index.php?rest_route=%2Fwp%2Fv2%2Ftags&post=217865"}],"curies":[{"name":"wp","href":"https:\/\/api.w.org\/{rel}","templated":true}]}}