{"id":217882,"date":"2026-01-25T22:10:44","date_gmt":"2026-01-26T02:10:44","guid":{"rendered":"https:\/\/www.elsinodaldetamaulipas.com.mx\/?p=217882"},"modified":"2026-01-28T13:45:36","modified_gmt":"2026-01-28T17:45:36","slug":"marcelo-olan-cosecha-carino-en-cumpleanos","status":"publish","type":"post","link":"https:\/\/www.elsinodaldetamaulipas.com.mx\/?p=217882","title":{"rendered":"COSECHA CARI\u00d1O POR SU INCANSABLE LABOR SOCIAL"},"content":{"rendered":"<p><em><strong>A m\u00e1s de una semana del suceso social<\/strong><\/em><\/p>\n<p><em><strong>persiste el eco de la grata celebraci\u00f3n<\/strong><\/em><\/p>\n<p>&nbsp;<\/p>\n<p><em>Por Gil Vicente Galindo\/EL SINODAL DE TAMAULIPAS<\/em><\/p>\n<p>Reynosa, Tam.- A casi una semana del acontecimiento donde un amplio mosaico de personalidades de todos los estratos sociales de la ciudad, acompa\u00f1aron en la tradicional celebraci\u00f3n del cumplea\u00f1os al abogado Marcelo Ol\u00e1n Mendoza, que festej\u00f3 su aniversario n\u00famero 45, el pasado s\u00e1bado 17 de enero en el Casino Alejandra de la 5a. Blayser: persiste el eco y los buenos comentarios del nutrido y bien organizado evento social.<\/p>\n<p>Empresarios, decenas colegas del ramo de la abogac\u00eda, dirigentes de asociaciones sociales, pol\u00edticos, periodistas, clientes de su bien acreditado bufet, pero sobre todo representantes del pueblo en general y familias completas con las que se ha identificado a trav\u00e9s de sus causas sociales, estuvieron puntuales a la cita en la animosa fiesta que se prolong\u00f3 hasta las primeras horas del d\u00eda siguiente, habiendo dado inicio en horas de la tarde.<\/p>\n<p><img loading=\"lazy\" decoding=\"async\" class=\"aligncenter wp-image-217884 size-full\" src=\"https:\/\/www.elsinodaldetamaulipas.com.mx\/wp-content\/uploads\/2026\/01\/NUEVA-2.jpg\" alt=\"\" width=\"894\" height=\"487\" srcset=\"https:\/\/www.elsinodaldetamaulipas.com.mx\/wp-content\/uploads\/2026\/01\/NUEVA-2.jpg 894w, https:\/\/www.elsinodaldetamaulipas.com.mx\/wp-content\/uploads\/2026\/01\/NUEVA-2-300x163.jpg 300w, https:\/\/www.elsinodaldetamaulipas.com.mx\/wp-content\/uploads\/2026\/01\/NUEVA-2-768x418.jpg 768w\" sizes=\"auto, (max-width: 894px) 100vw, 894px\" \/><\/p>\n<p style=\"text-align: center;\"><strong>RECIBIMIENTO DE PIE<\/strong><\/p>\n<p>\u00a0\u00a0\u00a0\u00a0\u00a0\u00a0\u00a0\u00a0\u00a0\u00a0\u00a0\u00a0\u00a0\u00a0\u00a0 \u201cAltanero\u201d, el mejor grupo de m\u00fasica regional bajo la direcci\u00f3n de Juan Manuel \u201cMeme\u201d Herrera \u00c1vila, fue el encargado de darle la bienvenida musical al festejado que arrib\u00f3 al escenario al lado de su esposa la abogada Erika Patricia Salinas Liceaga y sus tres hijos, recepci\u00f3n que le fue brindada de pie por los asistentes.<\/p>\n<p><img loading=\"lazy\" decoding=\"async\" class=\"aligncenter wp-image-217885 size-full\" src=\"https:\/\/www.elsinodaldetamaulipas.com.mx\/wp-content\/uploads\/2026\/01\/NUEVA-3.jpg\" alt=\"\" width=\"894\" height=\"487\" srcset=\"https:\/\/www.elsinodaldetamaulipas.com.mx\/wp-content\/uploads\/2026\/01\/NUEVA-3.jpg 894w, https:\/\/www.elsinodaldetamaulipas.com.mx\/wp-content\/uploads\/2026\/01\/NUEVA-3-300x163.jpg 300w, https:\/\/www.elsinodaldetamaulipas.com.mx\/wp-content\/uploads\/2026\/01\/NUEVA-3-768x418.jpg 768w\" sizes=\"auto, (max-width: 894px) 100vw, 894px\" \/><\/p>\n<p>La presidenta de la \u201cFundaci\u00f3n Marcelo Olan\u201d, profesora Hilda Ortiz Casta\u00f1eda, dirigi\u00f3 unas palabras a manera de saludo de bienvenida, mientras que el empresario transportista Arturo Cecoppieri Rojano, hizo alusi\u00f3n a la proyecci\u00f3n social que han caracterizado al destacado l\u00edder fil\u00e1ntropo, profesional de la ley y funcionario del gobierno estatal a lo largo de su exitosa trayectoria social y pol\u00edtica.<\/p>\n<p style=\"text-align: center;\"><img loading=\"lazy\" decoding=\"async\" class=\"aligncenter wp-image-217886 size-full\" src=\"https:\/\/www.elsinodaldetamaulipas.com.mx\/wp-content\/uploads\/2026\/01\/NUEVA-4.jpg\" alt=\"\" width=\"894\" height=\"487\" srcset=\"https:\/\/www.elsinodaldetamaulipas.com.mx\/wp-content\/uploads\/2026\/01\/NUEVA-4.jpg 894w, https:\/\/www.elsinodaldetamaulipas.com.mx\/wp-content\/uploads\/2026\/01\/NUEVA-4-300x163.jpg 300w, https:\/\/www.elsinodaldetamaulipas.com.mx\/wp-content\/uploads\/2026\/01\/NUEVA-4-768x418.jpg 768w\" sizes=\"auto, (max-width: 894px) 100vw, 894px\" \/><\/p>\n<p style=\"text-align: center;\"><strong>POEMA ESPONT\u00c1NEO<\/strong><\/p>\n<p>\u00a0\u00a0\u00a0\u00a0\u00a0\u00a0\u00a0\u00a0\u00a0\u00a0\u00a0\u00a0\u00a0\u00a0\u00a0 Don Roberto C\u00f3rdova, dirigente de la Asociaci\u00f3n de Autores y Compositores de M\u00fasica de Rio Bravo, dedic\u00f3 un poema en el que elogio las cualidades humanas de Marcelo refrendando la calidad de amigo que le caracteriza.<\/p>\n<p>En tanto los meseros distribu\u00edan por las mesas exquisitas viviendas y bebidas refrescantes, los invitados acud\u00edan en amplia romer\u00eda a felicitar en forma efusiva al dilecto amigo.<\/p>\n<p><img loading=\"lazy\" decoding=\"async\" class=\"aligncenter wp-image-217887 size-full\" src=\"https:\/\/www.elsinodaldetamaulipas.com.mx\/wp-content\/uploads\/2026\/01\/NUEVA-5.jpg\" alt=\"\" width=\"894\" height=\"487\" srcset=\"https:\/\/www.elsinodaldetamaulipas.com.mx\/wp-content\/uploads\/2026\/01\/NUEVA-5.jpg 894w, https:\/\/www.elsinodaldetamaulipas.com.mx\/wp-content\/uploads\/2026\/01\/NUEVA-5-300x163.jpg 300w, https:\/\/www.elsinodaldetamaulipas.com.mx\/wp-content\/uploads\/2026\/01\/NUEVA-5-768x418.jpg 768w\" sizes=\"auto, (max-width: 894px) 100vw, 894px\" \/><\/p>\n<p style=\"text-align: center;\"><strong>MAESTROS Y ALUMNOS<\/strong><\/p>\n<p>\u00a0\u00a0\u00a0\u00a0\u00a0\u00a0\u00a0\u00a0\u00a0\u00a0\u00a0\u00a0\u00a0\u00a0\u00a0 Representantes de diversas instituciones educativas de todos los niveles se hicieron presentes en el festejo como Berenice Reyna, de la Universidad Tamaulipas Norte, junto con catedr\u00e1ticos y alumnos; asistieron igualmente del Instituto Tecnol\u00f3gico de Reynosa miembros de la comunidad educativa encabezados por el maestro Vaca; la Directora de la Escuela Secundaria T\u00e9cnica No. 89 del ejido La Retama, maestra Fabiola Garza Ramos, estuvo presente junto con directivos de la asociaci\u00f3n de padres de familia; de las primarias, notoria la presencia del director Juan Enrique Hern\u00e1ndez Sandoval, Director de la escuela \u201cProf. Lauro Aguirre\u201d de la Zona Escolar 075, del sector 03, y el director de la Escuela \u201cLeonardo G. De la Cruz\u201d, maestro Ricardo Alberto Rocha Huerta, de la Zona Escolar 074 y familia, as\u00ed como otros conocidos mentores como los ex regidores Amalia Trevi\u00f1o Salinas y Silvestre Castillo B\u00e1ez.<\/p>\n<p><img loading=\"lazy\" decoding=\"async\" class=\"aligncenter wp-image-217888 size-full\" src=\"https:\/\/www.elsinodaldetamaulipas.com.mx\/wp-content\/uploads\/2026\/01\/NUEVA-6.jpg\" alt=\"\" width=\"894\" height=\"487\" srcset=\"https:\/\/www.elsinodaldetamaulipas.com.mx\/wp-content\/uploads\/2026\/01\/NUEVA-6.jpg 894w, https:\/\/www.elsinodaldetamaulipas.com.mx\/wp-content\/uploads\/2026\/01\/NUEVA-6-300x163.jpg 300w, https:\/\/www.elsinodaldetamaulipas.com.mx\/wp-content\/uploads\/2026\/01\/NUEVA-6-768x418.jpg 768w\" sizes=\"auto, (max-width: 894px) 100vw, 894px\" \/><\/p>\n<p>Mino Ortiz, Beto Aldama, Checo Mart\u00ednez Velazco, Lety y Ra\u00fal Cisneros Villarreal, Ana Lilia Huertavilla de Plata, respetables empresarios y sus familias, tambi\u00e9n pasaron lista de presentes al igual que el concesionario del transporte colectivo Anselmo Almaraz, otro de los grandes amigos de Marcelo Ol\u00e1n.<\/p>\n<p><img loading=\"lazy\" decoding=\"async\" class=\"aligncenter wp-image-217889 size-full\" src=\"https:\/\/www.elsinodaldetamaulipas.com.mx\/wp-content\/uploads\/2026\/01\/NUEVA-7.jpg\" alt=\"\" width=\"894\" height=\"487\" srcset=\"https:\/\/www.elsinodaldetamaulipas.com.mx\/wp-content\/uploads\/2026\/01\/NUEVA-7.jpg 894w, https:\/\/www.elsinodaldetamaulipas.com.mx\/wp-content\/uploads\/2026\/01\/NUEVA-7-300x163.jpg 300w, https:\/\/www.elsinodaldetamaulipas.com.mx\/wp-content\/uploads\/2026\/01\/NUEVA-7-768x418.jpg 768w\" sizes=\"auto, (max-width: 894px) 100vw, 894px\" \/><\/p>\n<p style=\"text-align: center;\"><strong>LOS COLEGAS ABOGADOS<\/strong><\/p>\n<p>\u00a0\u00a0\u00a0\u00a0\u00a0\u00a0\u00a0\u00a0\u00a0\u00a0\u00a0\u00a0\u00a0\u00a0\u00a0 Todo el pleno de la Asociaci\u00f3n 12 de Julio de Abogados en Acci\u00f3n y Reacci\u00f3n, encabezados por sus directivos Francisco Javier Galv\u00e1n Arcos, Jos\u00e9 Mar\u00eda Flores Gracia, Luis Diaz y Oscar Trejo Mart\u00ednez al igual que otra veintena de penalistas, civilistas y laboristas, tambi\u00e9n se sumaron al jolgorio.<\/p>\n<p>Presente tambi\u00e9n desde temprana hora se capt\u00f3 al diputado Armando Javier Zertuche Zuani, militantes de MORENA como Juan Larumbe y la diputada suplente Olga V\u00e9lez. tambi\u00e9n estuvieron entre los m\u00faltiples asistentes a donde no faltaron tambi\u00e9n otros activistas de oposici\u00f3n como el fundador del Partido del Trabajo, Oscar Milton Azuara,<\/p>\n<p><img loading=\"lazy\" decoding=\"async\" class=\"aligncenter wp-image-217890 size-full\" src=\"https:\/\/www.elsinodaldetamaulipas.com.mx\/wp-content\/uploads\/2026\/01\/NUEVA-8.jpg\" alt=\"\" width=\"894\" height=\"487\" srcset=\"https:\/\/www.elsinodaldetamaulipas.com.mx\/wp-content\/uploads\/2026\/01\/NUEVA-8.jpg 894w, https:\/\/www.elsinodaldetamaulipas.com.mx\/wp-content\/uploads\/2026\/01\/NUEVA-8-300x163.jpg 300w, https:\/\/www.elsinodaldetamaulipas.com.mx\/wp-content\/uploads\/2026\/01\/NUEVA-8-768x418.jpg 768w\" sizes=\"auto, (max-width: 894px) 100vw, 894px\" \/><\/p>\n<p style=\"text-align: center;\"><strong>AMIGOS PERIODISTAS<\/strong><\/p>\n<p>\u00a0\u00a0\u00a0\u00a0\u00a0\u00a0\u00a0\u00a0\u00a0\u00a0\u00a0\u00a0\u00a0\u00a0\u00a0 Marcelo recibi\u00f3 tambi\u00e9n la felicitaci\u00f3n de m\u00faltiples representantes de medios de comunicaci\u00f3n como Ren\u00e9 Avil\u00e9s Rosales, Rodolfo Mart\u00ednez Galv\u00e1n, Juan Gilberto Banda, Juan Carlos Rodr\u00edguez Terrazas, Layza Reyna, Angelica Arredondo Arrambide, Paquito Medina, Israel Cruz, \u201cPipo\u201d Morales, Mimo Briones, Andrea Salazar, Lupito Castorena, Noe Gea Jr, Bertha Saucedo y los locutores Angel Ortiz \u00abEl Mu\u00f1eco\u00bb, Roberto Carlos \u00abEl Esc\u00e1ndalo\u00bb y \u00abLalo\u00bb Hern\u00e1ndez, entre much\u00edsimos m\u00e1s.<\/p>\n<p>Muy notoria la presencia del Presidente de la Asociaci\u00f3n de Derechos Humanos Internacionales con su l\u00edder nacional el abogado Juan Carlos Abrego Guti\u00e9rrez, y muchos integrantes de este din\u00e1mico organismo no gubernamental, diseminados en varias mesas del espacioso recinto.<\/p>\n<p><img loading=\"lazy\" decoding=\"async\" class=\"aligncenter wp-image-217891 size-full\" src=\"https:\/\/www.elsinodaldetamaulipas.com.mx\/wp-content\/uploads\/2026\/01\/NUEVA-9.jpg\" alt=\"\" width=\"894\" height=\"487\" srcset=\"https:\/\/www.elsinodaldetamaulipas.com.mx\/wp-content\/uploads\/2026\/01\/NUEVA-9.jpg 894w, https:\/\/www.elsinodaldetamaulipas.com.mx\/wp-content\/uploads\/2026\/01\/NUEVA-9-300x163.jpg 300w, https:\/\/www.elsinodaldetamaulipas.com.mx\/wp-content\/uploads\/2026\/01\/NUEVA-9-768x418.jpg 768w\" sizes=\"auto, (max-width: 894px) 100vw, 894px\" \/><\/p>\n<p style=\"text-align: center;\"><strong>GESTORES SOCIALES<\/strong><\/p>\n<p>\u00a0\u00a0\u00a0\u00a0\u00a0\u00a0\u00a0\u00a0\u00a0\u00a0\u00a0\u00a0\u00a0\u00a0\u00a0 Lideres y activistas de asociaciones como Creando Ayudamos \u201cTrapitos\u201d con la maestra Evita Castro Balderas al frente; don F\u00e9lix Rend\u00f3n Alejo de \u201cJuntos Rescatemos Reynosa\u201d y varios otros directivos de sus agrupaciones como Julio Mart\u00ednez Z\u00e1rate, felicitaron al cumplea\u00f1ero, en el inolvidable festejo.<\/p>\n<p>La m\u00fasica de Altanero y Nueva Aventura pusieron el toque m\u00e1gico al evento en el que tambi\u00e9n se cont\u00f3 con la participaci\u00f3n musical de la voz juvenil de Agla\u00e9 Salinas y su padre Enrique Salinas.<\/p>\n<p><img loading=\"lazy\" decoding=\"async\" class=\"aligncenter wp-image-217892 size-full\" src=\"https:\/\/www.elsinodaldetamaulipas.com.mx\/wp-content\/uploads\/2026\/01\/NUEVA-10.jpg\" alt=\"\" width=\"894\" height=\"487\" srcset=\"https:\/\/www.elsinodaldetamaulipas.com.mx\/wp-content\/uploads\/2026\/01\/NUEVA-10.jpg 894w, https:\/\/www.elsinodaldetamaulipas.com.mx\/wp-content\/uploads\/2026\/01\/NUEVA-10-300x163.jpg 300w, https:\/\/www.elsinodaldetamaulipas.com.mx\/wp-content\/uploads\/2026\/01\/NUEVA-10-768x418.jpg 768w\" sizes=\"auto, (max-width: 894px) 100vw, 894px\" \/><\/p>\n","protected":false},"excerpt":{"rendered":"<p>A m\u00e1s de una semana del suceso social persiste el eco de la grata celebraci\u00f3n &nbsp; Por Gil Vicente Galindo\/EL SINODAL DE TAMAULIPAS Reynosa, Tam.- A casi una semana del acontecimiento donde un amplio mosaico de personalidades de todos los estratos sociales de la ciudad, acompa\u00f1aron en la tradicional celebraci\u00f3n del cumplea\u00f1os al abogado Marcelo [&hellip;]<\/p>\n","protected":false},"author":1,"featured_media":217883,"comment_status":"closed","ping_status":"closed","sticky":false,"template":"","format":"standard","meta":{"footnotes":""},"categories":[1,2],"tags":[],"class_list":["post-217882","post","type-post","status-publish","format-standard","has-post-thumbnail","hentry","category-portada","category-reynosa"],"_links":{"self":[{"href":"https:\/\/www.elsinodaldetamaulipas.com.mx\/index.php?rest_route=\/wp\/v2\/posts\/217882","targetHints":{"allow":["GET"]}}],"collection":[{"href":"https:\/\/www.elsinodaldetamaulipas.com.mx\/index.php?rest_route=\/wp\/v2\/posts"}],"about":[{"href":"https:\/\/www.elsinodaldetamaulipas.com.mx\/index.php?rest_route=\/wp\/v2\/types\/post"}],"author":[{"embeddable":true,"href":"https:\/\/www.elsinodaldetamaulipas.com.mx\/index.php?rest_route=\/wp\/v2\/users\/1"}],"replies":[{"embeddable":true,"href":"https:\/\/www.elsinodaldetamaulipas.com.mx\/index.php?rest_route=%2Fwp%2Fv2%2Fcomments&post=217882"}],"version-history":[{"count":8,"href":"https:\/\/www.elsinodaldetamaulipas.com.mx\/index.php?rest_route=\/wp\/v2\/posts\/217882\/revisions"}],"predecessor-version":[{"id":218026,"href":"https:\/\/www.elsinodaldetamaulipas.com.mx\/index.php?rest_route=\/wp\/v2\/posts\/217882\/revisions\/218026"}],"wp:featuredmedia":[{"embeddable":true,"href":"https:\/\/www.elsinodaldetamaulipas.com.mx\/index.php?rest_route=\/wp\/v2\/media\/217883"}],"wp:attachment":[{"href":"https:\/\/www.elsinodaldetamaulipas.com.mx\/index.php?rest_route=%2Fwp%2Fv2%2Fmedia&parent=217882"}],"wp:term":[{"taxonomy":"category","embeddable":true,"href":"https:\/\/www.elsinodaldetamaulipas.com.mx\/index.php?rest_route=%2Fwp%2Fv2%2Fcategories&post=217882"},{"taxonomy":"post_tag","embeddable":true,"href":"https:\/\/www.elsinodaldetamaulipas.com.mx\/index.php?rest_route=%2Fwp%2Fv2%2Ftags&post=217882"}],"curies":[{"name":"wp","href":"https:\/\/api.w.org\/{rel}","templated":true}]}}