{"id":218040,"date":"2026-01-28T20:41:19","date_gmt":"2026-01-29T00:41:19","guid":{"rendered":"https:\/\/www.elsinodaldetamaulipas.com.mx\/?p=218040"},"modified":"2026-01-28T20:41:19","modified_gmt":"2026-01-29T00:41:19","slug":"sesuda-investigacion-exonera-a-hijo-de-amlo","status":"publish","type":"post","link":"https:\/\/www.elsinodaldetamaulipas.com.mx\/?p=218040","title":{"rendered":"SESUDA INVESTIGACI\u00d3N EXONERA A HIJO DE AMLO"},"content":{"rendered":"<p>UNA ESTRELLA M\u00c1S A LA FRENTE DE AM\u00c9RICO<br \/>\nMANUEL NO NECESITA VEJIGAS<br \/>\n*Creo que miles de mexicanos, me incluyo, no creen el dictamen final de la \u00abexhaustiva y sesuda\u00bb investigaci\u00f3n que realiz\u00f3 la fiscal\u00eda General de la Rep\u00fablica que titula ERNESTINA GODOY, y que arroj\u00f3 como resultado que el descarrilamiento del tren \u201cInteroce\u00e1nico\u201d, que dej\u00f3 14 muertos, se debi\u00f3 a exceso de velocidad.<br \/>\nTuvo que pasar un mes para que los muy preparados peritos de la fiscal\u00eda tuvieran ese resultado final.<br \/>\nLas primeras investigaciones revelaron que el exceso de velocidad en un tren es mucho m\u00e1s peligroso que en un veh\u00edculo convencional, por lo que las autoridades ya ejercen acci\u00f3n penal por la probable comisi\u00f3n de los delitos de homicidio culposo y lesiones culposas, y que hay una persona detenida, claro el maquinista.<br \/>\nLa fiscal Godoy dej\u00f3 claro que la v\u00eda estaba en condiciones \u00f3ptimas y no se encontraron da\u00f1os en los componentes de la superestructura y subestructura ferroviaria; como rieles, fijaciones, durmientes o balasto.<br \/>\nCon ello queda libre de toda culpa el supervisor honorario GONZALO L\u00d3PEZ BELTR\u00c1N, que era de esperarse porque es el hijo de ANDR\u00c9S MANUEL L\u00d3PEZ OBRADOR.<br \/>\nLas investigaciones contin\u00faan para deslindar responsabilidades penales y administrativas en uno de los accidentes ferroviarios m\u00e1s graves de la historia reciente del pa\u00eds.<br \/>\n\u201cLa Cuatrot\u00e9\u201d bien que le pica los ojos al pueblo sabio de M\u00e9xico porque salen con inventivas que ni en su momento estelar las cre\u00f3 el Partido Revolucionario Institucional.<br \/>\nHay que quitarse el sombrero ante \u201cLa Cuatrot\u00e9\u201d, en serio.<br \/>\nPor cierto, las v\u00edctimas del descarrilamiento acusaron a las autoridades que llevan el caso de omisiones en la investigaci\u00f3n y exigieron acceso al expediente luego de que la fiscal\u00eda federal sac\u00f3 su sesudo dictamen: Todo por exceso de velocidad.<br \/>\nY la sesuda fiscal\u00eda encontr\u00f3 que el d\u00eda del accidente el maquinista y el conductor del tren \u201cInteroce\u00e1nico\u201d, dos de los tres imputados, no contaban con licencia federal ferroviaria vigente y, por tanto, no estaban facultados para ejercer el cargo.<br \/>\nHay que echarle todas las garrapatas a los jodidos, pues mira.<br \/>\nCreo que lo de Aburto les queda chico.<br \/>\n*UN RECONOCIMIENTO muy merecido recibi\u00f3 el gobernador AM\u00c9RICO VILLARREAL ANAYA, por su labor y compromiso con el desarrollo econ\u00f3mico del estado y del pa\u00eds.<br \/>\nSe dio en Suelo Victorense en el marco del lanzamiento del programa \u201cviernes muy mexicano\u201d, por parte de la Confederaci\u00f3n Nacional de C\u00e1maras de Comercio, Servicios y Turismo que preside OCTAVIO DE LA TORRE STEFFANO, que le entreg\u00f3 el galard\u00f3n, denominado \u201cYacatecuhtli\u201d, es el tercero que la Concanaco ha otorgado al gobernador Villarreal Anaya, hecho que refleja el orgullo y la confianza en su trabajo.<br \/>\nTras agradecer la distinci\u00f3n del reconocimiento recibido, que se suma al de \u201cHecho en Tamaulipas\u201d y al de \u201cTamaulipas Seguro Te Enamora\u201d, el jefe del Ejecutivo estatal dijo que se apoya este tipo de iniciativas del organismo empresarial, que impulsan y valoran el desarrollo y crecimiento de lo mexicano.<br \/>\nDijo: \u201cLa oportunidad que hemos abierto a trav\u00e9s de programas como Impulso, que se han tenido con Nacional Financiera, los programas que tenemos a trav\u00e9s del Fondo Tamaulipas, que otorga cr\u00e9ditos a las MIPYME y a las micro PYMES para que se desarrollen; estamos conscientes del esfuerzo y el entusiasmo de nuestra gene y que, aparte de ello, tenemos la mayor fuente de empleo y buscamos c\u00f3mo poder alentar que siga creciendo esa situaci\u00f3n y que se favorezca y tengamos esa certidumbre, como ahora con los programas que nos trajo la presidenta\u201d.<br \/>\nEl doctor gobernador volvi\u00f3 a tener un encuentro con los representantes de los medios de comunicaci\u00f3n ante quienes hizo un balance de la visita que realiz\u00f3 la presidenta CLAUDIA SHEINBAUM PARDO, afirmando que en Tamaulipas existe rumbo y hay coordinaci\u00f3n con el gobierno federal, a la vez que destac\u00f3 el apoyo de los programas presidenciales que este a\u00f1o representan una inversi\u00f3n de 24 mil 545 millones de pesos en beneficio de 866 mil 424 tamaulipecos y tamaulipecas, as\u00ed como las inversiones millonarias en obras de salud, seguridad, movilidad, vivienda, energ\u00eda e infraestructura hidr\u00e1ulica.<br \/>\nAsegur\u00f3 que la del fin de semana no solo fue una gira institucional, sino un recorrido cargado de significado pol\u00edtico y social, ya que los acuerdos reflejan con claridad los dos pilares que distinguen a la Cuarta Transformaci\u00f3n: Justicia y bienestar.<br \/>\nY expres\u00f3: \u201cEsa es la visi\u00f3n que ha planteado la presidenta y que en Tamaulipas asumimos con responsabilidad. Se trata de gobernar para que el desarrollo llegue a la vida cotidiana de las y los tamaulipecos, con equidad, con dignidad y con un profundo sentido humano\u201d.<br \/>\nLo acompa\u00f1aron varios funcionarios de su gabinete quienes destacaron los diversos rubros en los que le va ir bien a Tamaulipas, y que en su momento los anunci\u00f3 la presidenta Sheinbaum.<br \/>\n*A MI NO ME lo crea, pero en una de esas en el jaloneo que se trae Morena con el Partido Verde Ecologista por la iniciativa presidencial para la nueva Reforma Electoral; el Tuc\u00e1n Tamaulipeco logra algo bueno, y eso bien que lo sabe su l\u00edder estatal MANUEL MU\u00d1OZ CANO, y muy al pendiente la senadora MAKI ORTIZ DOM\u00cdNGUEZ y la paisana diputada federal CASANDRA DE LOS SANTOS FLORES.<br \/>\nEstas tres figuras Tamaulipecas, que llevan bien metido en su coraz\u00f3n el Verde Ecologista, est\u00e1n apostando alto porque por fin este instituto pol\u00edtico consiga algo importante y valioso en Tamaulipas.<br \/>\nY en esto est\u00e1 Manuel, que ha acrecentado su figura pol\u00edtica gracias a los desfiguros que ha hecho el presidente del Congreso del Estado HUMBERTO PRIETO HERRERA.<br \/>\nManuel no necesita de ello porque capital pol\u00edtico siempre lo ha tenido y bien cimentado; pero si se da la ayuda de Humberto, pues que se d\u00e9.<br \/>\nDe verdad no necesita vejigas para nadar.<br \/>\n*SI ES IMPORTANTE, dejarlo claro, Suelo Neolaredense fue designado como sede central de la Agencia Nacional de Aduanas de M\u00e9xico por ser la aduana m\u00e1s din\u00e1mica del pa\u00eds y la de mayor peso en t\u00e9rminos de recaudaci\u00f3n fiscal, y eso lo confirm\u00f3 en su reciente visita la presidenta CLAUDIA SHEINBAUM PARDO, ya que esta aporta alrededor del 33 por ciento del total de ingresos generados por las aduanas terrestres, cifra que la posiciona como un eje estrat\u00e9gico para las finanzas p\u00fablicas y el comercio exterior del pa\u00eds.<br \/>\nEl titular de esta dependencia federal RAFAEL MAR\u00cdN MOLLINEDO, destac\u00f3 que esta nueva sede de la Agencia Nacional de Aduanas de M\u00e9xico representa un paso firme en el fortalecimiento institucional del estado mexicano y en la modernizaci\u00f3n de una funci\u00f3n estrat\u00e9gica para nuestra econom\u00eda y nuestra seguridad del territorio nacional.<br \/>\nLa presidenta municipal CARMEN LILIA CANTUROSAS VILLARREAL, subray\u00f3 que este logro es producto del trabajo coordinado y de una visi\u00f3n de largo plazo para la ciudad; \u201cNuevo Laredo ha construido su liderazgo aduanero con esfuerzo, visi\u00f3n y resultados. Hoy no solo somos la principal aduana de M\u00e9xico; somos una ciudad que ha generado las condiciones para seguir impulsando el comercio exterior con legalidad, eficiencia y responsabilidad, en coordinaci\u00f3n con los tres niveles de gobierno.<br \/>\nAgradecemos a la presidenta Sheinbaum y al gobernador Villarreal Anaya, todo su respaldo para cristalizar este proyecto\u201d.<br \/>\nDestac\u00f3 que otros proyectos como la ampliaci\u00f3n del Puente Nuevo Laredo III, incrementar\u00e1 su capacidad operativa de 8 a 18 carriles exclusivos para carga, fortaleciendo a\u00fan m\u00e1s su posici\u00f3n como el principal cruce comercial entre M\u00e9xico y Estados Unidos.<br \/>\nAgregando que m\u00e1s all\u00e1 de la infraestructura, la consolidaci\u00f3n de Nuevo Laredo como la mejor aduana de M\u00e9xico es resultado de una gesti\u00f3n municipal que ha generado gobernabilidad, certeza institucional y condiciones propicias para la inversi\u00f3n y la coordinaci\u00f3n intergubernamental.<br \/>\n*SE EST\u00c1 poniendo grosero en Partido del Trabajo con su aliado Morena, por lo pronto ya se rompieron las vestimentas y las u\u00f1as en Oaxaca.<br \/>\nY mire usted, lo que para el gobernador SALOM\u00d3N JARA CRUZ, fue una participaci\u00f3n hist\u00f3rica por la consulta de revocaci\u00f3n de mandato porque colocaba esa entidad como protagonista de la transformaci\u00f3n de la vida p\u00fablica de M\u00e9xico, termin\u00f3 siendo un esc\u00e1ndalo nacional e internacional por exhibir que su gobierno recurri\u00f3 a las viejas pr\u00e1cticas de compra y coacci\u00f3n del voto, derroche de recursos p\u00fablicos, amenazas, intimidaciones y coptaci\u00f3n de los \u00f3rganos electorales.<br \/>\nS\u00famele que se profundiz\u00f3 la ruptura en \u201cLa Cuatrot\u00e9\u201d, con la separaci\u00f3n definitiva del Partido del Trabajo que ya desconoci\u00f3 a Salom\u00f3n, como gobernador y hasta lo ha tachado de ser un narcogobernador.<br \/>\nCon esos aliados.<br \/>\n*HAY QUE ESTAR en todo, la Universidad Aut\u00f3noma de Tamaulipas anunci\u00f3 la convocatoria para integrar la Brigada de Primeros Auxilios Psicol\u00f3gicos, iniciativa orientada a fortalecer la atenci\u00f3n y el acompa\u00f1amiento emocional de la comunidad universitaria; el rector D\u00c1MASO ANAYA ALVARDO, dijo que este proyecto, promovido por la Unidad Acad\u00e9mica de Trabajo Social y Ciencias para el Desarrollo Humano, busca formar brigadistas capacitados para brindar contenci\u00f3n en situaciones de crisis bajo un enfoque \u00e9tico y humano.<br \/>\nPor lo que hizo una atenta invitaci\u00f3n a estudiantes, docentes y personal administrativo a participar en esta formaci\u00f3n, que incluye un curso de 60 horas sobre primeros auxilios psicol\u00f3gicos, protocolos de intervenci\u00f3n, herramientas pr\u00e1cticas, simulacros y estrategias de autocuidado.<br \/>\nCon ello se busca que las y los participantes desarrollen habilidades para brindar apoyo inmediato, acompa\u00f1amiento emocional y canalizaci\u00f3n adecuada, contribuyendo a la construcci\u00f3n de entornos universitarios m\u00e1s seguros y con mayores capacidades de atenci\u00f3n ante situaciones de crisis.<br \/>\n*SUELO Matamorense est\u00e1 de manteles largos por su 200 aniversario de su fundaci\u00f3n por lo que estuvo de visita de honor el secretario Estatal de Finanzas CARLOS IR\u00c1N RAM\u00cdREZ GONZ\u00c1LEZ, para en representaci\u00f3n del gobernador AM\u00c9RICO VILLARREAL ANAYA; y en compa\u00f1\u00eda del presidente municipal ALBERTO GRANADOS, encabezar la tercera sesi\u00f3n solemne del cabildo.<br \/>\nEl alcalde Granados, destac\u00f3 que Matamoros ha atravesado diversas transformaciones a lo largo de su historia, procesos que han forjado la identidad, fortaleza y car\u00e1cter de la ciudad que hoy orgullosamente habitan sus ciudadanos, al tiempo de presentar una propuesta que ser\u00e1 sometida a consideraci\u00f3n en la pr\u00f3xima sesi\u00f3n de Cabildo, la cual contempla destinar un espacio p\u00fablico ubicado en la intersecci\u00f3n de la avenida \u201cCanales\u201d y Universidad\u201d\u201d para la construcci\u00f3n de un Muro de Honor, donde se plasmar\u00e1n los nombres de los bomberos ca\u00eddos de Matamoros.<br \/>\nDijo con orgullo: \u201cMatamoros reconoce, agradece y mantiene viva la memoria de quienes protegieron a su gente hasta el \u00faltimo aliento: El subcomandante Osvaldo Javier Cedillo L\u00f3pez, el capit\u00e1n Instructor \u00c1ngel Gustavo Acu\u00f1a Hern\u00e1ndez y el bombero Primero Carlos Emmanuel Hern\u00e1ndez Che\u201d.<br \/>\nHonor a quien honor merece.<br \/>\n*PORQUE a\u00fan hay tiempo no se le pase felicitar este mi\u00e9rcoles con motivo de sus cumplea\u00f1os a mi prima SARA BARRIOS ROMERO, a nuestra apreciada amiga LUPITA FERN\u00c1NDEZ; a mi sobrino JUAN JOS\u00c9 S\u00c1NCHEZ BARRERA; al periodista de Suelo Matamorense \u00c1NGEL VIRGEN; a MAURICIO DUARTE y al milloneta y consentido de \u201cLa Cuatrot\u00e9\u201d CARLOS SLIM.<br \/>\nUn monumental abrazo y que vengan muchos m\u00e1s.<br \/>\nVolveremos, HL\u2026D\u2026M<br \/>\nCorreo electr\u00f3nico: barre283@hotmail.com<\/p>\n","protected":false},"excerpt":{"rendered":"<p>UNA ESTRELLA M\u00c1S A LA FRENTE DE AM\u00c9RICO MANUEL NO NECESITA VEJIGAS *Creo que miles de mexicanos, me incluyo, no creen el dictamen final de la \u00abexhaustiva y sesuda\u00bb investigaci\u00f3n que realiz\u00f3 la fiscal\u00eda General de la Rep\u00fablica que titula ERNESTINA GODOY, y que arroj\u00f3 como resultado que el descarrilamiento del tren \u201cInteroce\u00e1nico\u201d, que dej\u00f3 [&hellip;]<\/p>\n","protected":false},"author":1,"featured_media":216294,"comment_status":"closed","ping_status":"closed","sticky":false,"template":"","format":"standard","meta":{"footnotes":""},"categories":[16],"tags":[],"class_list":["post-218040","post","type-post","status-publish","format-standard","has-post-thumbnail","hentry","category-opinion"],"_links":{"self":[{"href":"https:\/\/www.elsinodaldetamaulipas.com.mx\/index.php?rest_route=\/wp\/v2\/posts\/218040","targetHints":{"allow":["GET"]}}],"collection":[{"href":"https:\/\/www.elsinodaldetamaulipas.com.mx\/index.php?rest_route=\/wp\/v2\/posts"}],"about":[{"href":"https:\/\/www.elsinodaldetamaulipas.com.mx\/index.php?rest_route=\/wp\/v2\/types\/post"}],"author":[{"embeddable":true,"href":"https:\/\/www.elsinodaldetamaulipas.com.mx\/index.php?rest_route=\/wp\/v2\/users\/1"}],"replies":[{"embeddable":true,"href":"https:\/\/www.elsinodaldetamaulipas.com.mx\/index.php?rest_route=%2Fwp%2Fv2%2Fcomments&post=218040"}],"version-history":[{"count":1,"href":"https:\/\/www.elsinodaldetamaulipas.com.mx\/index.php?rest_route=\/wp\/v2\/posts\/218040\/revisions"}],"predecessor-version":[{"id":218053,"href":"https:\/\/www.elsinodaldetamaulipas.com.mx\/index.php?rest_route=\/wp\/v2\/posts\/218040\/revisions\/218053"}],"wp:featuredmedia":[{"embeddable":true,"href":"https:\/\/www.elsinodaldetamaulipas.com.mx\/index.php?rest_route=\/wp\/v2\/media\/216294"}],"wp:attachment":[{"href":"https:\/\/www.elsinodaldetamaulipas.com.mx\/index.php?rest_route=%2Fwp%2Fv2%2Fmedia&parent=218040"}],"wp:term":[{"taxonomy":"category","embeddable":true,"href":"https:\/\/www.elsinodaldetamaulipas.com.mx\/index.php?rest_route=%2Fwp%2Fv2%2Fcategories&post=218040"},{"taxonomy":"post_tag","embeddable":true,"href":"https:\/\/www.elsinodaldetamaulipas.com.mx\/index.php?rest_route=%2Fwp%2Fv2%2Ftags&post=218040"}],"curies":[{"name":"wp","href":"https:\/\/api.w.org\/{rel}","templated":true}]}}