{"id":218041,"date":"2026-01-28T20:44:09","date_gmt":"2026-01-29T00:44:09","guid":{"rendered":"https:\/\/www.elsinodaldetamaulipas.com.mx\/?p=218041"},"modified":"2026-01-28T20:44:09","modified_gmt":"2026-01-29T00:44:09","slug":"%c2%a8no-todos-los-caminos-van-a-roma-%c2%a8","status":"publish","type":"post","link":"https:\/\/www.elsinodaldetamaulipas.com.mx\/?p=218041","title":{"rendered":"\u00a8NO TODOS LOS CAMINOS VAN A ROMA&#8230;\u00a8"},"content":{"rendered":"<div class=\"post-content\">\n<p>LOS HECHOS<br \/>\nPOR Jos\u00e9 In\u00e9s Figueroa Vitela<\/p>\n<p>Reza el dicho que \u201ctodos los caminos conducen a Roma\u201d; \u201c\u00a1ya no!\u201d, dijo aquel.<br \/>\nEn el recuento de los saldos que dej\u00f3 a Tamaulipas la visita y gesti\u00f3n de la Presidenta de la<br \/>\nRep\u00fablica CLAUDIA SHEINBAUM PARDO, encabezado por el Gobernador AM\u00c9RICO<br \/>\nVILLARREAL ANAYA, con parte de su equipo, as\u00ed qued\u00f3 establecido.<br \/>\nLas obras en proceso y por iniciar, precisamente programadas, que entreg\u00f3, visit\u00f3 y anunci\u00f3 la<br \/>\nPrimera Mandataria del pa\u00eds el pasado fin de semana, hablando de inversiones, suman<br \/>\ndecenas de miles de millones de pesos.<br \/>\nPol\u00edticamente, inserta a Tamaulipas en el desarrollo nacional en condici\u00f3n de privilegio. Y<br \/>\nan\u00edmicamente, nos deja pensando, con optimismo, en un futuro promisorio muy pr\u00f3ximo,<br \/>\nexpres\u00f3 el Ejecutivo estatal a la luz de los hechos, las cifras, las proyecciones.<br \/>\nEn el origen, la carretera M\u00e9xico-Laredo, que entra por el extremo noroccidental y cruza el<br \/>\ncentro y sur de la geograf\u00eda estatal, era la ruta central que animaba el devenir cotidiano de la<br \/>\npatria.<br \/>\nLuego se hicieron las autopistas que manteniendo la entrada por Nuevo Laredo, de Monterrey,<br \/>\nllevaron a Saltillo, San Luis, Quer\u00e9taro y la Ciudad de M\u00e9xico el grueso del tr\u00e1nsito terrestre<br \/>\nnacional.<br \/>\nEn el proceso modernizador de las v\u00edas de comunicaci\u00f3n y sistemas de transporte emprendido<br \/>\npor el Gobierno de la Cuarta Transformaci\u00f3n, Tamaulipas reivindica su rol trascendente en el<br \/>\nconcierto del desarrollo nacional.<br \/>\nAc\u00e1 nace y desemboca la nueva ruta del Golfo, que va a desfogar la saturada y problem\u00e1tica<br \/>\nl\u00ednea que pasa por San Luis Potos\u00ed, donde un d\u00eda s\u00ed y otro tambi\u00e9n, hay accidentes aparatosos,<br \/>\nobras, manifestaciones, que obstruyen y retardan por muchas horas el tr\u00e1nsito de mercanc\u00edas y<br \/>\npersonas con todos los inconveniente y p\u00e9rdidas econ\u00f3micas que le acompa\u00f1an.<br \/>\nLas obras de ampliaci\u00f3n, modernizaci\u00f3n y equipamiento en las arterias carreteras<br \/>\ntamaulipecas, permitir\u00e1n que incluso el tr\u00e1fico de Nuevo Laredo siga la l\u00ednea de la Ribere\u00f1a<br \/>\n\u2014ah\u00ed se insertan garantes las estaciones seguras que construye el Estado-, para sumarse al<br \/>\nde Reynosa y Matamoros, para seguir por Victoria, Gonz\u00e1lez y Tampico, a todo lo que va y<br \/>\nviene al, y del centro, sur y sureste del pa\u00eds.<br \/>\nLos usuarios de las l\u00edneas de transporte que ocasionalmente siguen este trayecto, cuando hay<br \/>\nreportes a tiempo de obstrucciones por el otro, han comprobado que ya se llega m\u00e1s r\u00e1pido a<br \/>\nla Ciudad de M\u00e9xico por Tampico, que por San Luis, aun sin haber obstrucciones.<br \/>\nTambi\u00e9n el transporte transfronterizo v\u00eda Saltillo, que va a los puertos del sur tamaulipeco,<br \/>\npronto encontrar\u00e1n una ruta m\u00e1s r\u00e1pida, amplia y segura, con la nueva s\u00faper carretera Mante-<br \/>\nOcampo-Tula.<br \/>\nTodos los caminos, ahora, est\u00e1n conduciendo a Tamaulipas.<br \/>\nLa gira presidencial, tambi\u00e9n se habl\u00f3 de ello en la conferencia, fue ocasi\u00f3n para que el<br \/>\nGobernador le hablara, entre otros, de la culminaci\u00f3n del otro \u201cpuente roto\u201d, el de Mainero, que<br \/>\ntambi\u00e9n fue dejado al garete por la corrupci\u00f3n prianista hace d\u00e9cadas y la doctora<br \/>\nSHEINBAUM autoriz\u00f3 la obra;<\/p>\n<p>ahora se contar\u00e1 como un \u201cimposible\u201d m\u00e1s remontado por AM\u00c9RICO.<br \/>\nIgual como ser\u00e1 la construcci\u00f3n del colector de Monterrey, para pagar la deuda hist\u00f3rica de<br \/>\nNuevo Le\u00f3n con Tamaulipas y que este flujo fortalezca los consumos en riego, donde igual se<br \/>\ninvierten miles de millones para evitar desperdicios y usar t\u00e9cnicas para mejor aprovechar el<br \/>\nvital l\u00edquido, en crisis globales de disposici\u00f3n para el consumo humano.<br \/>\nLa ampliaci\u00f3n a m\u00e1s del doble de sus carriles del puente Nuevo Laredo 3, la disposici\u00f3n total<br \/>\npara el 4 y 5 de all\u00e1 mismo, la sede nacional de aduanas, el gasoducto de Reynosa, el<br \/>\nacueducto de Victoria, la ampliaci\u00f3n del puente Reynosa-Pharr, las viviendas de a miles para<br \/>\nfamilias de escasos recursos, el transporte conurbado del sur.<br \/>\nSolo la sede nacional de aduanas, en Nuevo Laredo, signific\u00f3 miles de millones de pesos,<br \/>\nmiles de empleos en construcci\u00f3n y otros tantos en operaci\u00f3n, por encima del valor mismo de<br \/>\nconcentrar aqu\u00ed la principal entidad generadora de ingresos para el mercado mexicano, s\u00edmbolo<br \/>\nde seguridad y soberan\u00eda en el concierto interno e internacional.<br \/>\nAs\u00ed fue ponderado por la Presidenta y as\u00ed lo asumimos los tamaulipecos, como mexicanos en<br \/>\nlos que se conf\u00eda desde el centro y con decisi\u00f3n respondemos desde provincia, reivindic\u00f3 el<br \/>\nGobernador y su equipo.<br \/>\nLa lista de obras de inversi\u00f3n federal, combinada de la federaci\u00f3n con el estado y de todas sus<br \/>\ncombinaciones con los municipios, see vuelven interminables, algunas de ellas referidas en la<br \/>\nexposici\u00f3n de ayer.<br \/>\nLa seguridad es de que, vamos bien y nos va a ir mejor.<br \/>\nCualquier duda ya qued\u00f3 despejada.<\/p>\n<\/div>\n","protected":false},"excerpt":{"rendered":"<p>LOS HECHOS POR Jos\u00e9 In\u00e9s Figueroa Vitela Reza el dicho que \u201ctodos los caminos conducen a Roma\u201d; \u201c\u00a1ya no!\u201d, dijo aquel. En el recuento de los saldos que dej\u00f3 a Tamaulipas la visita y gesti\u00f3n de la Presidenta de la Rep\u00fablica CLAUDIA SHEINBAUM PARDO, encabezado por el Gobernador AM\u00c9RICO VILLARREAL ANAYA, con parte de su [&hellip;]<\/p>\n","protected":false},"author":1,"featured_media":216965,"comment_status":"closed","ping_status":"closed","sticky":false,"template":"","format":"standard","meta":{"footnotes":""},"categories":[16],"tags":[],"class_list":["post-218041","post","type-post","status-publish","format-standard","has-post-thumbnail","hentry","category-opinion"],"_links":{"self":[{"href":"https:\/\/www.elsinodaldetamaulipas.com.mx\/index.php?rest_route=\/wp\/v2\/posts\/218041","targetHints":{"allow":["GET"]}}],"collection":[{"href":"https:\/\/www.elsinodaldetamaulipas.com.mx\/index.php?rest_route=\/wp\/v2\/posts"}],"about":[{"href":"https:\/\/www.elsinodaldetamaulipas.com.mx\/index.php?rest_route=\/wp\/v2\/types\/post"}],"author":[{"embeddable":true,"href":"https:\/\/www.elsinodaldetamaulipas.com.mx\/index.php?rest_route=\/wp\/v2\/users\/1"}],"replies":[{"embeddable":true,"href":"https:\/\/www.elsinodaldetamaulipas.com.mx\/index.php?rest_route=%2Fwp%2Fv2%2Fcomments&post=218041"}],"version-history":[{"count":1,"href":"https:\/\/www.elsinodaldetamaulipas.com.mx\/index.php?rest_route=\/wp\/v2\/posts\/218041\/revisions"}],"predecessor-version":[{"id":218054,"href":"https:\/\/www.elsinodaldetamaulipas.com.mx\/index.php?rest_route=\/wp\/v2\/posts\/218041\/revisions\/218054"}],"wp:featuredmedia":[{"embeddable":true,"href":"https:\/\/www.elsinodaldetamaulipas.com.mx\/index.php?rest_route=\/wp\/v2\/media\/216965"}],"wp:attachment":[{"href":"https:\/\/www.elsinodaldetamaulipas.com.mx\/index.php?rest_route=%2Fwp%2Fv2%2Fmedia&parent=218041"}],"wp:term":[{"taxonomy":"category","embeddable":true,"href":"https:\/\/www.elsinodaldetamaulipas.com.mx\/index.php?rest_route=%2Fwp%2Fv2%2Fcategories&post=218041"},{"taxonomy":"post_tag","embeddable":true,"href":"https:\/\/www.elsinodaldetamaulipas.com.mx\/index.php?rest_route=%2Fwp%2Fv2%2Ftags&post=218041"}],"curies":[{"name":"wp","href":"https:\/\/api.w.org\/{rel}","templated":true}]}}