{"id":218043,"date":"2026-01-28T19:43:04","date_gmt":"2026-01-28T23:43:04","guid":{"rendered":"https:\/\/www.elsinodaldetamaulipas.com.mx\/?p=218043"},"modified":"2026-01-28T19:43:04","modified_gmt":"2026-01-28T23:43:04","slug":"es-tiempo-de-la-barredora","status":"publish","type":"post","link":"https:\/\/www.elsinodaldetamaulipas.com.mx\/?p=218043","title":{"rendered":"ES TIEMPO DE LA BARREDORA"},"content":{"rendered":"<div class=\"post-content\">\n<p>EL PATINADERO<br \/>\nJuan Antonio Montoya B\u00e1ez<\/p>\n<p>&nbsp;<\/p>\n<p>A la administraci\u00f3n del gobernador\u00a0AM\u00c9RICO VILLARREAL ANAYA\u00a0le restan exactamente mil d\u00edas. El mandatario tiene la intenci\u00f3n de cerrar a tambor batiente, buscando corregir pifias y consolidar los logros de la primera mitad del sexenio.<\/p>\n<p>Sin embargo, para que el cierre no sea un simple simulacro, AMERICO est\u00e1 obligado a mover sus piezas; de lo contrario, seguir\u00e1 estancado en los mismos n\u00fameros, incapaz de aterrizar su proyecto de gobierno.<\/p>\n<p>Es innegable el respaldo que recibi\u00f3 de la presidenta\u00a0CLAUDIA SHEINBAUM PARDO.<\/p>\n<p>La amistad es de a\u00f1os, pero en pol\u00edtica los gestos pesan m\u00e1s que las palabras. Claudia recorre la entidad mandando se\u00f1ales claras: busca consolidar la 4T que le hered\u00f3\u00a0ANDR\u00c9S MANUEL L\u00d3PEZ OBRADOR, aunque el regalo no vino sin espinas. La presidenta nada en un estanque de tiburones donde, desde diversos frentes, le alborotan a las fieras para atacarla.<\/p>\n<p>SHEINBAUM sabe perfectamente qui\u00e9nes son sus aliados reales y qui\u00e9nes son los contrincantes disfrazados de amigos que se desgastan aceleradamente. Reconoce en AM\u00c9RICO a un aliado fiel, pero tambi\u00e9n marca la directriz: en su proyecto nacional, la armon\u00eda y la unidad no son opcionales, son requisitos.<\/p>\n<p>La visita de CLAUDIA a Tamaulipas en este enero de 2026 no fue solo un desfile de cortes\u00edas; fue un espaldarazo econ\u00f3mico brutal. Dej\u00f3 sobre la mesa programas y obras que representan una inversi\u00f3n de\u00a024 mil 545 millones de pesos, destinados a casi un mill\u00f3n de tamaulipecos. Los rubros son cr\u00edticos: salud, seguridad, vivienda e infraestructura hidr\u00e1ulica.<\/p>\n<p>Tras la gira, el gobernador \u2014acompa\u00f1ado por un gabinete que deber\u00eda estar tomando nota\u2014 inform\u00f3 los beneficios: el\u00a0Hospital General del ISSSTE\u00a0se inaugura este mismo semestre con una inversi\u00f3n superior a los 2 mil 300 millones de pesos. Adem\u00e1s, se autorizaron fondos extra para el\u00a0Hospital IMSS-Bienestar de Madero\u00a0y proyectos ferroviarios ambiciosos como el tramo\u00a0Saltillo-Nuevo Laredo.<\/p>\n<p>En infraestructura, los n\u00fameros marean: casi 40 mil millones de pesos para el\u00a0Corredor Golfo-Norte\u00a0entre 2026 y 2030, y el programa\u00a0Bachet\u00f3n 2026\u00a0para el eje Valles-Tampico. La carretera\u00a0Mante-Ocampo-Tula\u00a0ya presume un 90 por ciento de avance y la segunda l\u00ednea del acueducto de\u00a0Ciudad Victoria\u00a0por fin toma forma con 2 mil 600 millones de pesos. Los n\u00fameros que marean al Secretario de Obras P\u00fablicas, PEDRO CEPEDA ANAYA.<\/p>\n<p>CLAUDIA, tambi\u00e9n convirti\u00f3 a Nuevo Laredo en la frontera m\u00e1s importante de M\u00e9xico fue designada oficialmente como sede nacional de la Agencia Nacional de Aduanas de M\u00e9xico (ANAM), , que coloca a esta ciudad en el centro de la seguridad nacional, la soberan\u00eda econ\u00f3mica y el desarrollo estrat\u00e9gico del pa\u00eds.<\/p>\n<p>Desde este complejo, ubicado en Nuevo Laredo, se coordinar\u00e1n las operaciones aduaneras de todo el territorio nacional, consolidando a esta frontera como la principal puerta de entrada y salida del comercio exterior de M\u00e9xico, de la mano de la alcaldesa CARMEN LILIA CANTUROSAS VILLARREAL<\/p>\n<p>El respaldo de CLAUDIA est\u00e1 ah\u00ed, en hechos y cifras. Ahora la pelota est\u00e1 en la cancha de Am\u00e9rico, quien debe entregar resultados impecables. Tiene mil d\u00edas para salvar su sexenio, pero debe entender \u2014por m\u00e1s doloroso que le resulte\u2014 que varios de sus colaboradores ya demostraron que la responsabilidad les qued\u00f3 gigante.<\/p>\n<p>No se puede gobernar con lastres. Por m\u00e1s aprecio personal que les tenga, el mandatario debe dar las gracias a quienes no dieron el ancho. Especialmente a aquellos que, descaradamente, se sirvieron con la cuchara grande. La corrupci\u00f3n, la mentira y la traici\u00f3n fueron el sello del ejercicio presupuestal de algunos secretarios que hoy ya sobran en el organigrama. Es tiempo de la barredora.<\/p>\n<p>Es el momento de echar la basura, esconderla debajo de la alfombra, es tiempo de las verg\u00fcenzas y la ca\u00edda de las divinas garzas, con todo y huevo.<\/p>\n<p>Los estorbos son cada d\u00eda m\u00e1s evidentes.<\/p>\n<p>Bueno, por hoy es todo.<br \/>\nAdi\u00f3s y aguas con los patinazos\u2026<\/p>\n<p>Contacto:<br \/>\n<a href=\"mailto:patinadero@hotmail.com\" target=\"_blank\" rel=\"noreferrer noopener\">patinadero@hotmail.com<\/a><\/p>\n<\/div>\n","protected":false},"excerpt":{"rendered":"<p>EL PATINADERO Juan Antonio Montoya B\u00e1ez &nbsp; A la administraci\u00f3n del gobernador\u00a0AM\u00c9RICO VILLARREAL ANAYA\u00a0le restan exactamente mil d\u00edas. El mandatario tiene la intenci\u00f3n de cerrar a tambor batiente, buscando corregir pifias y consolidar los logros de la primera mitad del sexenio. Sin embargo, para que el cierre no sea un simple simulacro, AMERICO est\u00e1 obligado [&hellip;]<\/p>\n","protected":false},"author":1,"featured_media":216383,"comment_status":"closed","ping_status":"closed","sticky":false,"template":"","format":"standard","meta":{"footnotes":""},"categories":[16],"tags":[],"class_list":["post-218043","post","type-post","status-publish","format-standard","has-post-thumbnail","hentry","category-opinion"],"_links":{"self":[{"href":"https:\/\/www.elsinodaldetamaulipas.com.mx\/index.php?rest_route=\/wp\/v2\/posts\/218043","targetHints":{"allow":["GET"]}}],"collection":[{"href":"https:\/\/www.elsinodaldetamaulipas.com.mx\/index.php?rest_route=\/wp\/v2\/posts"}],"about":[{"href":"https:\/\/www.elsinodaldetamaulipas.com.mx\/index.php?rest_route=\/wp\/v2\/types\/post"}],"author":[{"embeddable":true,"href":"https:\/\/www.elsinodaldetamaulipas.com.mx\/index.php?rest_route=\/wp\/v2\/users\/1"}],"replies":[{"embeddable":true,"href":"https:\/\/www.elsinodaldetamaulipas.com.mx\/index.php?rest_route=%2Fwp%2Fv2%2Fcomments&post=218043"}],"version-history":[{"count":1,"href":"https:\/\/www.elsinodaldetamaulipas.com.mx\/index.php?rest_route=\/wp\/v2\/posts\/218043\/revisions"}],"predecessor-version":[{"id":218046,"href":"https:\/\/www.elsinodaldetamaulipas.com.mx\/index.php?rest_route=\/wp\/v2\/posts\/218043\/revisions\/218046"}],"wp:featuredmedia":[{"embeddable":true,"href":"https:\/\/www.elsinodaldetamaulipas.com.mx\/index.php?rest_route=\/wp\/v2\/media\/216383"}],"wp:attachment":[{"href":"https:\/\/www.elsinodaldetamaulipas.com.mx\/index.php?rest_route=%2Fwp%2Fv2%2Fmedia&parent=218043"}],"wp:term":[{"taxonomy":"category","embeddable":true,"href":"https:\/\/www.elsinodaldetamaulipas.com.mx\/index.php?rest_route=%2Fwp%2Fv2%2Fcategories&post=218043"},{"taxonomy":"post_tag","embeddable":true,"href":"https:\/\/www.elsinodaldetamaulipas.com.mx\/index.php?rest_route=%2Fwp%2Fv2%2Ftags&post=218043"}],"curies":[{"name":"wp","href":"https:\/\/api.w.org\/{rel}","templated":true}]}}