{"id":218048,"date":"2026-01-28T19:47:21","date_gmt":"2026-01-28T23:47:21","guid":{"rendered":"https:\/\/www.elsinodaldetamaulipas.com.mx\/?p=218048"},"modified":"2026-01-28T19:47:21","modified_gmt":"2026-01-28T23:47:21","slug":"historias-pato-do-victoria","status":"publish","type":"post","link":"https:\/\/www.elsinodaldetamaulipas.com.mx\/?p=218048","title":{"rendered":"HISTORIAS PA\u00b4TO&#8230;DO  VICTORIA"},"content":{"rendered":"<p>Si alguien apuesta a que Movimiento Ciudadano no tiene rumbo ni destino, perder\u00eda bien feo la apuesta. De una forma muy discreta, pero efectiva, all\u00ed en esos terrenos en donde no se necesita ser estridente, pero s\u00ed muy claro, la mano y la operaci\u00f3n pol\u00edtica de su coordinador estatal <strong>ROBERTO LEE PONCE<\/strong> se ha visto, se ha escuchado, se ha respetado; pero sobre todo y lo m\u00e1s importante: se ha sentido.<\/p>\n<p>Lo que parec\u00eda imposible en Movimiento Ciudadano, que era unir humores, entonaciones y sentimientos, limando asperezas y enfocando las fuerzas hacia un objetivo, lo ha conseguido <strong>LEE PONCE<\/strong> demostrando su oficio pol\u00edtico.<\/p>\n<p>Los hilos sueltos y las voces \u201crebeldes\u201d que brotaron en la Capital de Tamaulipas, fueron silenciadas. Aunque no con un manotazo en la mesa, sino con una quir\u00fargica operaci\u00f3n pol\u00edtica, con un tejido fino, con un delicado hilvanado para cerrar y cicatrizar heridas; sobre todo encaminando los intereses en un mismo sendero naranja, cuyo destino es el 2027.<\/p>\n<p>Hace d\u00edas, las figuras capitalinas de Movimiento Ciudadano, sus verdaderos cuadros, los m\u00e1s importantes pues, fueron reunidos en torno a su l\u00edder estatal \u2014<strong>LEE PONCE<\/strong>\u2014, quienes hicieron eco a la invitaci\u00f3n del regidor <strong>DANIEL<\/strong> \u201c<strong>Pato<\/strong>\u201d <strong>P\u00c9REZ V\u00c1ZQUEZ<\/strong>, para acudir al sal\u00f3n del hotel Paradisse, al norte de la Capital.<\/p>\n<p>No falt\u00f3 nadie de los cuadros importantes; de esos que conocen las reglas y las formas de la pol\u00edtica naranja; los que entienden que primero es el uno, luego el dos y despu\u00e9s el tres.<\/p>\n<p>Estuvieron los que han le\u00eddo y entienden las reglas no escritas del manual de la pol\u00edtica capitalina; esos que son ajenos a la \u201cguanga pol\u00edtica precoz\u201d con la que algunos intentan \u2014fracasadamente\u2014 dar albazos. Actos que ya fueron vistos desde la Ciudad de M\u00e9xico por el coordinador nacional, <strong>JORGE \u00c1LVAREZ M\u00c1YNEZ<\/strong>, quien lo m\u00e1s probable es que se carcaje\u00f3.<\/p>\n<p>All\u00ed, en \u201cpetit comit\u00e9\u201d estaban <strong>ROBERTO LEE<\/strong>; su secretario de acuerdos, <strong>LUIS TORRE ALIY\u00c1N<\/strong>; el coordinador de Victoria, <strong>GERARDO VALDEZ TOVAR<\/strong>; la diputada local, <strong>MAYRA BENAVIDES VILLAFRANCA<\/strong> (de <strong>C\u00c1RDENAS<\/strong>); la regidora <strong>MELISSA MIRELES<\/strong>, quienes avalaron el evento del regidor <strong>DANIEL<\/strong> \u201c<strong>Pato<\/strong>\u201d <strong>P\u00c9REZ V\u00c1ZQUEZ<\/strong>\u2026 Tambi\u00e9n el alcalde de Padilla, <strong>CARLOS ERNESTO QUINTANILLA SELVERA<\/strong> y el empresario <strong>GUSTAVO C\u00c1RDENAS GUTI\u00c9RREZ<\/strong>; entre otras personalidades naranjas\u2026 Y no estaban quienes no deb\u00edan estar.<\/p>\n<p>Fue un evento muy bien manufacturado, cuidado hasta el \u00faltimo detalle, apegado al manual naranja, con apenas un centenar de personas, que en conjunto representan el centro neur\u00e1lgico (con sus familias) de Movimiento Ciudadano, en Ciudad Victoria.<\/p>\n<p>Fue un evidente destape, que tuvo el aval de la c\u00fapula estatal y por ende la de la Coordinaci\u00f3n Nacional; en donde <strong>DANIEL<\/strong> \u201c<strong>Pato<\/strong>\u201d <strong>P\u00c9REZ V\u00c1ZQUEZ<\/strong>, present\u00f3 el proyecto denominado \u201cHistorias Pa\u2019to\u2026do Victoria\u201d\u2026 un ejercicio a ras de piso, sin tantos reflectores, sin espectaculares y sin reparto de d\u00e1divas\u2026 Fue un ejercicio inteligente, bien pensado y mejor confeccionado.<\/p>\n<p>Al desmenuzar el proyecto, <strong>DANIEL P\u00c9REZ<\/strong>, a trav\u00e9s de peque\u00f1os clips, reels o videos, los capitalinos tendr\u00e1n la oportunidad de exponer su d\u00eda a d\u00eda, sus necesidades en busca de soluciones.<\/p>\n<p>\u201cHistorias Pa\u2019to\u2026do Victoria\u201d, es ponerle voz, nombre y apellidos al ciudadano de a pie. Se trata de visibilizar a la gente que no tiene micr\u00f3fono, que no tiene voz y ni reflector.<\/p>\n<p>Es un ejercicio democr\u00e1tico, s\u00ed, pero que permite el \u201csospechosismo\u201d de que <strong>DANIEL<\/strong> \u201c<strong>Pato<\/strong>\u201d <strong>P\u00c9REZ V\u00c1ZQUEZ<\/strong> ya inici\u00f3 su carrera en busca de la Alcald\u00eda de Victoria, de una forma discreta, con pies firmes, confeccionada en la sinton\u00eda de las reglas de la pol\u00edtica naranja; pero, sobre todo, recibiendo el espaldarazo de la gente indicada, de aqu\u00e9lla que avala los movimientos naranjas\u2026 \u00a1<strong><em>Ostias t\u00edo de la Virgen santa<\/em><\/strong>!<\/p>\n<p>En otro tema\u2026 La senadora de la Rep\u00fablica, <strong>MAKI ORTIZ DOM\u00cdNGUEZ<\/strong>, se pronunci\u00f3 porque la reforma electoral est\u00e9 \u201cblindada\u201d ante cualquier posibilidad de intromisi\u00f3n de la delincuencia organizada en las campa\u00f1as pol\u00edticas.<\/p>\n<p>Destac\u00f3 la importancia de que el Instituto Nacional Electoral (INE) sea reforzado, para que as\u00ed la democracia tambi\u00e9n sea fortalecida. Tambi\u00e9n hizo pronunciamientos de que la reforma electoral tenga el beneficio de seguir promoviendo una naci\u00f3n plural, multipartidista, que sea un impulso importante para el fortalecimiento de la democracia en el pa\u00eds.<\/p>\n<p><strong>ORTIZ DOM\u00cdNGUEZ<\/strong> cit\u00f3: \u201c<em>Que asegure la competitividad de todos los partidos pol\u00edticos<\/em>\u201d de ah\u00ed la urgencia de contar con un Instituto que sea un \u00e1rbitro fortalecido.<\/p>\n<p>Adem\u00e1s, d\u00e9jeme le comento que con la designaci\u00f3n de Nuevo Laredo como sede central de la Agencia Nacional de Aduanas de M\u00e9xico (ANAM) por ser la aduana m\u00e1s din\u00e1mica del pa\u00eds y la de mayor peso en t\u00e9rminos de recaudaci\u00f3n fiscal, la presidenta de M\u00e9xico, <strong>CLAUDIA SHEINBAUM PARDO<\/strong>, reconoce el liderazgo del Municipio.<\/p>\n<p>Por ello, la alcaldesa de esta comuna fronteriza, <strong>CARMEN LILIA CANTUROSAS VILLARREAL<\/strong>, subray\u00f3 que este logro es producto del trabajo coordinado y de una visi\u00f3n de largo plazo para la Ciudad.<\/p>\n<p>Durante la visita de <strong>SHEINBAUM PARDO<\/strong> se confirm\u00f3 que esta frontera aporta alrededor del 33 por ciento del total de ingresos generados por las aduanas terrestres, cifra que la posiciona como un eje estrat\u00e9gico para las finanzas p\u00fablicas y el comercio exterior de M\u00e9xico.<\/p>\n<p>Destac\u00f3 que estas nuevas instalaciones estrat\u00e9gicas de la ANAM permitir\u00e1n mayor eficiencia, productividad y honestidad en la recaudaci\u00f3n del pa\u00eds, la cual aument\u00f3 25 por ciento entre 2024 y 2025, al pasar de un bill\u00f3n a un bill\u00f3n 250 mil millones de pesos, con el objetivo de incrementar este a\u00f1o a un bill\u00f3n 500 mil millones de pesos.<\/p>\n<p>Adem\u00e1s, durante la visita presidencial, precisamente el pasado fin de semana, el gobernador del estado, <strong>AM\u00c9RICO VILLARREAL ANAYA<\/strong>, aval\u00f3 que el liderazgo de Nuevo Laredo se sustenta en una infraestructura log\u00edstica \u00fanica en la frontera norte, ya que cuenta con m\u00faltiples puentes internacionales para el tr\u00e1nsito de carga, una doble v\u00eda ferroviaria, la \u00fanica en su tipo, que permite el flujo simult\u00e1neo de mercanc\u00edas en ambos sentidos, as\u00ed como una creciente conectividad ferroviaria con el centro del pa\u00eds y los principales corredores industriales.<\/p>\n<p>De ah\u00ed que <strong>CARMEN LILIA<\/strong> agreg\u00f3 que m\u00e1s all\u00e1 de la infraestructura, la consolidaci\u00f3n de Nuevo Laredo como la mejor aduana de M\u00e9xico es resultado de una gesti\u00f3n municipal que ha generado gobernabilidad, certeza institucional y condiciones propicias para la inversi\u00f3n y la coordinaci\u00f3n intergubernamental\u2026 \u00a1<strong><em>Enhorabuena<\/em><\/strong>!<\/p>\n<p><strong>LA GRILLOTINA: DICHOS Y DESDICHOS<\/strong><\/p>\n<p><strong>++ANDAN DICIENDO QUE\u2026<\/strong> Mientras que los ministros de la Suprema Corte de Justicia de la Naci\u00f3n siguen debatiendo entre andar a pie, en el metro, de raid o en una \u201cvetusta\u201d Suburban que les heredaron, algunos casos se est\u00e1n enfriando, favoreciendo a personajes que deben y mucho\u2026 <strong>CUENTAN QUE\u2026 <\/strong>Ya sean 57i unidades motrices, camionetas machuchonas o ahorros de mil millones de pesos, la Suprema Corte todav\u00eda no se pronuncia sobre el caso del exgobernador <strong>FRANCISCO GARC\u00cdA CABEZA DE VACA<\/strong>, dejando en lista de espera las peticiones del Poder Legislativo tamaulipeco y del Comit\u00e9 estatal de Morena\u2026 \u00a1<strong><em>Que gacho Tacho<\/em><\/strong>!<\/p>\n<p><strong>++ANDAN DICIENDO QUE\u2026<\/strong> En la Secretar\u00eda del Trabajo y Previsi\u00f3n Social, tienen las manos bien limpias, pero de tanto lav\u00e1rselas en temas que tienen que ver con la defensa de los contratos colectivos de trabajo\u2026 <strong>CUENTAN QUE\u2026 <\/strong>Mientras hay decenas de trabajadores que viven con el \u201cJes\u00fas en la boca\u201d, porque no saben si ma\u00f1ana van a tener chamba o no en la maquiladora, quienes deben ver \u201cc\u00f3mo masca la iguana\u201d, prefieren hacer \u201csocialitos\u201d y tratando de amarrar el hueso para el siguiente sexenio\u2026 \u00a1<strong><em>Calla pes\u00e1o<\/em><\/strong>!<\/p>\n<p><strong>++ANDAN DICIENDO QUE\u2026<\/strong> El dirigente del Comit\u00e9 Directivo tamaulipeco del PRI, <strong>BRUNO D\u00cdAZ LARA<\/strong> ya le gust\u00f3 eso de presumir las glorias pasadas, defendiendo que su partido s\u00ed sab\u00eda hacer carreteras, campa\u00f1as de vacunaci\u00f3n y se manten\u00eda en el poder porque as\u00ed lo decid\u00eda el pueblo\u2026 <strong>CUENTAN QUE\u2026<\/strong> Desde las gradas, sus propios compa\u00f1eros de partido le hacen se\u00f1as a <strong>BRUNO<\/strong> para que guarde silencio y mejor no toque esos temas, porque pueden sacar los casos de <strong>ODEBRECHT<\/strong>, los fraudes electorales y las estrategias para las dictaduras perfectas\u2026 Mejor ni hablamos de los casos \u201cColosio\u201d, \u201cRuiz Massieu\u201d o del \u201ccaso <strong>Y\u00c1RRINGTON<\/strong>\u201d, que pega al PRI tamaulipeco que, aunque ya est\u00e1 expulsado del PRI el exgobernador oriundo de Matamoros, las cenizas de sus ayeres todav\u00eda se guardan por ah\u00ed, por alguna esquina de la chimenea de la ignominia\u2026 Qui\u00e9n dijo eso de lengua larga y cola corta\u2026 \u00a1<strong><em>Ay nanita<\/em><\/strong>!<\/p>\n<p><strong>++ANDAN DICIENDO QUE\u2026<\/strong> Con ello del \u201cllamado a misa\u201d que hace d\u00edas hizo la dirigente estatal del Movimiento de Regeneraci\u00f3n Nacional (Morena), <strong>MAR\u00cdA GUADALUPE G\u00d3MEZ N\u00da\u00d1EZ<\/strong> \u2014<strong>LUPITA<\/strong> pa\u2019 la raza\u2014, de que no anduvieran de acelerados para que evitaran caer en probables actos anticipados de campa\u00f1a, comenzaron las apuestas para atinarle a qui\u00e9n se refer\u00eda\u2026 <strong>CUENTAN QUE\u2026<\/strong> Mientras algunos cuadros de Morena andan regalando estufas, repartiendo juguetes e invitando carnitas asadas; hasta el momento la \u00fanica que se avent\u00f3 una megafiesta, un cumplea\u00f1os masivo ha sido la diputada local <strong>\u00daRSULA SALAZAR MOJICA<\/strong>, quien anda bien encuerdada por su \u201cviejo\u201d <strong>DIONISIO<\/strong>, \u201cNicho\u201d pa\u2019 la raza\u2026 \u00bfEsa ser\u00eda la dedicatoria de <strong>LUPITA<\/strong>\u2026? \u00a1<strong><em>Sepa la bola<\/em><\/strong>!<\/p>\n<p><strong>GRACIAS\u2026<\/strong> Nos leemos hasta ma\u00f1ana<\/p>\n<p><strong>COMENTARIOS<\/strong>: <a href=\"mailto:letrasprohibidas2011@hotmail.com\">letrasprohibidas2011@hotmail.com<\/a><\/p>\n","protected":false},"excerpt":{"rendered":"<p>Si alguien apuesta a que Movimiento Ciudadano no tiene rumbo ni destino, perder\u00eda bien feo la apuesta. De una forma muy discreta, pero efectiva, all\u00ed en esos terrenos en donde no se necesita ser estridente, pero s\u00ed muy claro, la mano y la operaci\u00f3n pol\u00edtica de su coordinador estatal ROBERTO LEE PONCE se ha visto, [&hellip;]<\/p>\n","protected":false},"author":1,"featured_media":217852,"comment_status":"closed","ping_status":"closed","sticky":false,"template":"","format":"standard","meta":{"footnotes":""},"categories":[16],"tags":[],"class_list":["post-218048","post","type-post","status-publish","format-standard","has-post-thumbnail","hentry","category-opinion"],"_links":{"self":[{"href":"https:\/\/www.elsinodaldetamaulipas.com.mx\/index.php?rest_route=\/wp\/v2\/posts\/218048","targetHints":{"allow":["GET"]}}],"collection":[{"href":"https:\/\/www.elsinodaldetamaulipas.com.mx\/index.php?rest_route=\/wp\/v2\/posts"}],"about":[{"href":"https:\/\/www.elsinodaldetamaulipas.com.mx\/index.php?rest_route=\/wp\/v2\/types\/post"}],"author":[{"embeddable":true,"href":"https:\/\/www.elsinodaldetamaulipas.com.mx\/index.php?rest_route=\/wp\/v2\/users\/1"}],"replies":[{"embeddable":true,"href":"https:\/\/www.elsinodaldetamaulipas.com.mx\/index.php?rest_route=%2Fwp%2Fv2%2Fcomments&post=218048"}],"version-history":[{"count":1,"href":"https:\/\/www.elsinodaldetamaulipas.com.mx\/index.php?rest_route=\/wp\/v2\/posts\/218048\/revisions"}],"predecessor-version":[{"id":218049,"href":"https:\/\/www.elsinodaldetamaulipas.com.mx\/index.php?rest_route=\/wp\/v2\/posts\/218048\/revisions\/218049"}],"wp:featuredmedia":[{"embeddable":true,"href":"https:\/\/www.elsinodaldetamaulipas.com.mx\/index.php?rest_route=\/wp\/v2\/media\/217852"}],"wp:attachment":[{"href":"https:\/\/www.elsinodaldetamaulipas.com.mx\/index.php?rest_route=%2Fwp%2Fv2%2Fmedia&parent=218048"}],"wp:term":[{"taxonomy":"category","embeddable":true,"href":"https:\/\/www.elsinodaldetamaulipas.com.mx\/index.php?rest_route=%2Fwp%2Fv2%2Fcategories&post=218048"},{"taxonomy":"post_tag","embeddable":true,"href":"https:\/\/www.elsinodaldetamaulipas.com.mx\/index.php?rest_route=%2Fwp%2Fv2%2Ftags&post=218048"}],"curies":[{"name":"wp","href":"https:\/\/api.w.org\/{rel}","templated":true}]}}