{"id":218050,"date":"2026-01-28T20:01:54","date_gmt":"2026-01-29T00:01:54","guid":{"rendered":"https:\/\/www.elsinodaldetamaulipas.com.mx\/?p=218050"},"modified":"2026-01-28T20:02:22","modified_gmt":"2026-01-29T00:02:22","slug":"erasmo-y-los-socavones","status":"publish","type":"post","link":"https:\/\/www.elsinodaldetamaulipas.com.mx\/?p=218050","title":{"rendered":"ERASMO Y LOS SOCAVONES"},"content":{"rendered":"<div class=\"post-content\">\n<p style=\"text-align: center;\">TIEMPO Y ESPACIO<br \/>\nPor Jaime Luis Soto.<\/p>\n<p>Lo dicho: Las calles y avenidas de Ciudad Madero cada d\u00eda est\u00e1n peor mientras que su alcalde, ERASMO GONZ\u00c1LEZ ROBLEDO presume millonarias inversiones, sin embargo, siguen apareciendo socavones.<br \/>\nMire usted que acaba de aparecer ooooootro socav\u00f3n en el Municipio donde su alcalde anda buscando marcianos y las im\u00e1genes que se difundieron en las redes sociales lo dicen todo.<br \/>\nUn impresionante socav\u00f3n pr\u00e1cticamente se comi\u00f3 a un cami\u00f3n de carga. Literal.<br \/>\nHagamos memoria a corto plazo: El s\u00e1bado 3 de enero del presente a\u00f1o, ERASMO GONZ\u00c1LEZ ROBLEDO anunci\u00f3 que para este 2026 se invertir\u00e1n 220 millones de pesos en pavimentaci\u00f3n.<br \/>\nY que con esa lana se abatir\u00e1 hasta un 25 por ciento el rezago que hay en la Urbe Petrolera en el rubro de pavimentaci\u00f3n.<br \/>\nPero\u2026<br \/>\nResulta que, en el 2025, el gobierno de ERASMO invirti\u00f3 alrededor de 215 millones de pesos en pavimentaci\u00f3n y que supuestamente muchas calles y avenidas se mejoraron.<\/p>\n<p>Que en ese 2025 se lograron grandes avances en pavimentaci\u00f3n, incluso con concreto hidr\u00e1ulico, para que dure m\u00e1s lo que se va pavimentando.<br \/>\nAun as\u00ed, se\u00f1oras y se\u00f1ores, siguen apareciendo en la Urbe Petrolera m\u00e1s y m\u00e1s y m\u00e1s socavones\u2026<br \/>\nTodo mundo sabe que cuando un alcalde tiene buena aprobaci\u00f3n por parte de la ciudadan\u00eda, tambi\u00e9n es aprobaci\u00f3n para el partido que lo haya postulado.<br \/>\nY cuando un alcalde es reprobado por el pueblo, por l\u00f3gica afecta la imagen del partido que lo abander\u00f3.<br \/>\nEl segundo caso pudiera estar ocurriendo en Madero, donde la forma err\u00e1tica de gobernar de ERASMO puede afectarle y much\u00edsimo a Morena rumbo al 2027.<br \/>\nPor supuesto, aqu\u00ed no se est\u00e1 afirmando que una alcaldesa o un alcalde debe de trabajar y dar resultados pensando en beneficiar la imagen de su partido.<br \/>\nClaro que no\u2026<br \/>\nUna alcaldesa o un alcalde debe trabajar para beneficiar a Todos los ciudadanos, sin distingos de colores ni ideolog\u00edas, eso debe quedar bien aclarado.<br \/>\nPero, se insiste, la ecuaci\u00f3n marca que, si una alcaldesa o un alcalde es reprobado, eso, por inercia, afecta la imagen del partido que lo haya postulado.<\/p>\n<p>As\u00ed, de seguir ERASMO gobernando err\u00e1ticamente la tierra donde naci\u00f3 el compositor ROBERTO CANTORAL le puede costar muy caro a Morena.<br \/>\nIncluso, sin exagerar, en el 2027 el partido guinda puede perder Madero\u2026<br \/>\nY adi\u00f3s Pacto del Sur que tanto promovi\u00f3 la alcaldesa de Tampico, M\u00d3NICA VILLARREAL ANAYA.<br \/>\nEn el pecado, se lleva la penitencia\u2026<br \/>\n\u00bfSeguir\u00e1 ERASMO como alcalde de Madero\u2026?<br \/>\nEs pregunta, que conste.<br \/>\nMejor comentemos que Tamaulipas recibe actualmente una inversi\u00f3n sin precedentes en materia de agua, gracias al respaldo de la presidenta de la Rep\u00fablica, CLAUDIA SHEINBAUM, y al liderazgo del gobernador AM\u00c9RICO VILLARREAL ANAYA.<br \/>\nLo anterior lo destac\u00f3 el secretario de Recursos Hidr\u00e1ulicos para el Desarrollo Social, RA\u00daL QUIROGA \u00c1LVAREZ.<br \/>\nSe\u00f1al\u00f3 que uno de los proyectos m\u00e1s relevantes es la Segunda L\u00ednea del Acueducto Guadalupe Victoria, que registra una inversi\u00f3n de 2,600 millones de pesos y presenta un avance significativo.<br \/>\nQUIROGA \u00c1LVAREZ subray\u00f3 que la coordinaci\u00f3n entre la presidenta CLAUDIA SHEINBAUM, el director general de la Conagua, EFRA\u00cdN MOREALES L\u00d3PEZ, y el gobernador AM\u00c9RICO VILLARREAL ha sido clave para consolidar esta obra estrat\u00e9gica, cuya conclusi\u00f3n est\u00e1 prevista para el primer trimestre de 2027.<br \/>\nPor los rumbos de la UAT, se lanz\u00f3 la convocatoria para integrar la Brigada de Primeros Auxilios Psicol\u00f3gicos (PAP), iniciativa orientada a fortalecer la atenci\u00f3n y el acompa\u00f1amiento emocional de la comunidad universitaria.<br \/>\nMire usted que el rector D\u00c1MASO ANAYA ALVARADO inform\u00f3 que este proyecto, promovido por la Unidad Acad\u00e9mica de Trabajo Social y Ciencias para el Desarrollo Humano (UATSCDH), busca formar brigadistas capacitados para brindar contenci\u00f3n en situaciones de crisis bajo un<br \/>\nenfoque \u00e9tico y humano.<br \/>\nAsimismo, invit\u00f3 a estudiantes, docentes y personal administrativo de la UAT a participar en esta formaci\u00f3n, que incluye un curso de 60 horas sobre primeros auxilios psicol\u00f3gicos, protocolos de intervenci\u00f3n, herramientas pr\u00e1cticas, simulacros y estrategias de autocuidado.<br \/>\nCon ello se busca que las y los participantes desarrollen habilidades para brindar apoyo inmediato,<br \/>\nacompa\u00f1amiento emocional y canalizaci\u00f3n adecuada, contribuyendo a la construcci\u00f3n de entornos universitarios m\u00e1s seguros y con mayores capacidades de atenci\u00f3n ante situaciones de crisis.<\/p>\n<p>En Ciudad Victoria y en el marco de la Expo Delegaciones CANACO 2026, el alcalde LALO GATT\u00c1S, reiter\u00f3 ante el sector empresarial y emprendedores locales su compromiso de seguir impulsando, junto al gobernador AM\u00c9RICO VILLARREAL ANAYA, la estrategia de inversi\u00f3n y derrama econ\u00f3mica en la Capital de Tamaulipas.<br \/>\nEn el evento, al que asisti\u00f3 acompa\u00f1ado de su esposa LUCY DE GATT\u00c1S, asegur\u00f3 que la inversi\u00f3n es el motor del desarrollo.<br \/>\nPor lo que confi\u00f3 en que proyectos como la construcci\u00f3n del Puerto Seco, que impulsa el mandatario estatal, el inter\u00e9s de inversionistas, cadenas comerciales, agencias automotrices, entre otros, fortalecer\u00e1n la vocaci\u00f3n laboral a la ciudad.<br \/>\n\u201cComo alcalde de Victoria reitero mi compromiso de seguir trabajando de la mano con el gobernador del Estado y sector empresarial para impulsar condiciones de inversi\u00f3n para tener un Victoria m\u00e1s productiva y competitiva, porque la transformaci\u00f3n de Victoria se hace todos los d\u00edas<br \/>\ncon trabajo, inversi\u00f3n y colaboraci\u00f3n\u201d se\u00f1al\u00f3.<br \/>\nEn el acto inaugural, celebrado en el Centro Cultural, participaron el presidente de la CANACO local FEDERICO GONZ\u00c1LEZ S\u00c1NCHEZ y el presidente de la Confederaci\u00f3n de C\u00e1maras Empresariales Dr. OCTAVIO DE LA TORRE EST\u00c9FANO.<\/p>\n<p>As\u00ed como la Subsecretaria para la Peque\u00f1a y Mediana Empresa de la Secretar\u00eda de econom\u00eda del Estado MARIANA \u00c1LVAREZ QUERO y DANIELA MART\u00cdNEZ RODR\u00cdGUEZ, Vicepresidenta de Comercio Exterior de CONCANACO Servytur.<br \/>\nEs todo por hoy. Muchas gracias por leer.<br \/>\nCorreo electr\u00f3nico: jaimeluissoto@hotmail.com<\/p>\n<\/div>\n","protected":false},"excerpt":{"rendered":"<p>TIEMPO Y ESPACIO Por Jaime Luis Soto. Lo dicho: Las calles y avenidas de Ciudad Madero cada d\u00eda est\u00e1n peor mientras que su alcalde, ERASMO GONZ\u00c1LEZ ROBLEDO presume millonarias inversiones, sin embargo, siguen apareciendo socavones. Mire usted que acaba de aparecer ooooootro socav\u00f3n en el Municipio donde su alcalde anda buscando marcianos y las im\u00e1genes [&hellip;]<\/p>\n","protected":false},"author":1,"featured_media":215703,"comment_status":"closed","ping_status":"closed","sticky":false,"template":"","format":"standard","meta":{"footnotes":""},"categories":[16],"tags":[],"class_list":["post-218050","post","type-post","status-publish","format-standard","has-post-thumbnail","hentry","category-opinion"],"_links":{"self":[{"href":"https:\/\/www.elsinodaldetamaulipas.com.mx\/index.php?rest_route=\/wp\/v2\/posts\/218050","targetHints":{"allow":["GET"]}}],"collection":[{"href":"https:\/\/www.elsinodaldetamaulipas.com.mx\/index.php?rest_route=\/wp\/v2\/posts"}],"about":[{"href":"https:\/\/www.elsinodaldetamaulipas.com.mx\/index.php?rest_route=\/wp\/v2\/types\/post"}],"author":[{"embeddable":true,"href":"https:\/\/www.elsinodaldetamaulipas.com.mx\/index.php?rest_route=\/wp\/v2\/users\/1"}],"replies":[{"embeddable":true,"href":"https:\/\/www.elsinodaldetamaulipas.com.mx\/index.php?rest_route=%2Fwp%2Fv2%2Fcomments&post=218050"}],"version-history":[{"count":2,"href":"https:\/\/www.elsinodaldetamaulipas.com.mx\/index.php?rest_route=\/wp\/v2\/posts\/218050\/revisions"}],"predecessor-version":[{"id":218052,"href":"https:\/\/www.elsinodaldetamaulipas.com.mx\/index.php?rest_route=\/wp\/v2\/posts\/218050\/revisions\/218052"}],"wp:featuredmedia":[{"embeddable":true,"href":"https:\/\/www.elsinodaldetamaulipas.com.mx\/index.php?rest_route=\/wp\/v2\/media\/215703"}],"wp:attachment":[{"href":"https:\/\/www.elsinodaldetamaulipas.com.mx\/index.php?rest_route=%2Fwp%2Fv2%2Fmedia&parent=218050"}],"wp:term":[{"taxonomy":"category","embeddable":true,"href":"https:\/\/www.elsinodaldetamaulipas.com.mx\/index.php?rest_route=%2Fwp%2Fv2%2Fcategories&post=218050"},{"taxonomy":"post_tag","embeddable":true,"href":"https:\/\/www.elsinodaldetamaulipas.com.mx\/index.php?rest_route=%2Fwp%2Fv2%2Ftags&post=218050"}],"curies":[{"name":"wp","href":"https:\/\/api.w.org\/{rel}","templated":true}]}}