{"id":218056,"date":"2026-01-28T20:48:06","date_gmt":"2026-01-29T00:48:06","guid":{"rendered":"https:\/\/www.elsinodaldetamaulipas.com.mx\/?p=218056"},"modified":"2026-01-28T21:02:47","modified_gmt":"2026-01-29T01:02:47","slug":"la-tercera-quema-de-icienso","status":"publish","type":"post","link":"https:\/\/www.elsinodaldetamaulipas.com.mx\/?p=218056","title":{"rendered":"LA TERCERA QUEMA DE INCIENSO"},"content":{"rendered":"<p><strong>-Otros 37 reos fueron entregados al Departamento de Justicia de los Estados Unidos<\/strong><\/p>\n<p><strong>-La \u201cnueva ofrenda\u201d se hizo en el primer aniversario de Donald Trump como presidente<\/strong><\/p>\n<p><strong>-Dizque \u201cUber militar gringo\u201d traslad\u00f3 a polic\u00edas aztecas a un curso de capacitaci\u00f3n<\/strong><\/p>\n<p>H. Matamoros, Tamaulipas.-Justo en el primer a\u00f1o de administraci\u00f3n del presidente de los Estados Unidos, DONALD TRUMP, el gobierno mexicano ofreci\u00f3 la \u201ctercera quema de incienso\u201d con la entrega de 37 reos acusados por delitos federales y que se encontraban en el Centro Federal de Readaptaci\u00f3n Social No. 1, El Altiplano, ubicado en Almoloya de Ju\u00e1rez, Estado de M\u00e9xico.<\/p>\n<p>Al margen de que, si se ejecut\u00f3 la excarcelaci\u00f3n y extradici\u00f3n conforme a lo que establece la Ley de Seguridad Nacional, con respeto a la soberan\u00eda nacional y en concordancia con mecanismos de cooperaci\u00f3n bilateral, no pasa desapercibido que el operativo, coincidentemente o no, se llev\u00f3 a cabo en la misma fecha en que tom\u00f3 posesi\u00f3n-en 2025-el mandatario norteamericano.<\/p>\n<p>Quienes purgaban sentencias o enfrentaban procesos judiciales fueron excarcelados durante la madrugada del pasado martes y conducidos bajo severas medidas de seguridad al Aeropuerto Internacional de Toluca en donde abordaron un avi\u00f3n H\u00e9rcules C 130 de la Fuerzas A\u00e9rea Mexicana con matr\u00edcula FAM 3611, que despeg\u00f3 al filo de las 12 del d\u00eda con rumbo a los Estados Unidos.<\/p>\n<p>Los 37 reos de la \u201ctercera quema de incienso\u201d al t\u00edo Sam por parte del gobierno azteca tienen cuentas pendientes con el Departamento de Justicia de la Uni\u00f3n Americana. Bajo el argumento de seguridad nacional y cooperaci\u00f3n bilateral los excarcelados y extraditados esperan el inicio de sus respectivos juicios en centros penitenciarios de Washington, San Antonio, Houston, Pensilvania, Nueva York y San Diego.<\/p>\n<p>Derivado del sitio que establecieron en las instalaciones de El Altiplano, el Ej\u00e9rcito Mexicano, Marina Armada de M\u00e9xico, Guardia Nacional y Secretar\u00eda de Seguridad y Protecci\u00f3n Ciudadana, los abogados defensores de los llamados \u201cgeneradores de violencia\u201d se vieron imposibilitados de hacer valer suspensiones provisionales otorgadas con anterioridad ni tampoco tuvieron oportunidad de gestionar nuevos amparos de la justicia federal.<\/p>\n<p>Al igual que los 29 reos mexicanos entregados el 27 de febrero de 2025, los 26 integrantes de la \u201ccuerda carcelaria\u201d del 12 de agosto del mismo a\u00f1o, los 37 procesados de la tercera \u201cquema de incienso\u201d del pasado 20 de enero 2026, son integrantes de una lista estadounidense de criminales y sospechosos encarcelados en M\u00e9xico, pero con cuentas pendientes en los Estados Unidos.<\/p>\n<p>De acuerdo a la versi\u00f3n oficial, con el operativo de excarcelaci\u00f3n llevado a cabo justo en el primer a\u00f1o de administraci\u00f3n del presidente DONALD TRUMP, suman 92 procesados en M\u00e9xico enviados a c\u00e1rceles yanquis bajo el argumento de que segu\u00edan realizando acciones delictivas, amenazando a funcionarios, extendiendo redes de corrupci\u00f3n y, adem\u00e1s, que podr\u00edan resultar beneficiados mediante recursos legales con la complicidad de juzgadores corruptos. No obstante, el gobierno federal se contradice al argumentar \u201ccomplicidad de juzgadores corruptos\u201d, toda vez que esas pr\u00e1cticas il\u00edcitas te\u00f3ricamente terminaron con el nuevo Poder Judicial de la Federaci\u00f3n.<\/p>\n<p>Resulta entendible m\u00e1s no justificable que el gobierno de la Cuarta Transformaci\u00f3n sustente la excarcelaci\u00f3n invocando el art\u00edculo Quinto de la Ley de Seguridad Nacional y el art\u00edculo 89 de la Constituci\u00f3n Pol\u00edtica de los Estados Unidos Mexicanos para justificar la \u201cquema de incienso\u201d al presidente DONALD TRUMP y evitar presiones arancelarias o intervenciones en el territorio nacional.<\/p>\n<p>Recon\u00f3zcase o no, la realidad es que la presidenta CLAUDIA SHEINBAUM PARDO se encuentra entre \u201cla espada y la pared\u201d y, en t\u00e9rminos coloquiales, para donde se mueva \u201cla cuerna el toro\u201d. Por un lado, la exigencia del mandatario gringo y, por el otro, las instrucciones con origen en Palenque, all\u00e1 en el estado de Tabasco.<\/p>\n<p>Respecto al aterrizaje en el Aeropuerto Internacional de Toluca de un avi\u00f3n militar C 130 de la Fuerza A\u00e9rea de los Estados Unidos, tal parece que a la 4T se le \u201chizo bolas el engrudo\u201d. La falta de una versi\u00f3n cre\u00edble pero adem\u00e1s congruente, pr\u00e1cticamente polariz\u00f3 la opini\u00f3n p\u00fablica.<\/p>\n<p>El surgimiento de una duda razonada tiene como sustento que resulta por dem\u00e1s extra\u00f1o que un avi\u00f3n militar norteamericano aterrice en territorio nacional para trasladar a polic\u00edas federales a un curso de capacitaci\u00f3n con base en acuerdos bilaterales. La capacitaci\u00f3n es entendible, m\u00e1s no el traslado.<\/p>\n<p>Desde esa perspectiva, tal parece que el t\u00edo Sam envi\u00f3 un \u201cavi\u00f3n Uber\u201d para llevar al campo de entrenamiento a agentes aztecas para dar cumplimiento a los acuerdos de cooperaci\u00f3n y capacitaci\u00f3n con el Comando Norte del Ej\u00e9rcito de los Estados Unidos.<\/p>\n<p>La suspicacia se incrementa con el anuncio de la jefa del Ejecutivo federal en el sentido de que los efectivos mexicas regresar\u00e1n en una aeronave de la Fuerza A\u00e9rea Mexicana, una vez que termine el per\u00edodo de entrenamiento. La pregunta l\u00f3gica es \u00bfpor qu\u00e9 los seleccionados al curso de capacitaci\u00f3n del Comando Norte del Ej\u00e9rcito de USA no fueron enviados al lugar de entrenamiento en un H\u00e9rcules C 130 de la FAM?<\/p>\n<p>DESDE EL BALC\u00d3N:<\/p>\n<p>I.-Es m\u00e1s que evidente que el gobierno de la Cuarta Transformaci\u00f3n requiere de un cambio radical en lo que a la informaci\u00f3n oficial se refiere. Cierto es que la clientela electoral y el control absoluto de los tres Poderes de gobierno garantizan el control pol\u00edtico interno. Sin embargo, el nuevo grupo en el poder que pretende eternizarse m\u00e1s all\u00e1 del 2030 no debiera desatender el importante rubro que representa la comunicaci\u00f3n y lo m\u00e1s importante\u2026la credibilidad.<\/p>\n<p>Y hasta la pr\u00f3xima.<\/p>\n<p><a href=\"mailto:mariodiaz27@prodigy.net.mx\" target=\"_blank\" rel=\"noreferrer noopener\">mariodiaz27@prodigy.net.mx<\/a><\/p>\n","protected":false},"excerpt":{"rendered":"<p>-Otros 37 reos fueron entregados al Departamento de Justicia de los Estados Unidos -La \u201cnueva ofrenda\u201d se hizo en el primer aniversario de Donald Trump como presidente -Dizque \u201cUber militar gringo\u201d traslad\u00f3 a polic\u00edas aztecas a un curso de capacitaci\u00f3n H. Matamoros, Tamaulipas.-Justo en el primer a\u00f1o de administraci\u00f3n del presidente de los Estados Unidos, [&hellip;]<\/p>\n","protected":false},"author":1,"featured_media":216580,"comment_status":"closed","ping_status":"closed","sticky":false,"template":"","format":"standard","meta":{"footnotes":""},"categories":[16],"tags":[],"class_list":["post-218056","post","type-post","status-publish","format-standard","has-post-thumbnail","hentry","category-opinion"],"_links":{"self":[{"href":"https:\/\/www.elsinodaldetamaulipas.com.mx\/index.php?rest_route=\/wp\/v2\/posts\/218056","targetHints":{"allow":["GET"]}}],"collection":[{"href":"https:\/\/www.elsinodaldetamaulipas.com.mx\/index.php?rest_route=\/wp\/v2\/posts"}],"about":[{"href":"https:\/\/www.elsinodaldetamaulipas.com.mx\/index.php?rest_route=\/wp\/v2\/types\/post"}],"author":[{"embeddable":true,"href":"https:\/\/www.elsinodaldetamaulipas.com.mx\/index.php?rest_route=\/wp\/v2\/users\/1"}],"replies":[{"embeddable":true,"href":"https:\/\/www.elsinodaldetamaulipas.com.mx\/index.php?rest_route=%2Fwp%2Fv2%2Fcomments&post=218056"}],"version-history":[{"count":2,"href":"https:\/\/www.elsinodaldetamaulipas.com.mx\/index.php?rest_route=\/wp\/v2\/posts\/218056\/revisions"}],"predecessor-version":[{"id":218067,"href":"https:\/\/www.elsinodaldetamaulipas.com.mx\/index.php?rest_route=\/wp\/v2\/posts\/218056\/revisions\/218067"}],"wp:featuredmedia":[{"embeddable":true,"href":"https:\/\/www.elsinodaldetamaulipas.com.mx\/index.php?rest_route=\/wp\/v2\/media\/216580"}],"wp:attachment":[{"href":"https:\/\/www.elsinodaldetamaulipas.com.mx\/index.php?rest_route=%2Fwp%2Fv2%2Fmedia&parent=218056"}],"wp:term":[{"taxonomy":"category","embeddable":true,"href":"https:\/\/www.elsinodaldetamaulipas.com.mx\/index.php?rest_route=%2Fwp%2Fv2%2Fcategories&post=218056"},{"taxonomy":"post_tag","embeddable":true,"href":"https:\/\/www.elsinodaldetamaulipas.com.mx\/index.php?rest_route=%2Fwp%2Fv2%2Ftags&post=218056"}],"curies":[{"name":"wp","href":"https:\/\/api.w.org\/{rel}","templated":true}]}}