{"id":218058,"date":"2026-01-28T20:50:26","date_gmt":"2026-01-29T00:50:26","guid":{"rendered":"https:\/\/www.elsinodaldetamaulipas.com.mx\/?p=218058"},"modified":"2026-01-28T20:50:26","modified_gmt":"2026-01-29T00:50:26","slug":"arnulfo-reinstaura-su-amistad-con-la-prensa","status":"publish","type":"post","link":"https:\/\/www.elsinodaldetamaulipas.com.mx\/?p=218058","title":{"rendered":"ARNULFO REINSTAURA SU AMISTAD CON LA PRENSA"},"content":{"rendered":"<div class=\"post-content\">\n<p>*Vicente Joel Hern\u00e1ndez Navarro en reuni\u00f3n en la CDMX<\/p>\n<p>Todav\u00eda se comenta desde hace varios d\u00edas el mensaje responsable y<br \/>\nalentador que le dio a la prensa tamaulipeca el dirigente de los maestros en el<br \/>\nestado, el Profesor Arnulfo Rodr\u00edguez Trevi\u00f1o, que con gran experiencia y<br \/>\ncapacidad pol\u00edtica alent\u00f3 a los comunicadores a hacer bien su trabajo, con<br \/>\npalabras adecuadas y certeras para que cumplan su funci\u00f3n social.<br \/>\nSin duda el profesor Arnulfo sabe que frente a la prensa hay que tener no<br \/>\nsolo una buena relaci\u00f3n, sino tambi\u00e9n una buena reputaci\u00f3n como l\u00edder y servidor<br \/>\np\u00fablico que cumple las promesas con su gremio y sabe hacer buena pol\u00edtica; esto<br \/>\nha quedado bien visto en el encuentro que tuvo con los comunicadores,<br \/>\nadelantando que vienen buenos tiempos para los maestros de Tamaulipas, los<br \/>\nque siguen trabajando para cumplir con su funci\u00f3n social y recibir la aceptaci\u00f3n y<br \/>\nel apoyo de la ciudadan\u00eda por su trabajo. Enhorabuena maestro.<br \/>\nPor cierto, las buenas noticias que esta semana llegaron a Tamaulipas por<br \/>\nla visita de la presidenta Claudia Sheinbaum Pardo, tambi\u00e9n favorecen al<br \/>\nmunicipio de Ciudad Victoria; toda vez que las obras clave que ha proyectado el<br \/>\nalcalde victorense Lalo Gatt\u00e1s, podr\u00e1n ser terminadas en tiempo y forma.<br \/>\nObviamente, recibiendo el apoyo incondicional del gobernador del estado<br \/>\nAm\u00e9rico Villarreal Anaya, lo que no dudamos terminar\u00e1 con bien, si entendemos<br \/>\nque lo que se est\u00e1 haciendo en Victoria no es poca cosa. Ser\u00e1n obras que<br \/>\nasegurar\u00e1n el abasto de agua potable y otros servicios para la capital del estado<br \/>\npor muchos a\u00f1os m\u00e1s.<br \/>\nEn cuanto a la agenda de salud, pues ah\u00ed tiene que el titular del ramo en la<br \/>\nentidad, Vicente Joel Hern\u00e1ndez Navarro, declar\u00f3 que durante la supervisi\u00f3n al<br \/>\nnuevo Hospital General del ISSSTE en Tampico, obra en la que se han invertido<br \/>\nm\u00e1s de 2 mil 300 millones de pesos, con 150 camas y equipamiento en 30<br \/>\nespecialidades, la presidenta CSP, anunci\u00f3 que se prev\u00e9 inaugurar este complejo<br \/>\nen el primer semestre de 2026, y adem\u00e1s, autoriz\u00f3 una inversi\u00f3n adicional para el<br \/>\nHospital del IMSS-Bienestar de Madero, a fin de instalar la Unidad de<br \/>\nRadiooncolog\u00eda, llamada b\u00fanker, que albergar\u00e1 servicios de radioterapia.<\/p>\n<p>Tambi\u00e9n nos informan desde la ciudad del smog que el Dr. Hern\u00e1ndez<br \/>\nNavarro ya est\u00e1 en la CDMX para participar en la reuni\u00f3n nacional a celebrarse<br \/>\ndesde este jueves 29 al 30 de enero, donde estar\u00e1n presentes tambi\u00e9n sus<br \/>\nhom\u00f3logos de los dem\u00e1s estados del pa\u00eds, as\u00ed como todos los Coordinadores del<br \/>\nIMSS-Bienestar y convocados por el Secretario de Salud, David Kershenobich<br \/>\nStalnikowitz. El tema central es: Fortalecimiento de la salud en la Ciudad de<br \/>\nM\u00e9xico y el IMSS-Bienestar, que no son m\u00e1s que acciones clave basadas en la<br \/>\nagenda actual de la administraci\u00f3n federal.<br \/>\nQue ser\u00e1n dos d\u00edas de trabajo donde habr\u00e1 la Primera Feria de la Salud<br \/>\nMental y que tendr\u00e1 lugar en Explanada de la Casa de la Cultura, ofreciendo<br \/>\ntalleres y acompa\u00f1amiento psicol\u00f3gico, adem\u00e1s acciones del IMSS-Bienestar y<br \/>\nSEDESA, continuando con el fortalecimiento de servicios, incluyendo el plan anual<br \/>\nde atenci\u00f3n a enfermedades cr\u00f3nico-degenerativas y la detecci\u00f3n temprana de<br \/>\nc\u00e1ncer. Vacunaci\u00f3n Invernal 2025-2026, para continuar la campa\u00f1a de vacunaci\u00f3n<br \/>\ngratuita contra influenza y COVID-19 en centros de salud y unidades m\u00f3viles.<br \/>\nTotal que habr\u00e1 toda una gama de mejoramiento en esta materia y<br \/>\nesperemos a ver que nos trae de buenas noticias para Tamaulipas el secretario de<br \/>\nSalud en nuestra entidad, Dr. VJHN. Pendientes.<br \/>\nNOTAS CORTAS<\/p>\n<p>1.- Por cierto, acudimos a las instalaciones del Sutspet y nos percatamos<br \/>\nque en una de las oficinas estaba una foto de la l\u00edder sindical Blanca Valles<br \/>\nRodr\u00edguez con la presidenta Claudia Sheinbaum Pardo. Y vaya que si le vemos<br \/>\nqu\u00edmica entre ambas, pues la foto lo dice todo, se ven como grandes amigas y<br \/>\n\u201cdialogando\u201d abiertamente ante todo; por eso se dice que es tiempo de mujeres y<br \/>\nlo que vimos recientemente en el Polyforum Victoria, lo dice todo. O sea, Blanquita<br \/>\nva, que \u201cVuela Alto\u201d. Qu\u00e9 bueno, se lo merece.<br \/>\n2.- Aplicando la frase \u00abeducaci\u00f3n, educaci\u00f3n y m\u00e1s educaci\u00f3n\u00bb del<br \/>\nGobernador del Estado Dr. Am\u00e9rico Villarreal Anaya, el alcalde de Jaumave,<br \/>\nManuel B\u00e1ez Mart\u00ednez, atento en el tema dijo que, se equiparon las supervisiones<br \/>\nescolares No. 148 de primaria y la Supervisi\u00f3n No. 24 de preescolar, brindando<br \/>\nmejores herramientas para el trabajo educativo.<br \/>\nAsimismo, se apoy\u00f3 de manera directa a la alumna de la Escuela Normal<br \/>\n\u201cProfr. y General Alberto Carrera Torres\u201d, Cecilia Mart\u00ednez con una impresora,<br \/>\npara facilitar la realizaci\u00f3n de sus trabajos finales de titulaci\u00f3n. Es por eso que la<br \/>\neducaci\u00f3n es una prioridad de prioridades en el municipio y se continuar\u00e1<br \/>\nrespaldando a toda la comunidad educativa. Subray\u00f3 el edil.<br \/>\nPor lo tanto, as\u00ed se fortalece con las herramientas necesarias para el<br \/>\naprendizaje y la formaci\u00f3n como el pilar fundamental de su gobierno para la<br \/>\ntransformaci\u00f3n de Jaumave.<br \/>\n3.- Una de sociales:<\/p>\n<p>Desde este espacio de su preferida columna \u201cdialogando\u201d que ha<br \/>\ntrascendido allende las fronteras, vaya el saludo para la joven alcaldesa de<br \/>\nPalmillas, Sindy Paoleth Monita Ram\u00edrez, pues este d\u00eda mi\u00e9rcoles 28 de enero es<br \/>\nsu cumplea\u00f1os, por lo que, le deseo mucha salud, alegr\u00eda y \u00e9xito en su labor diaria<br \/>\nal frente del municipio que dignamente representa y siempre con el compromiso<br \/>\nde servir a las familias Palmillenses. Y s\u00e9 que lo festejar\u00e1 trabajando con gran<br \/>\nresponsabilidad porque: \u201cprimero el pueblo\u201d. Enhorabuena Presidenta y que<br \/>\nvengan muchos a\u00f1os m\u00e1s de vida para que los disfrute a lado de los suyos.<br \/>\nPor hoy es todo, en la pr\u00f3xima seguiremos dialogando del acontecer<br \/>\npol\u00edtico tamaulipeco.<\/p>\n<\/div>\n","protected":false},"excerpt":{"rendered":"<p>*Vicente Joel Hern\u00e1ndez Navarro en reuni\u00f3n en la CDMX Todav\u00eda se comenta desde hace varios d\u00edas el mensaje responsable y alentador que le dio a la prensa tamaulipeca el dirigente de los maestros en el estado, el Profesor Arnulfo Rodr\u00edguez Trevi\u00f1o, que con gran experiencia y capacidad pol\u00edtica alent\u00f3 a los comunicadores a hacer bien [&hellip;]<\/p>\n","protected":false},"author":1,"featured_media":217861,"comment_status":"closed","ping_status":"closed","sticky":false,"template":"","format":"standard","meta":{"footnotes":""},"categories":[16],"tags":[],"class_list":["post-218058","post","type-post","status-publish","format-standard","has-post-thumbnail","hentry","category-opinion"],"_links":{"self":[{"href":"https:\/\/www.elsinodaldetamaulipas.com.mx\/index.php?rest_route=\/wp\/v2\/posts\/218058","targetHints":{"allow":["GET"]}}],"collection":[{"href":"https:\/\/www.elsinodaldetamaulipas.com.mx\/index.php?rest_route=\/wp\/v2\/posts"}],"about":[{"href":"https:\/\/www.elsinodaldetamaulipas.com.mx\/index.php?rest_route=\/wp\/v2\/types\/post"}],"author":[{"embeddable":true,"href":"https:\/\/www.elsinodaldetamaulipas.com.mx\/index.php?rest_route=\/wp\/v2\/users\/1"}],"replies":[{"embeddable":true,"href":"https:\/\/www.elsinodaldetamaulipas.com.mx\/index.php?rest_route=%2Fwp%2Fv2%2Fcomments&post=218058"}],"version-history":[{"count":1,"href":"https:\/\/www.elsinodaldetamaulipas.com.mx\/index.php?rest_route=\/wp\/v2\/posts\/218058\/revisions"}],"predecessor-version":[{"id":218059,"href":"https:\/\/www.elsinodaldetamaulipas.com.mx\/index.php?rest_route=\/wp\/v2\/posts\/218058\/revisions\/218059"}],"wp:featuredmedia":[{"embeddable":true,"href":"https:\/\/www.elsinodaldetamaulipas.com.mx\/index.php?rest_route=\/wp\/v2\/media\/217861"}],"wp:attachment":[{"href":"https:\/\/www.elsinodaldetamaulipas.com.mx\/index.php?rest_route=%2Fwp%2Fv2%2Fmedia&parent=218058"}],"wp:term":[{"taxonomy":"category","embeddable":true,"href":"https:\/\/www.elsinodaldetamaulipas.com.mx\/index.php?rest_route=%2Fwp%2Fv2%2Fcategories&post=218058"},{"taxonomy":"post_tag","embeddable":true,"href":"https:\/\/www.elsinodaldetamaulipas.com.mx\/index.php?rest_route=%2Fwp%2Fv2%2Ftags&post=218058"}],"curies":[{"name":"wp","href":"https:\/\/api.w.org\/{rel}","templated":true}]}}