{"id":218062,"date":"2026-01-28T20:58:24","date_gmt":"2026-01-29T00:58:24","guid":{"rendered":"https:\/\/www.elsinodaldetamaulipas.com.mx\/?p=218062"},"modified":"2026-01-28T20:58:24","modified_gmt":"2026-01-29T00:58:24","slug":"munoz-cano-como-el-camaleon","status":"publish","type":"post","link":"https:\/\/www.elsinodaldetamaulipas.com.mx\/?p=218062","title":{"rendered":"MU\u00d1OZ CANO COMO EL CAMALE\u00d3N"},"content":{"rendered":"<div class=\"post-content\">\n<p>#DESDELAFRONTERA<\/p>\n<p>POR #PEDRONATIVIDAD<\/p>\n<p>&nbsp;<\/p>\n<p>Algo le pas\u00f3 a Manuel Mu\u00f1oz Cano. No sabemos si fue un mal caf\u00e9, una llamada nocturna o un ba\u00f1o de realidad pol\u00edtica, pero el l\u00edder estatal del Partido Verde reapareci\u00f3, con una habilidad digna de estudio, el arte de decir sin haber dicho, de apoyar sin apoyar y de deslindarse sin despegarse.<\/p>\n<p>Ahora resulta que el \u201cdistanciamiento\u201d con Morena ya est\u00e1 planchado, almidonado y listo para la foto. Que lo del destape para la gubernatura de\u00a0Maki\u00a0Ortiz fue un malentendido, un comentario volando a ras de suelo, una travesura atribuible a la dirigencia nacional. \u00c9l no, \u00e9l estaba viendo para otro lado. Como Poncio Pilatos, pero versi\u00f3n ecologista.<\/p>\n<p>Curioso, porque el 4 de septiembre de 2025 Morena Tamaulipas no se distanci\u00f3 del Verde por deporte extremo. Fue una manifestaci\u00f3n p\u00fablica, ruidosa y con dedicatoria incluida a favor de\u00a0Maki\u00a0Ortiz la que encendi\u00f3 las alarmas.<\/p>\n<p>Mu\u00f1oz Cano\u00a0insiste con una seriedad casi teatral que \u00e9l, como dirigente estatal, no mencion\u00f3 nada. Nada vio, nada oy\u00f3, nada supo. El destape fue cosa del Comit\u00e9 Nacional, como si en el Verde las decisiones bajaran por generaci\u00f3n espont\u00e1nea y no por l\u00ednea directa.<\/p>\n<p>Luego vino la visita salvadora,\u00a0Luisa Mar\u00eda\u00a0Alcalde\u00a0en Ciudad Victoria, y \u00a1milagro! Morena, Verde y PT otra vez agarrados de la mano, cantando \u201cvamos juntos\u201d mientras dejan la letra chiquita para diciembre. Total, a\u00fan hay tiempo de decidir si la coalici\u00f3n es total, parcial o solo para la foto.<\/p>\n<p>La pregunta flota en el ambiente como mosca en oficina p\u00fablica \u00bfqu\u00e9 le pas\u00f3 a Mu\u00f1oz Cano para cambiar tan r\u00e1pido de discurso? \u00bfAlguien le explic\u00f3, con peras y manzanas, que ni\u00a0Maki\u00a0Ortiz ni su adoptado pol\u00edtico Eugenio Hern\u00e1ndez pintan realmente para la gubernatura? \u00bfO ya tante\u00f3 el agua, sinti\u00f3 que estaba fr\u00eda, y decidi\u00f3 mejor quedarse bien pegadito a Morena para no perder esa\u00a0pluri\u00a0que tanto suspira?<\/p>\n<p>Mu\u00f1oz Cano, m\u00e1s que l\u00edder, parece cronista oficial de sus propias contradicciones.\u00a0Aunque queda pendiente la reacci\u00f3n de do\u00f1a\u00a0Maki.<\/p>\n<p>TAMAULIPAS AL RITMO DE LA 4T<\/p>\n<p>El recuento de la visita de la presidenta Claudia Sheinbaum Pardo a Tamaulipas deja una fotograf\u00eda pol\u00edtica n\u00edtida, un estado alineado con la agenda federal. As\u00ed lo plante\u00f3 el gobernador Am\u00e9rico Villarreal Anaya al hacer balance de una gira que fue mucho m\u00e1s que cortes\u00eda institucional; fue una confirmaci\u00f3n de coordinaci\u00f3n, respaldo y prioridad para una entidad que hoy camina al ritmo de la Cuarta Transformaci\u00f3n.<\/p>\n<p>Desde Palacio de Gobierno, Am\u00e9rico no vendi\u00f3 discurso, vendi\u00f3 n\u00fameros. Solo en programas presidenciales, Tamaulipas recibe este a\u00f1o una inversi\u00f3n de 24 mil 545 millones de pesos, beneficiando a 866 mil 424 tamaulipecos y tamaulipecas.<\/p>\n<p>En salud, la presidenta no fue a tomarse la foto. Supervis\u00f3 el nuevo Hospital General del ISSSTE en Tampico, una obra que ya supera los 2 mil 300 millones de pesos, con 150 camas y 30 especialidades. Hay fecha y compromiso, primer semestre de 2026. Y como si eso fuera poco, autoriz\u00f3 inversi\u00f3n adicional para el Hospital del IMSS-Bienestar de Madero, donde se instalar\u00e1 la Unidad de\u00a0Radiooncolog\u00eda, el ya famoso \u201cb\u00fanker\u201d, que llevar\u00e1 servicios de radioterapia al sur del estado.<\/p>\n<p>La infraestructura, ese tal\u00f3n de Aquiles hist\u00f3rico de Tamaulipas, hoy camina sobre rieles\u2026 literalmente. El secretario de Obras P\u00fablicas, Pedro Cepeda Anaya, solt\u00f3 el dato fuerte,\u00a0138 mil 600 millones de pesos para el tren de pasajeros Saltillo\u2013Nuevo Laredo. A eso se suma el Corredor Golfo-Norte, con casi 40 mil millones de pesos entre 2026 y 2030, para un nuevo cuerpo carretero de cuatro carriles. El\u00a0Bachet\u00f3n\u00a02026 pondr\u00e1 m\u00e1s de 2 mil millones en el eje Valles-Tampico, mientras que la carretera Mante-Ocampo-Tula ya va al 90 por ciento tras una inversi\u00f3n de 8 mil 600 millones.<\/p>\n<p>En la frontera,\u00a0tierra de Carmen Lilia\u00a0Canturosas,\u00a0la ampliaci\u00f3n del Puente Internacional Nuevo Laredo III, con mil 400 millones de pesos para llevarlo a ocho carriles, confirma que el comercio exterior no es discurso, es prioridad. A eso se suma la modernizaci\u00f3n del puente Magueyes y la construcci\u00f3n de 15 estaciones seguras con inversi\u00f3n estatal superior a los mil 100 millones de pesos.<\/p>\n<p>En vivienda, Tamaulipas no compite, lidera. Primer lugar nacional con 37 mil 662 viviendas contratadas y una meta de 80 mil. Infonavit y\u00a0Conavi\u00a0trabajando al mismo ritmo, algo que hace a\u00f1os parec\u00eda impensable.<\/p>\n<p>El tema hidr\u00e1ulico, siempre sensible, tambi\u00e9n tiene agenda clara. Segunda l\u00ednea del acueducto de Ciudad Victoria con 2 mil 600 millones de pesos, tecnificaci\u00f3n de los distritos de riego 025 y 026 con m\u00e1s de 7 mil millones, la planta internacional de tratamiento de aguas residuales en Nuevo Laredo con 70 por ciento de avance y un emisor de retorno proyectado en 8 mil millones. Agua, campo y ciudad en la misma ecuaci\u00f3n.<\/p>\n<p>Y como cereza pol\u00edtica, la inauguraci\u00f3n de la Agencia Nacional de Aduanas y el Polo de Desarrollo en Altamira confirman algo que ya se percibe,\u00a0Tamaulipas dej\u00f3 de ser espectador para convertirse en pieza estrat\u00e9gica del desarrollo econ\u00f3mico nacional.<\/p>\n<p>La lectura es simple. Sheinbaum pone el respaldo federal, Am\u00e9rico pone la conducci\u00f3n local y los secretarios ponen los proyectos sobre la mesa. Aqu\u00ed no se habla de rumbo, se camina sobre \u00e9l\u2026 \u00bfQu\u00e9,\u00a0no?,\u00a0NOS LEEMOS.<\/p>\n<p>Comentarios:\u00a0<a href=\"mailto:pedropnatividad@gmail.com\" target=\"_blank\" rel=\"noreferrer noopener\">pedropnatividad@gmail.com<\/a><\/p>\n<\/div>\n","protected":false},"excerpt":{"rendered":"<p>#DESDELAFRONTERA POR #PEDRONATIVIDAD &nbsp; Algo le pas\u00f3 a Manuel Mu\u00f1oz Cano. No sabemos si fue un mal caf\u00e9, una llamada nocturna o un ba\u00f1o de realidad pol\u00edtica, pero el l\u00edder estatal del Partido Verde reapareci\u00f3, con una habilidad digna de estudio, el arte de decir sin haber dicho, de apoyar sin apoyar y de deslindarse [&hellip;]<\/p>\n","protected":false},"author":1,"featured_media":213874,"comment_status":"closed","ping_status":"closed","sticky":false,"template":"","format":"standard","meta":{"footnotes":""},"categories":[16],"tags":[],"class_list":["post-218062","post","type-post","status-publish","format-standard","has-post-thumbnail","hentry","category-opinion"],"_links":{"self":[{"href":"https:\/\/www.elsinodaldetamaulipas.com.mx\/index.php?rest_route=\/wp\/v2\/posts\/218062","targetHints":{"allow":["GET"]}}],"collection":[{"href":"https:\/\/www.elsinodaldetamaulipas.com.mx\/index.php?rest_route=\/wp\/v2\/posts"}],"about":[{"href":"https:\/\/www.elsinodaldetamaulipas.com.mx\/index.php?rest_route=\/wp\/v2\/types\/post"}],"author":[{"embeddable":true,"href":"https:\/\/www.elsinodaldetamaulipas.com.mx\/index.php?rest_route=\/wp\/v2\/users\/1"}],"replies":[{"embeddable":true,"href":"https:\/\/www.elsinodaldetamaulipas.com.mx\/index.php?rest_route=%2Fwp%2Fv2%2Fcomments&post=218062"}],"version-history":[{"count":1,"href":"https:\/\/www.elsinodaldetamaulipas.com.mx\/index.php?rest_route=\/wp\/v2\/posts\/218062\/revisions"}],"predecessor-version":[{"id":218063,"href":"https:\/\/www.elsinodaldetamaulipas.com.mx\/index.php?rest_route=\/wp\/v2\/posts\/218062\/revisions\/218063"}],"wp:featuredmedia":[{"embeddable":true,"href":"https:\/\/www.elsinodaldetamaulipas.com.mx\/index.php?rest_route=\/wp\/v2\/media\/213874"}],"wp:attachment":[{"href":"https:\/\/www.elsinodaldetamaulipas.com.mx\/index.php?rest_route=%2Fwp%2Fv2%2Fmedia&parent=218062"}],"wp:term":[{"taxonomy":"category","embeddable":true,"href":"https:\/\/www.elsinodaldetamaulipas.com.mx\/index.php?rest_route=%2Fwp%2Fv2%2Fcategories&post=218062"},{"taxonomy":"post_tag","embeddable":true,"href":"https:\/\/www.elsinodaldetamaulipas.com.mx\/index.php?rest_route=%2Fwp%2Fv2%2Ftags&post=218062"}],"curies":[{"name":"wp","href":"https:\/\/api.w.org\/{rel}","templated":true}]}}