{"id":218064,"date":"2026-01-28T21:19:52","date_gmt":"2026-01-29T01:19:52","guid":{"rendered":"https:\/\/www.elsinodaldetamaulipas.com.mx\/?p=218064"},"modified":"2026-01-28T21:19:52","modified_gmt":"2026-01-29T01:19:52","slug":"tamaulipas-acelera-con-respaldo-presidencial","status":"publish","type":"post","link":"https:\/\/www.elsinodaldetamaulipas.com.mx\/?p=218064","title":{"rendered":"TAMAULIPAS ACELERA CON RESPALDO PRESIDENCIAL"},"content":{"rendered":"<div class=\"post-content\">\n<p>A MI MANERA<\/p>\n<p>Por Tello Montes<\/p>\n<p>&nbsp;<\/p>\n<p>-UAT refuerza el cuidado emocional de su comunidad universitaria.<\/p>\n<ul class=\"wp-block-list\">\n<li>Unidad institucional marca el Bicentenario de Matamoros.<\/li>\n<\/ul>\n<p>La visita de la presidenta Claudia Sheinbaum Pardo a Tamaulipas fue altamente fruct\u00edfera y confirm\u00f3 que el estado avanza con rumbo claro y plena coordinaci\u00f3n con el Gobierno de M\u00e9xico, afirm\u00f3 el gobernador Am\u00e9rico Villarreal Anaya, al destacar acuerdos y compromisos que se traducen en bienestar directo para la poblaci\u00f3n.<\/p>\n<p>Como resultado de esta gira, se ratific\u00f3 una inversi\u00f3n federal superior a los 24 mil 500 millones de pesos en programas sociales que beneficiar\u00e1n a m\u00e1s de 866 mil tamaulipecas y tamaulipecos, adem\u00e1s de recursos millonarios destinados a salud, infraestructura carretera, vivienda, seguridad, energ\u00eda e hidr\u00e1ulica.<\/p>\n<p>Am\u00e9rico Villarreal subray\u00f3 que no se trat\u00f3 solo de una visita institucional, sino de una jornada de alto contenido pol\u00edtico y social, alineada a los principio de justicia y bienestar que distinguen a la Cuarta Transformaci\u00f3n.<\/p>\n<p>\u201cSe gobierna para que el desarrollo llegue a la vida cotidiana de la gente, con equidad, dignidad y sentido humano\u201d, expres\u00f3.<\/p>\n<p>Entre los anuncios m\u00e1s relevantes destaca la inauguraci\u00f3n, en el primer semestre de 2026, del Hospital General del ISSSTE en Tampico, as\u00ed como nuevas inversiones en radiooncolog\u00eda, carreteras estrat\u00e9gicas, el tren de pasajeros Saltillo\u2013Nuevo Laredo, vivienda social, estaciones seguras y una hist\u00f3rica inversi\u00f3n en infraestructura hidr\u00e1ulica para garantizar el abasto de agua.<\/p>\n<p>Asimismo, se reafirm\u00f3 el papel de Tamaulipas como estado clave para el desarrollo econ\u00f3mico nacional, con proyectos log\u00edsticos y productivos en Altamira y la regi\u00f3n fronteriza.<\/p>\n<p>La gira presidencial dej\u00f3 acuerdos concretos, recursos asegurados y un mensaje pol\u00edtico claro: Tamaulipas es prioridad para la transformaci\u00f3n del pa\u00eds y avanza de la mano del Gobierno Federal.<\/p>\n<p>EN OTRO TEMA\u2026 La Universidad Aut\u00f3noma de Tamaulipas da un paso firme en favor del bienestar integral de su comunidad al anunciar la creaci\u00f3n de la Brigada de Primeros Auxilios Psicol\u00f3gicos (PAP), una iniciativa que coloca la salud emocional de las y los universitarios como una prioridad institucional.<\/p>\n<p>El rector D\u00e1maso Anaya Alvarado destac\u00f3 que este proyecto, impulsado por la Unidad Acad\u00e9mica de Trabajo Social y Ciencias para el Desarrollo Humano, busca formar brigadistas capacitados para brindar contenci\u00f3n, acompa\u00f1amiento y orientaci\u00f3n inmediata en situaciones de crisis, bajo un enfoque \u00e9tico, profesional y profundamente humano.<\/p>\n<p>La convocatoria est\u00e1 dirigida a estudiantes, docentes y personal administrativo interesados en recibir una capacitaci\u00f3n especializada de 60 horas, que incluye protocolos de intervenci\u00f3n, herramientas pr\u00e1cticas, simulacros y estrategias de autocuidado, con el objetivo de fortalecer la capacidad de respuesta ante emergencias emocionales dentro del entorno universitario.<\/p>\n<p>Con esta acci\u00f3n, la UAT no s\u00f3lo ampl\u00eda sus mecanismos de atenci\u00f3n, sino que consolida espacios m\u00e1s seguros, emp\u00e1ticos y preparados, donde el bienestar emocional es entendido como parte fundamental del desarrollo acad\u00e9mico y personal.<\/p>\n<p>El registro para integrarse a la brigada permanecer\u00e1 abierto hasta el 2 de febrero, mientras que la capacitaci\u00f3n iniciar\u00e1 los d\u00edas 4 y 5 de febrero. La convocatoria completa puede consultarse en la p\u00e1gina oficial de la UATSCDH y en el Centro de Atenci\u00f3n para el Desarrollo Humano del Campus Victoria.<\/p>\n<p>Y PARA CERRAR CON BROCHE DE ORO\u2026 En el marco del 200 aniversario de la fundaci\u00f3n de Matamoros, la ciudad vivi\u00f3 una jornada solemne y significativa con la realizaci\u00f3n de la Tercera Sesi\u00f3n Solemne de Cabildo, encabezada por el presidente municipal Alberto Granados, quien fungi\u00f3 como anfitri\u00f3n de un acto cargado de identidad, reconocimiento y visi\u00f3n de futuro.<\/p>\n<p>En representaci\u00f3n del gobernador de Tamaulipas, Am\u00e9rico Villarreal Anaya, acudi\u00f3 el secretario de Finanzas del Gobierno del Estado, Carlos Ir\u00e1n Ram\u00edrez Gonz\u00e1lez, refrendando el respaldo institucional del Ejecutivo estatal a una ciudad que hoy se encuentra de fiesta y en plena etapa de revaloraci\u00f3n hist\u00f3rica.<\/p>\n<p>Durante su mensaje, el alcalde Beto Granados destac\u00f3 que Matamoros ha sido forjada a trav\u00e9s de profundas transformaciones sociales, econ\u00f3micas y culturales, que han dado forma al car\u00e1cter resiliente y orgulloso de su gente. Subray\u00f3 que honrar el pasado es tambi\u00e9n una manera de fortalecer el presente y proyectar el futuro de la ciudad.<\/p>\n<p>Como parte de este acto conmemorativo, el presidente municipal anunci\u00f3 una propuesta que ser\u00e1 presentada ante el Cabildo para la creaci\u00f3n de un Muro de Honor en la intersecci\u00f3n de las avenidas Canales y Universidad, espacio destinado a preservar la memoria de las y los bomberos ca\u00eddos en cumplimiento de su deber. Asimismo, plante\u00f3 que dicho memorial sea inaugurado el 22 de agosto, y que se traslade a este punto la escultura actualmente ubicada en la estaci\u00f3n n\u00famero tres.<\/p>\n<p>De igual forma, propuso establecer el 23 de enero como el D\u00eda de los H\u00e9roes Ca\u00eddos del Heroico Cuerpo de Bomberos de Matamoros, rindiendo homenaje permanente a quienes entregaron su vida protegiendo a la comunidad.<\/p>\n<p>\u201cMatamoros reconoce, agradece y mantiene viva la memoria de quienes protegieron a su gente hasta el \u00faltimo aliento\u201d, expres\u00f3 el alcalde al recordar al Subcomandante Osvaldo Javier Cedillo L\u00f3pez, al Capit\u00e1n Instructor \u00c1ngel Gustavo Acu\u00f1a Hern\u00e1ndez y al Bombero Primero Carlos Emmanuel Hern\u00e1ndez Che.<\/p>\n<p>Al evento asistieron tambi\u00e9n la senadora Olga Sosa, el secretario del Trabajo del estado Gerardo Illoldi, diputados locales y expresidentes municipales, en una muestra de unidad institucional y respaldo a la historia, la memoria y el futuro de Matamoros.<\/p>\n<\/div>\n","protected":false},"excerpt":{"rendered":"<p>A MI MANERA Por Tello Montes &nbsp; -UAT refuerza el cuidado emocional de su comunidad universitaria. Unidad institucional marca el Bicentenario de Matamoros. La visita de la presidenta Claudia Sheinbaum Pardo a Tamaulipas fue altamente fruct\u00edfera y confirm\u00f3 que el estado avanza con rumbo claro y plena coordinaci\u00f3n con el Gobierno de M\u00e9xico, afirm\u00f3 el [&hellip;]<\/p>\n","protected":false},"author":1,"featured_media":216094,"comment_status":"closed","ping_status":"closed","sticky":false,"template":"","format":"standard","meta":{"footnotes":""},"categories":[16],"tags":[],"class_list":["post-218064","post","type-post","status-publish","format-standard","has-post-thumbnail","hentry","category-opinion"],"_links":{"self":[{"href":"https:\/\/www.elsinodaldetamaulipas.com.mx\/index.php?rest_route=\/wp\/v2\/posts\/218064","targetHints":{"allow":["GET"]}}],"collection":[{"href":"https:\/\/www.elsinodaldetamaulipas.com.mx\/index.php?rest_route=\/wp\/v2\/posts"}],"about":[{"href":"https:\/\/www.elsinodaldetamaulipas.com.mx\/index.php?rest_route=\/wp\/v2\/types\/post"}],"author":[{"embeddable":true,"href":"https:\/\/www.elsinodaldetamaulipas.com.mx\/index.php?rest_route=\/wp\/v2\/users\/1"}],"replies":[{"embeddable":true,"href":"https:\/\/www.elsinodaldetamaulipas.com.mx\/index.php?rest_route=%2Fwp%2Fv2%2Fcomments&post=218064"}],"version-history":[{"count":1,"href":"https:\/\/www.elsinodaldetamaulipas.com.mx\/index.php?rest_route=\/wp\/v2\/posts\/218064\/revisions"}],"predecessor-version":[{"id":218076,"href":"https:\/\/www.elsinodaldetamaulipas.com.mx\/index.php?rest_route=\/wp\/v2\/posts\/218064\/revisions\/218076"}],"wp:featuredmedia":[{"embeddable":true,"href":"https:\/\/www.elsinodaldetamaulipas.com.mx\/index.php?rest_route=\/wp\/v2\/media\/216094"}],"wp:attachment":[{"href":"https:\/\/www.elsinodaldetamaulipas.com.mx\/index.php?rest_route=%2Fwp%2Fv2%2Fmedia&parent=218064"}],"wp:term":[{"taxonomy":"category","embeddable":true,"href":"https:\/\/www.elsinodaldetamaulipas.com.mx\/index.php?rest_route=%2Fwp%2Fv2%2Fcategories&post=218064"},{"taxonomy":"post_tag","embeddable":true,"href":"https:\/\/www.elsinodaldetamaulipas.com.mx\/index.php?rest_route=%2Fwp%2Fv2%2Ftags&post=218064"}],"curies":[{"name":"wp","href":"https:\/\/api.w.org\/{rel}","templated":true}]}}