{"id":218068,"date":"2026-01-28T21:31:58","date_gmt":"2026-01-29T01:31:58","guid":{"rendered":"https:\/\/www.elsinodaldetamaulipas.com.mx\/?p=218068"},"modified":"2026-01-28T21:31:58","modified_gmt":"2026-01-29T01:31:58","slug":"diputada-y-dirigente-del-mc-en-sinaloa-heridos-a-balazos","status":"publish","type":"post","link":"https:\/\/www.elsinodaldetamaulipas.com.mx\/?p=218068","title":{"rendered":"DIPUTADA Y DIRIGENTE DEL MC EN SINALOA, HERIDOS A BALAZOS"},"content":{"rendered":"<p>EL SINODAL DE TAMAULIPAS<\/p>\n<p>CULIAC\u00c1N, SINALOA.- La tarde de este mi\u00e9rcoles fueron atacados a balazos los diputados locales de Movimiento Ciudadano (MC) Sergio Torres F\u00e9lix y Elizabeth Montoya Ojeda, quienes resultaron lesionados, al igual que el conductor del veh\u00edculo que tripulaban; el primero de ellos fue reportado como grave.<\/p>\n<p>La agresi\u00f3n armada ocurri\u00f3 poco antes del mediod\u00eda en la zona Centro de Culiac\u00e1n, en el sector conocido como Malec\u00f3n Viejo, cuando los legisladores se hab\u00edan retirado de una sesi\u00f3n del Congreso, para dirigirse al Aeropuerto, donde tomar\u00edan un vuelo a la Ciudad de M\u00e9xico, al parecer para una reuni\u00f3n de su partido.<\/p>\n<p>Se inform\u00f3 que tras la agresi\u00f3n los escoltas de Torres F\u00e9lix, quien fue alcalde de Culiac\u00e1n -por el PRI- solicitaron apoyo de las corporaciones policiacas mientras disparaban contra sus atacantes, llegando al lugar agentes municipales, primeramente, para acordonar la zona y buscar a los responsables, incluso apoyados por un helic\u00f3ptero.<\/p>\n<p>Los legisladores viajaban a bordo de una camioneta Audi de color blanco, propiedad de Torres F\u00e9lix, mientras que sus escoltas circulaban en otro veh\u00edculo tipo sed\u00e1n.<\/p>\n<p>Tras los hechos fue encontrado abandonado un veh\u00edculo Nissan Versa de color blanco, el cual presentaba impactos de bala en el cristal trasero, y presuntamente habr\u00eda sido utilizado por los agresores; la unidad fue abandonada sobre la calle Rafael Buelna, cerca de la preparatoria de la Universidad Aut\u00f3noma de Sinaloa (UAS) en el Centro de Culiac\u00e1n.<\/p>\n<p>El gobernador Rub\u00e9n Rocha Moya acudi\u00f3 al hospital donde fueron internados los legisladores, en medio de un fuerte operativo policiaco, y confirm\u00f3 que Torres F\u00e9lix hab\u00eda sido intervenido quir\u00fargicamente y los m\u00e9dicos lo reportaron en condici\u00f3n grave; tras la operaci\u00f3n el diputado fue pasado al \u00e1rea de terapia intensiva, con un pron\u00f3stico reservado.<\/p>\n<p>El mandatario estatal agreg\u00f3 que pudo ver y conversar con la diputada Elizabeth Montoya Ojeda, quien present\u00f3 lesiones que no ponen en riesgo su vida, sin embargo, expuso, deber\u00e1 ser intervenida con cirug\u00edas de reconstrucci\u00f3n; la legisladora habr\u00eda recibido al menos un impacto de bala en el rostro.<\/p>\n<p>Rocha Moya a\u00f1adi\u00f3 que se comunic\u00f3 con la presidenta Claudia Sheinbaum para informarle lo ocurrido, y se\u00f1al\u00f3 que el secretario de Seguridad y Protecci\u00f3n Ciudadana federal, Omar Garc\u00eda Harfuch, envi\u00f3 esta misma tarde a una c\u00e9lula de inteligencia especializada para investigar la agresi\u00f3n a los legisladores.<\/p>\n<p>De acuerdo con la Secretar\u00eda de Seguridad P\u00fablica de Sinaloa, los escoltas del diputado y ex alcalde de Culiac\u00e1n, Sergio Torres F\u00e9lix, repelieron la agresi\u00f3n y uno de ellos result\u00f3 herido de bala; el oficial fue identificado como Gonzalo \u201cN\u201d, y se precis\u00f3 que las lesiones recibidas no ponen en peligro su vida.<\/p>\n<p>Sergio Torres F\u00e9lix fue alcalde de Culiac\u00e1n, por el PRI, del 2014 al 2016, y actualmente, adem\u00e1s de diputado local, es tambi\u00e9n dirigente estatal del partido Movimiento Ciudadano.<\/p>\n<p>&nbsp;<\/p>\n","protected":false},"excerpt":{"rendered":"<p>EL SINODAL DE TAMAULIPAS CULIAC\u00c1N, SINALOA.- La tarde de este mi\u00e9rcoles fueron atacados a balazos los diputados locales de Movimiento Ciudadano (MC) Sergio Torres F\u00e9lix y Elizabeth Montoya Ojeda, quienes resultaron lesionados, al igual que el conductor del veh\u00edculo que tripulaban; el primero de ellos fue reportado como grave. La agresi\u00f3n armada ocurri\u00f3 poco antes [&hellip;]<\/p>\n","protected":false},"author":1,"featured_media":218077,"comment_status":"closed","ping_status":"closed","sticky":false,"template":"","format":"standard","meta":{"footnotes":""},"categories":[4,1],"tags":[],"class_list":["post-218068","post","type-post","status-publish","format-standard","has-post-thumbnail","hentry","category-nacional","category-portada"],"_links":{"self":[{"href":"https:\/\/www.elsinodaldetamaulipas.com.mx\/index.php?rest_route=\/wp\/v2\/posts\/218068","targetHints":{"allow":["GET"]}}],"collection":[{"href":"https:\/\/www.elsinodaldetamaulipas.com.mx\/index.php?rest_route=\/wp\/v2\/posts"}],"about":[{"href":"https:\/\/www.elsinodaldetamaulipas.com.mx\/index.php?rest_route=\/wp\/v2\/types\/post"}],"author":[{"embeddable":true,"href":"https:\/\/www.elsinodaldetamaulipas.com.mx\/index.php?rest_route=\/wp\/v2\/users\/1"}],"replies":[{"embeddable":true,"href":"https:\/\/www.elsinodaldetamaulipas.com.mx\/index.php?rest_route=%2Fwp%2Fv2%2Fcomments&post=218068"}],"version-history":[{"count":1,"href":"https:\/\/www.elsinodaldetamaulipas.com.mx\/index.php?rest_route=\/wp\/v2\/posts\/218068\/revisions"}],"predecessor-version":[{"id":218078,"href":"https:\/\/www.elsinodaldetamaulipas.com.mx\/index.php?rest_route=\/wp\/v2\/posts\/218068\/revisions\/218078"}],"wp:featuredmedia":[{"embeddable":true,"href":"https:\/\/www.elsinodaldetamaulipas.com.mx\/index.php?rest_route=\/wp\/v2\/media\/218077"}],"wp:attachment":[{"href":"https:\/\/www.elsinodaldetamaulipas.com.mx\/index.php?rest_route=%2Fwp%2Fv2%2Fmedia&parent=218068"}],"wp:term":[{"taxonomy":"category","embeddable":true,"href":"https:\/\/www.elsinodaldetamaulipas.com.mx\/index.php?rest_route=%2Fwp%2Fv2%2Fcategories&post=218068"},{"taxonomy":"post_tag","embeddable":true,"href":"https:\/\/www.elsinodaldetamaulipas.com.mx\/index.php?rest_route=%2Fwp%2Fv2%2Ftags&post=218068"}],"curies":[{"name":"wp","href":"https:\/\/api.w.org\/{rel}","templated":true}]}}