{"id":218069,"date":"2026-01-28T21:09:12","date_gmt":"2026-01-29T01:09:12","guid":{"rendered":"https:\/\/www.elsinodaldetamaulipas.com.mx\/?p=218069"},"modified":"2026-01-28T21:09:12","modified_gmt":"2026-01-29T01:09:12","slug":"discutieron-andy-y-su-padre-amlo","status":"publish","type":"post","link":"https:\/\/www.elsinodaldetamaulipas.com.mx\/?p=218069","title":{"rendered":"\u00bfDISCUTIERON ANDY Y SU PADRE AMLO&#8230;?"},"content":{"rendered":"<div class=\"post-content\">\n<p>EXPEDIENTE<\/p>\n<p>Azahel Jaramillo H.<\/p>\n<p>&nbsp;<\/p>\n<p><strong>\u00a0 \u00a0 \u00a0 \u00a0 \u00a0 \u00a0 \u00a0 \u00a0 \u00a0 \u00a0 \u00a0La informaci\u00f3n que trasciende es que en fin de a\u00f1o o bien en los primeros de este mes de enero los hermanos Andy y Gonzalo L\u00f3pez Beltr\u00e1n tuvieron en Palenque, Chiapas, una reuni\u00f3n con su padre Andr\u00e9s Manuel L\u00f3pez Obrador, donde le echaron en cara a su pap\u00e1 el haber dejado en la Presidencia a Claudia Sheinbaum Pardo.<\/strong><\/p>\n<p><strong>\u00a0 \u00a0 \u00a0 \u00a0 \u00a0Tal es la informaci\u00f3n que en su portal \u00abC\u00f3digo Magenta\u00bb, en video comenta, revela el periodista regiomontano Ram\u00f3n Alberto Garza Garc\u00eda, de 70 a\u00f1os, quien se ha desempe\u00f1ado como vicepresidente de Televisa y director editorial de Reforma, de 1993 al a\u00f1o 2000.\u00a0<\/strong><\/p>\n<p><strong>\u00a0 \u00a0 \u00a0 \u00a0Ram\u00f3n Alberto Garza ni es nuevo en el periodismo ni tampoco\u2014creo yo\u2013 es af\u00edn a ning\u00fan partido pol\u00edtico.\u00a0\u00a0<\/strong><\/p>\n<p><strong>\u00a0 \u00a0 Revela\u00a0 Ram\u00f3n Alberto que Andy\u2013Secretario de Organizaci\u00f3n de MORENA\u2014le dijo a su padre que fue una torpeza haber dejado a la Dra. Sheinbaum en el cargo de Presidenta, argumentando que a ellos, Gonzalo y Andy \u00abni los defiende, ni los protege y en un descuido los va a entregar a ellos e incluso\u00a0 su pap\u00e1]\u00bb.\u00a0<\/strong><\/p>\n<p><strong>\u00a0 \u00a0 \u00a0 \u00a0 \u00a0 A\u00f1ade Ram\u00f3n Alberto: \u00abEs decir, Andy L\u00f3pez Beltr\u00e1n esta hoy en el peor de los mundos, porque por un lado rompi\u00f3 con su pap\u00e1. Se habla que el rompimiento fue bastante serio porque fue un pleito de gritos. Y por otro lado porque rompi\u00f3 o est\u00e1 rompiendo con la Presidenta. \u00bfY eso qu\u00e9 significa? Que la Presidenta se dio cuenta de que si el d\u00eda de ma\u00f1ana los americanos quieren venir, entre otros por Andy L\u00f3pez Beltr\u00e1n, involucrado en el huachicol, pues \u2026\u00bfqu\u00e9 va a suceder? \u00bfVan a llevarse al Secretario de Organizaci\u00f3n de MORENA o mejor lo quitamos ahorita para que ya no manche el nombre de MORENA o se manche lo menos posible\u00bb.\u00a0<\/strong><\/p>\n<p><strong>\u00a0 \u00a0 \u00a0 \u00a0 Por lo tanto hay quien dice a la Presidenta que saque a Luisa Mar\u00eda Alcalde del partido y le d\u00e9 oportunidad en el gabinete presidencial, y coloque ah\u00ed a un personaje leal a ella o a alguien que la lleve bien con ella y con AMLO, comenta el periodista Ram\u00f3n Alberto.\u00a0<\/strong><\/p>\n<p><strong>\u00a0 \u00a0 \u00a0 \u00a0A esta versi\u00f3n, hay que a\u00f1adir que en este mes de enero,\u00a0 la Presidenta Sheinbaum convoc\u00f3 a Palacio Nacional a la presidenta nacional de MORENA, Luisa Mar\u00eda Alcalde, de 37 a\u00f1os\u00a0 de edad y al secretario de organizaci\u00f3n de ese partido, Andy L\u00f3pez Beltr\u00e1n, de 39 a\u00f1o0s de edad para pedirles informaci\u00f3n sobre la marcha del partido. Trasciende que Luisa Mar\u00eda fue receptiva pero que \u2013dice Ram\u00f3n Alberto\u2013,y que \u00abAndy habr\u00eda sido grosero con la Presidenta,\u00a0 diciendo que \u00e9l solamente le informa a su pap\u00e1\u00bb.\u00a0<\/strong><\/p>\n<p><strong>\u00a0 \u00a0 \u00a0 \u00a0 \u00a0La Presidenta se indigna, se acaba abruptamente la reuni\u00f3n , y le dice a Andy : \u00abNo te olvides, t\u00fa no tienes fuero\u00bb.\u00a0 Veremos pues qu\u00e9 pasa en las semanas siguiente en el pa\u00eds.<\/strong><\/p>\n<p><strong>\u00a0 \u00a0 \u00a0 \u00a0 \u00a0 \u00a0IMPLEMENTAN CAPACITACI\u00d3N A MOTOCICLISTTAS\u00a0 \u00a0 \u00a0 \u00a0 \u00a0 \u00a0 \u00a0 \u00a0 \u00a0 \u00a0 \u00a0 \u00a0 \u00a0 \u00a0 \u00a0 \u00a0 \u00a0 \u00a0 \u00a0\u00a0<\/strong><\/p>\n<p><strong>\u00a0 \u00a0 \u00a0 \u00a0 \u00a0 \u00a0 \u00a0 \u00a0En raz\u00f3n del incremento del uso de motocicletas como medio de transporte y para fortalecer la seguridad vial, la Secretar\u00eda de Salud implementa acciones preventivas, de capacitaci\u00f3n y normatividad para la adecuada conducci\u00f3n de este tipo de veh\u00edculos.<\/strong><\/p>\n<p><strong>El secretario de Salud, Dr. Vicente Joel Hern\u00e1ndez Navarro, dijo que con el aumento de este transporte, que tambi\u00e9n es una herramienta de trabajo, a trav\u00e9s del departamento de Prevenci\u00f3n de Accidentes, se realizan actividades de concientizaci\u00f3n, as\u00ed como capacitaciones para reforzar la labor vial y la aplicaci\u00f3n de los reglamentos estatales y de tr\u00e1nsito.<\/strong><\/p>\n<p><strong>\u201cEstamos trabajando en la estrategia del gobierno de la doctora Claudia Sheinbaum Pardo y coordinada por el Secretariado T\u00e9cnico del Consejo Nacional para la Prevenci\u00f3n de Accidentes (STCONAPRA) la cual tiene como principal objetivo, sensibilizar a la poblaci\u00f3n sobre el riesgo que representa este transporte sino tomamos las medidas adecuadas para su uso y protecci\u00f3n\u201d, comenta el Dr. Vicente Joel . NOS VEMOS.<\/strong><\/p>\n<\/div>\n","protected":false},"excerpt":{"rendered":"<p>EXPEDIENTE Azahel Jaramillo H. &nbsp; \u00a0 \u00a0 \u00a0 \u00a0 \u00a0 \u00a0 \u00a0 \u00a0 \u00a0 \u00a0 \u00a0La informaci\u00f3n que trasciende es que en fin de a\u00f1o o bien en los primeros de este mes de enero los hermanos Andy y Gonzalo L\u00f3pez Beltr\u00e1n tuvieron en Palenque, Chiapas, una reuni\u00f3n con su padre Andr\u00e9s Manuel L\u00f3pez Obrador, [&hellip;]<\/p>\n","protected":false},"author":1,"featured_media":216297,"comment_status":"closed","ping_status":"closed","sticky":false,"template":"","format":"standard","meta":{"footnotes":""},"categories":[16],"tags":[],"class_list":["post-218069","post","type-post","status-publish","format-standard","has-post-thumbnail","hentry","category-opinion"],"_links":{"self":[{"href":"https:\/\/www.elsinodaldetamaulipas.com.mx\/index.php?rest_route=\/wp\/v2\/posts\/218069","targetHints":{"allow":["GET"]}}],"collection":[{"href":"https:\/\/www.elsinodaldetamaulipas.com.mx\/index.php?rest_route=\/wp\/v2\/posts"}],"about":[{"href":"https:\/\/www.elsinodaldetamaulipas.com.mx\/index.php?rest_route=\/wp\/v2\/types\/post"}],"author":[{"embeddable":true,"href":"https:\/\/www.elsinodaldetamaulipas.com.mx\/index.php?rest_route=\/wp\/v2\/users\/1"}],"replies":[{"embeddable":true,"href":"https:\/\/www.elsinodaldetamaulipas.com.mx\/index.php?rest_route=%2Fwp%2Fv2%2Fcomments&post=218069"}],"version-history":[{"count":1,"href":"https:\/\/www.elsinodaldetamaulipas.com.mx\/index.php?rest_route=\/wp\/v2\/posts\/218069\/revisions"}],"predecessor-version":[{"id":218070,"href":"https:\/\/www.elsinodaldetamaulipas.com.mx\/index.php?rest_route=\/wp\/v2\/posts\/218069\/revisions\/218070"}],"wp:featuredmedia":[{"embeddable":true,"href":"https:\/\/www.elsinodaldetamaulipas.com.mx\/index.php?rest_route=\/wp\/v2\/media\/216297"}],"wp:attachment":[{"href":"https:\/\/www.elsinodaldetamaulipas.com.mx\/index.php?rest_route=%2Fwp%2Fv2%2Fmedia&parent=218069"}],"wp:term":[{"taxonomy":"category","embeddable":true,"href":"https:\/\/www.elsinodaldetamaulipas.com.mx\/index.php?rest_route=%2Fwp%2Fv2%2Fcategories&post=218069"},{"taxonomy":"post_tag","embeddable":true,"href":"https:\/\/www.elsinodaldetamaulipas.com.mx\/index.php?rest_route=%2Fwp%2Fv2%2Ftags&post=218069"}],"curies":[{"name":"wp","href":"https:\/\/api.w.org\/{rel}","templated":true}]}}