{"id":218071,"date":"2026-01-28T21:16:46","date_gmt":"2026-01-29T01:16:46","guid":{"rendered":"https:\/\/www.elsinodaldetamaulipas.com.mx\/?p=218071"},"modified":"2026-01-28T21:16:46","modified_gmt":"2026-01-29T01:16:46","slug":"feliz-bicentenario-a-matamoros","status":"publish","type":"post","link":"https:\/\/www.elsinodaldetamaulipas.com.mx\/?p=218071","title":{"rendered":"FELIZ BICENTENARIO A MATAMOROS"},"content":{"rendered":"<p>DE PRIMERA \u2026\u2026\u2026\u2026LA DAMA DE LA NOTICIA<\/p>\n<p>POR ARABELA GARCIA\u2026\u2026<\/p>\n<p>&nbsp;<\/p>\n<p><strong>Matamoros: El peso de dos siglos y la deuda con el honor<\/strong><\/p>\n<p>Este 28 de enero no es un d\u00eda m\u00e1s en el calendario. Matamoros cumple 200 a\u00f1os y, al hacerlo, nos recuerda que la grandeza de una ciudad no se improvisa; se construye a sangre, fuego y una persistencia que raya en lo imposible. Lo que hoy pisamos es el resultado de una lucha social, pol\u00edtica y econ\u00f3mica que ha tomado dos siglos moldear. Es el sedimento de quienes llegaron y de quienes se fueron, de migrantes y oriundos que dejaron, a veces, apenas un \u00abgrano de mostaza\u00bb de esfuerzo. Pero en la historia, ning\u00fan grano es peque\u00f1o: cada acci\u00f3n es un eslab\u00f3n, y cada eslab\u00f3n roto es un retraso que nuestra gente ya no puede permitirse.<\/p>\n<p>Hoy fue un d\u00eda de contrastes necesarios. Por un lado, el protocolo y la algarab\u00eda; por otro, el silencio de la reflexi\u00f3n. Vimos al Cabildo en pleno, sonrientes en las fiestas y presentes en la sesi\u00f3n solemne. La foto es hist\u00f3rica, s\u00ed, pero la historia es una jueza implacable que no se conforma con im\u00e1genes. A esos s\u00edndicos y regidores que hoy firmaron el libro de honor, el pueblo los observa. No basta con ser \u00ablevantadedos\u00bb en una ceremonia bien producida; el cargo es una misi\u00f3n, no un adorno. Deben entender que el mismo pueblo que los puso ah\u00ed, les demandar\u00e1 si su paso por el poder fue para sumar o para \u00abrasurar\u00bb el crecimiento de esta tierra. No volteen la cara a la cr\u00edtica; sean emp\u00e1ticos con el momento que les toca vivir. La historia no los juzgar\u00e1 por su asistencia a un concierto, sino por su capacidad de ser eslabones fuertes en esta cadena llamada Matamoros.<\/p>\n<p>La develaci\u00f3n de la placa y la c\u00e1psula del tiempo son s\u00edmbolos de lo que queremos dejar al futuro, pero el verdadero legado de este Bicentenario se sell\u00f3 con un anuncio doloroso y necesario. El alcalde Alberto Granados ha hecho justicia a la memoria al anunciar el \u00abMuro de Honor\u00bb. No podemos celebrar 200 a\u00f1os de ser \u00abHeroica\u00bb sin honrar a los h\u00e9roes de carne y hueso que perdimos hace apenas unos d\u00edas.<\/p>\n<p>El sacrificio del Comandante Osvaldo Javier Cedillo L\u00f3pez, y de los j\u00f3venes \u00c1ngel Gustavo Acu\u00f1a y Carlos Emmanuel Hern\u00e1ndez \u2014quien con apenas 18 a\u00f1os ya serv\u00eda a su ciudad\u2014, es el recordatorio m\u00e1s crudo de lo que significa el deber. Ellos no murieron en una batalla de 1846, murieron en el 2026, defendiendo nuestra integridad en el incendio de Finsa. Que el 23 de enero sea, a partir de ahora, un homenaje anual, es el acto de madurez pol\u00edtica que la ciudad necesitaba. Un gobierno hace historia cuando reconoce que su mayor tesoro es su gente.<\/p>\n<p>Matamoros es el escudo y la puerta de M\u00e9xico. Hemos pasado del algod\u00f3n a la maquila, de las invasiones extranjeras a los reacomodos globales, siempre con un coraz\u00f3n indomable. Pero hoy, al cerrar este d\u00eda hist\u00f3rico, la reflexi\u00f3n debe ser profunda: \u00bfQu\u00e9 grano de mostaza estamos aportando nosotros? La identidad matamorense se mantiene firme ante las crisis, pero solo crecer\u00e1 si quienes nos dirigen comprenden que su firma en el libro de la historia se escribe con trabajo real, no con tinta de protocolo.<\/p>\n<p>Felicidades, Matamoros, por tus 200 a\u00f1os. Que el honor de los ca\u00eddos y la exigencia de los vivos sean la br\u00fajula para los siglos que vienen.<\/p>\n<p>SUGERENCIAS Y COMENTARIOS\u00a0<a href=\"mailto:arabelagarcia01@hotmail.com\" target=\"_blank\" rel=\"noreferrer noopener\">arabelagarcia01@hotmail.com<\/a><\/p>\n","protected":false},"excerpt":{"rendered":"<p>DE PRIMERA \u2026\u2026\u2026\u2026LA DAMA DE LA NOTICIA POR ARABELA GARCIA\u2026\u2026 &nbsp; Matamoros: El peso de dos siglos y la deuda con el honor Este 28 de enero no es un d\u00eda m\u00e1s en el calendario. Matamoros cumple 200 a\u00f1os y, al hacerlo, nos recuerda que la grandeza de una ciudad no se improvisa; se construye [&hellip;]<\/p>\n","protected":false},"author":1,"featured_media":213951,"comment_status":"closed","ping_status":"closed","sticky":false,"template":"","format":"standard","meta":{"footnotes":""},"categories":[16],"tags":[],"class_list":["post-218071","post","type-post","status-publish","format-standard","has-post-thumbnail","hentry","category-opinion"],"_links":{"self":[{"href":"https:\/\/www.elsinodaldetamaulipas.com.mx\/index.php?rest_route=\/wp\/v2\/posts\/218071","targetHints":{"allow":["GET"]}}],"collection":[{"href":"https:\/\/www.elsinodaldetamaulipas.com.mx\/index.php?rest_route=\/wp\/v2\/posts"}],"about":[{"href":"https:\/\/www.elsinodaldetamaulipas.com.mx\/index.php?rest_route=\/wp\/v2\/types\/post"}],"author":[{"embeddable":true,"href":"https:\/\/www.elsinodaldetamaulipas.com.mx\/index.php?rest_route=\/wp\/v2\/users\/1"}],"replies":[{"embeddable":true,"href":"https:\/\/www.elsinodaldetamaulipas.com.mx\/index.php?rest_route=%2Fwp%2Fv2%2Fcomments&post=218071"}],"version-history":[{"count":1,"href":"https:\/\/www.elsinodaldetamaulipas.com.mx\/index.php?rest_route=\/wp\/v2\/posts\/218071\/revisions"}],"predecessor-version":[{"id":218072,"href":"https:\/\/www.elsinodaldetamaulipas.com.mx\/index.php?rest_route=\/wp\/v2\/posts\/218071\/revisions\/218072"}],"wp:featuredmedia":[{"embeddable":true,"href":"https:\/\/www.elsinodaldetamaulipas.com.mx\/index.php?rest_route=\/wp\/v2\/media\/213951"}],"wp:attachment":[{"href":"https:\/\/www.elsinodaldetamaulipas.com.mx\/index.php?rest_route=%2Fwp%2Fv2%2Fmedia&parent=218071"}],"wp:term":[{"taxonomy":"category","embeddable":true,"href":"https:\/\/www.elsinodaldetamaulipas.com.mx\/index.php?rest_route=%2Fwp%2Fv2%2Fcategories&post=218071"},{"taxonomy":"post_tag","embeddable":true,"href":"https:\/\/www.elsinodaldetamaulipas.com.mx\/index.php?rest_route=%2Fwp%2Fv2%2Ftags&post=218071"}],"curies":[{"name":"wp","href":"https:\/\/api.w.org\/{rel}","templated":true}]}}