{"id":218075,"date":"2026-01-28T22:45:43","date_gmt":"2026-01-29T02:45:43","guid":{"rendered":"https:\/\/www.elsinodaldetamaulipas.com.mx\/?p=218075"},"modified":"2026-01-28T22:45:43","modified_gmt":"2026-01-29T02:45:43","slug":"chofer-de-camion-muere-calcinado-en-encontronazo","status":"publish","type":"post","link":"https:\/\/www.elsinodaldetamaulipas.com.mx\/?p=218075","title":{"rendered":"CHOFER DE CAMI\u00d3N MUERE CALCINADO EN ENCONTRONAZO"},"content":{"rendered":"<p><strong>El accidente registrado en la carretera Victoria<\/strong><\/p>\n<p><strong>\u2013Zaragoza dej\u00f3 adem\u00e1s a otra persona herida<\/strong><\/p>\n<p>&nbsp;<\/p>\n<p><em>Agencia ANTAM\/EL SINODAL DE TAMAULIPAS<\/em><\/p>\n<p>Cd. Victoria, Tamaulipas.\u2014 La carretera Victoria\u2013Zaragoza volvi\u00f3 a te\u00f1irse de rojo luego de que un conductor muriera calcinado cuando el cami\u00f3n que conduc\u00eda chocara contra otro veh\u00edculo, volcando e incendi\u00e1ndose por completo, accidente que paraliz\u00f3 la circulaci\u00f3n y moviliz\u00f3 a cuerpos de emergencia.<\/p>\n<p>&nbsp;<\/p>\n<p>El siniestro ocurri\u00f3 en el kil\u00f3metro 24 de la v\u00eda federal, donde la unidad de carga, propiedad de la empresa Vicmart y cargada con mariscos, hab\u00eda salido de Monterrey cuando se produjo el impacto que desencaden\u00f3 la volcadura y el incendio total del veh\u00edculo.<\/p>\n<p>&nbsp;<\/p>\n<p>Entre las llamas y el humo, param\u00e9dicos de la Cruz Roja lograron rescatar al acompa\u00f1ante del conductor, quien sobrevivi\u00f3 al accidente, aunque con lesiones de consideraci\u00f3n, por lo que fue trasladado de urgencia a un hospital de la regi\u00f3n.<\/p>\n<p>&nbsp;<\/p>\n<p>Elementos de Protecci\u00f3n Civil, Guardia Estatal y personal de auxilio trabajaron durante horas para sofocar el fuego, retirar los restos calcinados de la unidad y asegurar la zona, lo que oblig\u00f3 al cierre total del tramo carretero, generando largas filas de veh\u00edculos y afectaciones al tr\u00e1nsito regional.<\/p>\n<p>&nbsp;<\/p>\n<p>Las autoridades iniciaron las investigaciones para determinar las causas del accidente, sin descartar factores como exceso de velocidad, fallas mec\u00e1nicas o condiciones de la carpeta asf\u00e1ltica.<\/p>\n<p>&nbsp;<\/p>\n<p>El tramo Victoria\u2013Zaragoza, considerado uno de los m\u00e1s transitados del centro del estado, suma as\u00ed un nuevo episodio de fatalidad, en medio de llamados reiterados a reforzar las medidas de seguridad vial y prevenci\u00f3n de accidentes.<\/p>\n","protected":false},"excerpt":{"rendered":"<p>El accidente registrado en la carretera Victoria \u2013Zaragoza dej\u00f3 adem\u00e1s a otra persona herida &nbsp; Agencia ANTAM\/EL SINODAL DE TAMAULIPAS Cd. Victoria, Tamaulipas.\u2014 La carretera Victoria\u2013Zaragoza volvi\u00f3 a te\u00f1irse de rojo luego de que un conductor muriera calcinado cuando el cami\u00f3n que conduc\u00eda chocara contra otro veh\u00edculo, volcando e incendi\u00e1ndose por completo, accidente que paraliz\u00f3 [&hellip;]<\/p>\n","protected":false},"author":1,"featured_media":218094,"comment_status":"closed","ping_status":"closed","sticky":false,"template":"","format":"standard","meta":{"footnotes":""},"categories":[25,1],"tags":[],"class_list":["post-218075","post","type-post","status-publish","format-standard","has-post-thumbnail","hentry","category-leyyorden","category-portada"],"_links":{"self":[{"href":"https:\/\/www.elsinodaldetamaulipas.com.mx\/index.php?rest_route=\/wp\/v2\/posts\/218075","targetHints":{"allow":["GET"]}}],"collection":[{"href":"https:\/\/www.elsinodaldetamaulipas.com.mx\/index.php?rest_route=\/wp\/v2\/posts"}],"about":[{"href":"https:\/\/www.elsinodaldetamaulipas.com.mx\/index.php?rest_route=\/wp\/v2\/types\/post"}],"author":[{"embeddable":true,"href":"https:\/\/www.elsinodaldetamaulipas.com.mx\/index.php?rest_route=\/wp\/v2\/users\/1"}],"replies":[{"embeddable":true,"href":"https:\/\/www.elsinodaldetamaulipas.com.mx\/index.php?rest_route=%2Fwp%2Fv2%2Fcomments&post=218075"}],"version-history":[{"count":1,"href":"https:\/\/www.elsinodaldetamaulipas.com.mx\/index.php?rest_route=\/wp\/v2\/posts\/218075\/revisions"}],"predecessor-version":[{"id":218095,"href":"https:\/\/www.elsinodaldetamaulipas.com.mx\/index.php?rest_route=\/wp\/v2\/posts\/218075\/revisions\/218095"}],"wp:featuredmedia":[{"embeddable":true,"href":"https:\/\/www.elsinodaldetamaulipas.com.mx\/index.php?rest_route=\/wp\/v2\/media\/218094"}],"wp:attachment":[{"href":"https:\/\/www.elsinodaldetamaulipas.com.mx\/index.php?rest_route=%2Fwp%2Fv2%2Fmedia&parent=218075"}],"wp:term":[{"taxonomy":"category","embeddable":true,"href":"https:\/\/www.elsinodaldetamaulipas.com.mx\/index.php?rest_route=%2Fwp%2Fv2%2Fcategories&post=218075"},{"taxonomy":"post_tag","embeddable":true,"href":"https:\/\/www.elsinodaldetamaulipas.com.mx\/index.php?rest_route=%2Fwp%2Fv2%2Ftags&post=218075"}],"curies":[{"name":"wp","href":"https:\/\/api.w.org\/{rel}","templated":true}]}}